{"id":32957,"date":"2015-05-11T16:18:40","date_gmt":"2015-05-11T13:18:40","guid":{"rendered":"http:\/\/sana.sy\/tr\/?p=32957"},"modified":"2015-05-11T16:18:40","modified_gmt":"2015-05-11T13:18:40","slug":"gorusme-koordinasyon-ve-gorus-alisverisi-kapsaminda-oldu","status":"publish","type":"post","link":"https:\/\/archive.sana.sy\/tr\/?p=32957","title":{"rendered":"G\u00f6r\u00fc\u015fme Koordinasyon ve G\u00f6r\u00fc\u015f Al\u0131\u015fveri\u015fi Kapsam\u0131nda Oldu"},"content":{"rendered":"<p>BA\u011eDAT \u2013 Irak D\u0131\u015fi\u015fleri Bakan\u0131 \u0130brahim el Caferi bug\u00fcn Suriye&#8217;nin Ba\u011fdat B\u00fcy\u00fckel\u00e7isi Sattam Cedan el Dendah ile Suriye \u2013 Irak ili\u015fkilerine ek olarak b\u00f6lgesel ve evrensel g\u00fcndemi de\u011ferlendirdi.<\/p>\n<p>Irak D\u0131\u015fi\u015fleri Bakanl\u0131\u011f\u0131 yay\u0131nlad\u0131\u011f\u0131 ve bir n\u00fcshas\u0131n\u0131 SANA\u2019ya g\u00f6nderdi\u011fi beyan\u0131nda; Caferi ve Dendah\u2019\u0131n iki \u00fclke aras\u0131ndaki ortak \u00e7al\u0131\u015fmalar\u0131n mekanizmalar\u0131 ve ili\u015fkilerin seyrini ele ald\u0131klar\u0131n\u0131 ifade etti.<br \/>\n\u0130ki taraf\u0131n b\u00f6lgesel ve evrensel g\u00fcndem konular\u0131n\u0131 tart\u0131\u015ft\u0131klar\u0131n\u0131n kaydedildi\u011fi beyanda; b\u00f6lgede g\u00fcvenlik ve istikrar\u0131n sa\u011flanmas\u0131 y\u00f6n\u00fcnde gerekli her \u00e7aban\u0131n harcanmas\u0131 gere\u011fini vurgulad\u0131klar\u0131 ifade edildi.<\/p>\n<p>G\u00f6r\u00fc\u015fmenin ard\u0131ndan SANA\u2019ya a\u00e7\u0131klama yapan B\u00fcy\u00fckel\u00e7i Dendah; Caferi ile g\u00f6r\u00fc\u015fmesinin; b\u00f6lgesel ve evrensel bask\u0131 ve sald\u0131r\u0131lara ilaveten h\u0131r\u00e7\u0131n bir ter\u00f6re maruz kalan iki \u00fclke aras\u0131ndaki koordinasyon ve g\u00f6r\u00fc\u015f al\u0131\u015fveri\u015fi kapsam\u0131nda oldu\u011funu belirtti.<\/p>\n<p>A.A.<\/p>\n","protected":false},"excerpt":{"rendered":"<p>BA\u011eDAT \u2013 Irak D\u0131\u015fi\u015fleri Bakan\u0131 \u0130brahim el Caferi bug\u00fcn Suriye&#8217;nin Ba\u011fdat B\u00fcy\u00fckel\u00e7isi Sattam Cedan el Dendah ile Suriye \u2013 Irak ili\u015fkilerine ek olarak b\u00f6lgesel ve evrensel g\u00fcndemi de\u011ferlendirdi. Irak D\u0131\u015fi\u015fleri Bakanl\u0131\u011f\u0131 yay\u0131nlad\u0131\u011f\u0131 ve bir n\u00fcshas\u0131n\u0131 SANA\u2019ya g\u00f6nderdi\u011fi beyan\u0131nda; Caferi ve Dendah\u2019\u0131n iki \u00fclke aras\u0131ndaki ortak \u00e7al\u0131\u015fmalar\u0131n mekanizmalar\u0131 ve ili\u015fkilerin seyrini ele ald\u0131klar\u0131n\u0131 ifade etti. \u0130ki &hellip;<\/p>\n","protected":false},"author":1,"featured_media":32958,"comment_status":"closed","ping_status":"closed","sticky":false,"template":"","format":"standard","meta":{"footnotes":""},"categories":[458,459,447],"tags":[14464],"class_list":["post-32957","post","type-post","status-publish","format-standard","has-post-thumbnail","","category-dunya1","category-haberler-arap-uluslararasi-politika","category-politika","tag-bagdat-irak-disisleri-bakani-ibrahim-el-caferi-bugun-suriyenin-bagdat-buyukelcisi-sattam-cedan-el-dendah-ile-suriye-irak-iliskilerine-ek-olarak-bolgesel-ve-evrensel-gundemi-degerl"],"_links":{"self":[{"href":"https:\/\/archive.sana.sy\/tr\/index.php?rest_route=\/wp\/v2\/posts\/32957","targetHints":{"allow":["GET"]}}],"collection":[{"href":"https:\/\/archive.sana.sy\/tr\/index.php?rest_route=\/wp\/v2\/posts"}],"about":[{"href":"https:\/\/archive.sana.sy\/tr\/index.php?rest_route=\/wp\/v2\/types\/post"}],"author":[{"embeddable":true,"href":"https:\/\/archive.sana.sy\/tr\/index.php?rest_route=\/wp\/v2\/users\/1"}],"replies":[{"embeddable":true,"href":"https:\/\/archive.sana.sy\/tr\/index.php?rest_route=%2Fwp%2Fv2%2Fcomments&post=32957"}],"version-history":[{"count":0,"href":"https:\/\/archive.sana.sy\/tr\/index.php?rest_route=\/wp\/v2\/posts\/32957\/revisions"}],"wp:featuredmedia":[{"embeddable":true,"href":"https:\/\/archive.sana.sy\/tr\/index.php?rest_route=\/wp\/v2\/media\/32958"}],"wp:attachment":[{"href":"https:\/\/archive.sana.sy\/tr\/index.php?rest_route=%2Fwp%2Fv2%2Fmedia&parent=32957"}],"wp:term":[{"taxonomy":"category","embeddable":true,"href":"https:\/\/archive.sana.sy\/tr\/index.php?rest_route=%2Fwp%2Fv2%2Fcategories&post=32957"},{"taxonomy":"post_tag","embeddable":true,"href":"https:\/\/archive.sana.sy\/tr\/index.php?rest_route=%2Fwp%2Fv2%2Ftags&post=32957"}],"curies":[{"name":"wp","href":"https:\/\/api.w.org\/{rel}","templated":true}]}}