{"id":32960,"date":"2015-05-11T16:51:47","date_gmt":"2015-05-11T13:51:47","guid":{"rendered":"http:\/\/sana.sy\/tr\/?p=32960"},"modified":"2015-05-11T16:51:47","modified_gmt":"2015-05-11T13:51:47","slug":"komisyonun-gorevini-etkinlestirmek-gerekiyor","status":"publish","type":"post","link":"https:\/\/archive.sana.sy\/tr\/?p=32960","title":{"rendered":"Komisyonun G\u00f6revini Etkinle\u015ftirmek Gerekiyor"},"content":{"rendered":"<p>\u015eAM \u2013 Halk Meclisinde Ulusal Uzla\u015fma Komisyonu Ba\u015fkan\u0131 \u00d6mer Osi, komisyon \u00fcyelerinin halk aras\u0131nda geni\u015f bir kitleyi temsil etmeleriyle \u00f6zellikle uluslararas\u0131 konferanslarda olmak \u00fczere ulusal diyaloglarda yer almalar\u0131 gerekti\u011fini vurgulad\u0131.<\/p>\n<p><a href=\"http:\/\/sana.sy\/tr\/wp-content\/uploads\/2015\/05\/Komisyonun-G\u00f6revini-Etkinle\u015ftirmek-Gerekiyor-2.jpg\"><img loading=\"lazy\" decoding=\"async\" class=\"alignright wp-image-32962 size-medium\" src=\"http:\/\/sana.sy\/tr\/wp-content\/uploads\/2015\/05\/Komisyonun-G\u00f6revini-Etkinle\u015ftirmek-Gerekiyor-2-300x195.jpg\" alt=\"Komisyonun G\u00f6revini Etkinle\u015ftirmek Gerekiyor 2\" width=\"300\" height=\"195\" srcset=\"https:\/\/archive.sana.sy\/tr\/wp-content\/uploads\/2015\/05\/Komisyonun-G\u00f6revini-Etkinle\u015ftirmek-Gerekiyor-2-300x195.jpg 300w, https:\/\/archive.sana.sy\/tr\/wp-content\/uploads\/2015\/05\/Komisyonun-G\u00f6revini-Etkinle\u015ftirmek-Gerekiyor-2-150x98.jpg 150w, https:\/\/archive.sana.sy\/tr\/wp-content\/uploads\/2015\/05\/Komisyonun-G\u00f6revini-Etkinle\u015ftirmek-Gerekiyor-2-1024x666.jpg 1024w\" sizes=\"auto, (max-width: 300px) 100vw, 300px\" \/><\/a>Komisyonun bug\u00fcn ba\u015fkanl\u0131\u011f\u0131nda d\u00fczenledi\u011fi oturumda Osi; komisyon ve \u00fcyelerinin kenarlarda kalmas\u0131n\u0131 sert bir dille ele\u015ftirdi. Osi BM\u2019nin Suriye \u00f6zel temsilcisi Stafan de Mistura\u2019n\u0131n hem muhalefetten hem de devlet yanl\u0131lar\u0131 ile bir araya gelmesine ra\u011fmen Halk Meclisi \u00fcyeleri ile bir araya gelmedi\u011fine i\u015faret etti. De Mistura\u2019n\u0131n Cenevre\u2019de yapmakta oldu\u011fu isti\u015fare g\u00f6r\u00fc\u015fmeleri ard\u0131ndan komisyon \u00fcyeleri ile bir araya gelmesi gerekti\u011fini ifade eden Osi; komisyonun ulusal uzla\u015fmalarda harcad\u0131\u011f\u0131 \u00e7abalar ve sahip oldu\u011fu vizyon hakk\u0131nda bilgi almas\u0131 gerekti\u011fini s\u00f6yledi.<\/p>\n<p><a href=\"http:\/\/sana.sy\/tr\/wp-content\/uploads\/2015\/05\/Komisyonun-G\u00f6revini-Etkinle\u015ftirmek-Gerekiyor-3.jpg\"><img loading=\"lazy\" decoding=\"async\" class=\"alignright wp-image-32963 size-medium\" src=\"http:\/\/sana.sy\/tr\/wp-content\/uploads\/2015\/05\/Komisyonun-G\u00f6revini-Etkinle\u015ftirmek-Gerekiyor-3-300x198.jpg\" alt=\"Komisyonun G\u00f6revini Etkinle\u015ftirmek Gerekiyor 3\" width=\"300\" height=\"198\" srcset=\"https:\/\/archive.sana.sy\/tr\/wp-content\/uploads\/2015\/05\/Komisyonun-G\u00f6revini-Etkinle\u015ftirmek-Gerekiyor-3-300x198.jpg 300w, https:\/\/archive.sana.sy\/tr\/wp-content\/uploads\/2015\/05\/Komisyonun-G\u00f6revini-Etkinle\u015ftirmek-Gerekiyor-3-150x99.jpg 150w, https:\/\/archive.sana.sy\/tr\/wp-content\/uploads\/2015\/05\/Komisyonun-G\u00f6revini-Etkinle\u015ftirmek-Gerekiyor-3-1024x675.jpg 1024w\" sizes=\"auto, (max-width: 300px) 100vw, 300px\" \/><\/a>Osi komisyon \u00fcyelerinden d\u00fcnya parlamentolar\u0131 ile temaslar kurup h\u00fck\u00fcmetlerinin Suriye ve halk\u0131na y\u00f6nelik sava\u015fta olumlu rol oynamalar\u0131na, ter\u00f6ristlere desteklerini kesmelerine zorlanmalar\u0131 y\u00f6n\u00fcnde \u00e7aba harcamalar\u0131 gerekti\u011fini izah etmelerini talep etti.<\/p>\n<p>Suriye ordusunun ter\u00f6re kar\u015f\u0131 sava\u015f\u0131nda sergiledi\u011fi kahramanl\u0131klar\u0131n takdire \u015fayan oldu\u011funu s\u00f6yleyen Osi; Suriye&#8217;nin ordusu ve halk\u0131yla el ele zafer kazanmalar\u0131ndan ba\u015fka \u015fanslar\u0131 olmad\u0131\u011f\u0131n\u0131 vurgulad\u0131.<\/p>\n<p>Oturumda konu\u015fan komisyon \u00fcyeleri; komisyonun daha etkinle\u015ftirilmesi ve daha aktif bir rol oynamas\u0131 gerekti\u011fini ifade ederken, ba\u015fbakan yard\u0131mc\u0131s\u0131 d\u0131\u015fi\u015fleri ve gurbet\u00e7iler bakan\u0131 Velid Muallim ile bir bulu\u015fman\u0131n yap\u0131lmas\u0131 \u00f6nemine dikkat \u00e7ektiler.<\/p>\n<p>A.A.<\/p>\n","protected":false},"excerpt":{"rendered":"<p>\u015eAM \u2013 Halk Meclisinde Ulusal Uzla\u015fma Komisyonu Ba\u015fkan\u0131 \u00d6mer Osi, komisyon \u00fcyelerinin halk aras\u0131nda geni\u015f bir kitleyi temsil etmeleriyle \u00f6zellikle uluslararas\u0131 konferanslarda olmak \u00fczere ulusal diyaloglarda yer almalar\u0131 gerekti\u011fini vurgulad\u0131. Komisyonun bug\u00fcn ba\u015fkanl\u0131\u011f\u0131nda d\u00fczenledi\u011fi oturumda Osi; komisyon ve \u00fcyelerinin kenarlarda kalmas\u0131n\u0131 sert bir dille ele\u015ftirdi. Osi BM\u2019nin Suriye \u00f6zel temsilcisi Stafan de Mistura\u2019n\u0131n hem muhalefetten &hellip;<\/p>\n","protected":false},"author":1,"featured_media":32961,"comment_status":"closed","ping_status":"closed","sticky":false,"template":"","format":"standard","meta":{"footnotes":""},"categories":[479,447,478],"tags":[14466,14465],"class_list":["post-32960","post","type-post","status-publish","format-standard","has-post-thumbnail","","category-haberler-yerel","category-politika","category-yerel","tag-komisyon-uyelerinin-halk-arasinda-genis-bir-kitleyi-temsil-etmeleriyle-ozellikle-uluslararasi-konferanslarda-olmak-uzere-ulusal-diyaloglarda-yer-almalari-gerektigini-vurguladi","tag-sam-halk-meclisinde-ulusal-uzlasma-komisyonu-baskani-omer-osi"],"_links":{"self":[{"href":"https:\/\/archive.sana.sy\/tr\/index.php?rest_route=\/wp\/v2\/posts\/32960","targetHints":{"allow":["GET"]}}],"collection":[{"href":"https:\/\/archive.sana.sy\/tr\/index.php?rest_route=\/wp\/v2\/posts"}],"about":[{"href":"https:\/\/archive.sana.sy\/tr\/index.php?rest_route=\/wp\/v2\/types\/post"}],"author":[{"embeddable":true,"href":"https:\/\/archive.sana.sy\/tr\/index.php?rest_route=\/wp\/v2\/users\/1"}],"replies":[{"embeddable":true,"href":"https:\/\/archive.sana.sy\/tr\/index.php?rest_route=%2Fwp%2Fv2%2Fcomments&post=32960"}],"version-history":[{"count":0,"href":"https:\/\/archive.sana.sy\/tr\/index.php?rest_route=\/wp\/v2\/posts\/32960\/revisions"}],"wp:featuredmedia":[{"embeddable":true,"href":"https:\/\/archive.sana.sy\/tr\/index.php?rest_route=\/wp\/v2\/media\/32961"}],"wp:attachment":[{"href":"https:\/\/archive.sana.sy\/tr\/index.php?rest_route=%2Fwp%2Fv2%2Fmedia&parent=32960"}],"wp:term":[{"taxonomy":"category","embeddable":true,"href":"https:\/\/archive.sana.sy\/tr\/index.php?rest_route=%2Fwp%2Fv2%2Fcategories&post=32960"},{"taxonomy":"post_tag","embeddable":true,"href":"https:\/\/archive.sana.sy\/tr\/index.php?rest_route=%2Fwp%2Fv2%2Ftags&post=32960"}],"curies":[{"name":"wp","href":"https:\/\/api.w.org\/{rel}","templated":true}]}}