{"id":32975,"date":"2015-05-12T09:08:49","date_gmt":"2015-05-12T06:08:49","guid":{"rendered":"http:\/\/sana.sy\/tr\/?p=32975"},"modified":"2015-05-12T14:34:47","modified_gmt":"2015-05-12T11:34:47","slug":"tekfirci-teror-projesi-butun-uygarligi-ve-insanligi-hedef-aliyor","status":"publish","type":"post","link":"https:\/\/archive.sana.sy\/tr\/?p=32975","title":{"rendered":"Tekfirci Ter\u00f6r Projesi B\u00fct\u00fcn Uygarl\u0131\u011f\u0131 ve \u0130nsanl\u0131\u011f\u0131 Hedef Al\u0131yor"},"content":{"rendered":"<p>\u015eAM \u2013 Gazeteciler Birli\u011fi \u015eam \u015eubesi, Sureli Gen\u00e7li\u011fin Parmak \u0130zi Grubu ile i\u015fbirli\u011fi i\u00e7erisinde \u015eehit G\u00fcn\u00fc m\u00fcnasebetiyle Esad K\u00fclt\u00fcr Merkezinde \u201cSuriye Hayat\u0131 Hakkeden Bir Vatand\u0131r\u201d ba\u015fl\u0131\u011f\u0131 alt\u0131nda Suriye Ulusal G\u00fcn\u00fc faaliyeti d\u00fczenledi.<\/p>\n<p>Baas Partisi Y\u00f6netim Kurulu \u00dcyesi ve K\u00fclt\u00fcr-Bas\u0131n Ofisi Ba\u015fkan\u0131 Halef Miftah yapt\u0131\u011f\u0131 konu\u015fmada Suriye Ulusal G\u00fcn\u00fc faaliyetlerinin \u015fehitler ve gazeteciler g\u00fcnlerine e\u015flik eden tarihi olaylara \u0131\u015f\u0131k tutmay\u0131 ama\u00e7lad\u0131\u011f\u0131n\u0131 ifade etti.<\/p>\n<p>Suriye&#8217;nin maruz kald\u0131\u011f\u0131 sava\u015f\u0131n sadece Suriyelilere kar\u015f\u0131 de\u011fil onurlu b\u00fct\u00fcn Araplar ve insanl\u0131\u011fa kar\u015f\u0131 bir sava\u015f oldu\u011funa i\u015faret eden Miftah, tekfirci ter\u00f6r projesinin uygarl\u0131k ve insanl\u0131k k\u00f6klerini tamamen kurutmay\u0131 ama\u00e7layan tehlikeli bir proje oldu\u011funun alt\u0131n\u0131 \u00e7izdi.<\/p>\n<div id='gallery-1' class='gallery galleryid-32975 gallery-columns-3 gallery-size-medium'><figure class='gallery-item'>\n\t\t\t<div class='gallery-icon landscape'>\n\t\t\t\t<a href='https:\/\/archive.sana.sy\/tr\/wp-content\/uploads\/2015\/05\/el-Esad-k\u00fct\u00fcphan\u0131s\u0131-2.jpg'><img loading=\"lazy\" decoding=\"async\" width=\"300\" height=\"196\" src=\"https:\/\/archive.sana.sy\/tr\/wp-content\/uploads\/2015\/05\/el-Esad-k\u00fct\u00fcphan\u0131s\u0131-2-300x196.jpg\" class=\"attachment-medium size-medium\" alt=\"\" srcset=\"https:\/\/archive.sana.sy\/tr\/wp-content\/uploads\/2015\/05\/el-Esad-k\u00fct\u00fcphan\u0131s\u0131-2-300x196.jpg 300w, https:\/\/archive.sana.sy\/tr\/wp-content\/uploads\/2015\/05\/el-Esad-k\u00fct\u00fcphan\u0131s\u0131-2-150x98.jpg 150w, https:\/\/archive.sana.sy\/tr\/wp-content\/uploads\/2015\/05\/el-Esad-k\u00fct\u00fcphan\u0131s\u0131-2.jpg 500w\" sizes=\"auto, (max-width: 300px) 100vw, 300px\" \/><\/a>\n\t\t\t<\/div><\/figure><figure class='gallery-item'>\n\t\t\t<div class='gallery-icon landscape'>\n\t\t\t\t<a href='https:\/\/archive.sana.sy\/tr\/wp-content\/uploads\/2015\/05\/el-Esad-k\u00fct\u00fcphan\u0131s\u0131-3.jpg'><img loading=\"lazy\" decoding=\"async\" width=\"300\" height=\"192\" src=\"https:\/\/archive.sana.sy\/tr\/wp-content\/uploads\/2015\/05\/el-Esad-k\u00fct\u00fcphan\u0131s\u0131-3-300x192.jpg\" class=\"attachment-medium size-medium\" alt=\"\" srcset=\"https:\/\/archive.sana.sy\/tr\/wp-content\/uploads\/2015\/05\/el-Esad-k\u00fct\u00fcphan\u0131s\u0131-3-300x192.jpg 300w, https:\/\/archive.sana.sy\/tr\/wp-content\/uploads\/2015\/05\/el-Esad-k\u00fct\u00fcphan\u0131s\u0131-3-150x96.jpg 150w, https:\/\/archive.sana.sy\/tr\/wp-content\/uploads\/2015\/05\/el-Esad-k\u00fct\u00fcphan\u0131s\u0131-3.jpg 500w\" sizes=\"auto, (max-width: 300px) 100vw, 300px\" \/><\/a>\n\t\t\t<\/div><\/figure><figure class='gallery-item'>\n\t\t\t<div class='gallery-icon landscape'>\n\t\t\t\t<a href='https:\/\/archive.sana.sy\/tr\/wp-content\/uploads\/2015\/05\/el-Esad-k\u00fct\u00fcphan\u0131s\u0131-4.jpg'><img loading=\"lazy\" decoding=\"async\" width=\"300\" height=\"179\" src=\"https:\/\/archive.sana.sy\/tr\/wp-content\/uploads\/2015\/05\/el-Esad-k\u00fct\u00fcphan\u0131s\u0131-4-300x179.jpg\" class=\"attachment-medium size-medium\" alt=\"\" srcset=\"https:\/\/archive.sana.sy\/tr\/wp-content\/uploads\/2015\/05\/el-Esad-k\u00fct\u00fcphan\u0131s\u0131-4-300x179.jpg 300w, https:\/\/archive.sana.sy\/tr\/wp-content\/uploads\/2015\/05\/el-Esad-k\u00fct\u00fcphan\u0131s\u0131-4-150x90.jpg 150w, https:\/\/archive.sana.sy\/tr\/wp-content\/uploads\/2015\/05\/el-Esad-k\u00fct\u00fcphan\u0131s\u0131-4.jpg 500w\" sizes=\"auto, (max-width: 300px) 100vw, 300px\" \/><\/a>\n\t\t\t<\/div><\/figure>\n\t\t<\/div>\n\n<p>https:\/\/www.youtube.com\/watch?v=QBg7emvgrDo<\/p>\n<p>F.B. &#8211; R.H.<\/p>\n","protected":false},"excerpt":{"rendered":"<p>\u015eAM \u2013 Gazeteciler Birli\u011fi \u015eam \u015eubesi, Sureli Gen\u00e7li\u011fin Parmak \u0130zi Grubu ile i\u015fbirli\u011fi i\u00e7erisinde \u015eehit G\u00fcn\u00fc m\u00fcnasebetiyle Esad K\u00fclt\u00fcr Merkezinde \u201cSuriye Hayat\u0131 Hakkeden Bir Vatand\u0131r\u201d ba\u015fl\u0131\u011f\u0131 alt\u0131nda Suriye Ulusal G\u00fcn\u00fc faaliyeti d\u00fczenledi. Baas Partisi Y\u00f6netim Kurulu \u00dcyesi ve K\u00fclt\u00fcr-Bas\u0131n Ofisi Ba\u015fkan\u0131 Halef Miftah yapt\u0131\u011f\u0131 konu\u015fmada Suriye Ulusal G\u00fcn\u00fc faaliyetlerinin \u015fehitler ve gazeteciler g\u00fcnlerine e\u015flik eden &hellip;<\/p>\n","protected":false},"author":1,"featured_media":32977,"comment_status":"closed","ping_status":"closed","sticky":false,"template":"","format":"standard","meta":{"footnotes":""},"categories":[479,2554,2555,478],"tags":[14471,14470],"class_list":["post-32975","post","type-post","status-publish","format-standard","has-post-thumbnail","","category-haberler-yerel","category-suriye-ve-dunya","category-suriye-ve-turkiye","category-yerel","tag-sureli-gencligin-parmak-izi-grubu-ile-isbirligi-icerisinde-sehit-gunu-munasebetiyle-esad-kultur-merkezinde-suriye-hayati-hakkeden-bir-vatandir-basligi-altinda-suriye-ulusal-gunu-faal","tag-tekfirci-teror-projesi-butun-uygarligi-ve-insanligi-hedef-aliyor-sam-gazeteciler-birligi-sam-subesi"],"_links":{"self":[{"href":"https:\/\/archive.sana.sy\/tr\/index.php?rest_route=\/wp\/v2\/posts\/32975","targetHints":{"allow":["GET"]}}],"collection":[{"href":"https:\/\/archive.sana.sy\/tr\/index.php?rest_route=\/wp\/v2\/posts"}],"about":[{"href":"https:\/\/archive.sana.sy\/tr\/index.php?rest_route=\/wp\/v2\/types\/post"}],"author":[{"embeddable":true,"href":"https:\/\/archive.sana.sy\/tr\/index.php?rest_route=\/wp\/v2\/users\/1"}],"replies":[{"embeddable":true,"href":"https:\/\/archive.sana.sy\/tr\/index.php?rest_route=%2Fwp%2Fv2%2Fcomments&post=32975"}],"version-history":[{"count":0,"href":"https:\/\/archive.sana.sy\/tr\/index.php?rest_route=\/wp\/v2\/posts\/32975\/revisions"}],"wp:featuredmedia":[{"embeddable":true,"href":"https:\/\/archive.sana.sy\/tr\/index.php?rest_route=\/wp\/v2\/media\/32977"}],"wp:attachment":[{"href":"https:\/\/archive.sana.sy\/tr\/index.php?rest_route=%2Fwp%2Fv2%2Fmedia&parent=32975"}],"wp:term":[{"taxonomy":"category","embeddable":true,"href":"https:\/\/archive.sana.sy\/tr\/index.php?rest_route=%2Fwp%2Fv2%2Fcategories&post=32975"},{"taxonomy":"post_tag","embeddable":true,"href":"https:\/\/archive.sana.sy\/tr\/index.php?rest_route=%2Fwp%2Fv2%2Ftags&post=32975"}],"curies":[{"name":"wp","href":"https:\/\/api.w.org\/{rel}","templated":true}]}}