{"id":3301,"date":"2014-06-17T17:12:47","date_gmt":"2014-06-17T14:12:47","guid":{"rendered":"http:\/\/sanasyria.org\/tr\/?p=3301"},"modified":"2014-06-17T17:12:47","modified_gmt":"2014-06-17T14:12:47","slug":"genc-sinema-festivali-basladi","status":"publish","type":"post","link":"https:\/\/archive.sana.sy\/tr\/?p=3301","title":{"rendered":"Gen\u00e7 Sinema Festivali Ba\u015flad\u0131"},"content":{"rendered":"<p><span style=\"color: #800000\">\u015eAM \u2013<\/span> Birinci Gen\u00e7 Sinema ve K\u0131sa Metrajl\u0131 Film Festivali \u015eam\u2019daki Opera Merkezindeki Drama Tiyatro Salonunda etkinliklerine ba\u015flad\u0131.<\/p>\n<p>Sinema severlerin yo\u011fun kat\u0131l\u0131mlar\u0131yla a\u00e7\u0131l\u0131\u015f\u0131 yap\u0131lan festival 1963 y\u0131l\u0131nda kurulan Sinema Kamu Kurumunun tarihi ve \u00e7al\u0131\u015fmalar\u0131na takdir niteli\u011fi ta\u015f\u0131mas\u0131yla 21 Hazirana dek devam ederken etkinlikleri kapsam\u0131nda 50 film takdim ediliyor.<\/p>\n<p>Sinema Kamu Kurumunun yap\u0131m\u0131 filmler g\u00fcnde \u00fc\u00e7er matine ile takdim edilirken ilk ikisi gen\u00e7lere hitap edecek. \u00dc\u00e7\u00fcnc\u00fc matinede ise profesyonel filmler takdim ediliyor.<\/p>\n<p><a href=\"http:\/\/sanasyria.org\/tr\/wp-content\/uploads\/2014\/06\/sinema-2.jpg\"><img loading=\"lazy\" decoding=\"async\" class=\"aligncenter wp-image-3303 size-full\" src=\"http:\/\/sanasyria.org\/tr\/wp-content\/uploads\/2014\/06\/sinema-2.jpg\" alt=\"sinema 2\" width=\"620\" height=\"330\" srcset=\"https:\/\/archive.sana.sy\/tr\/wp-content\/uploads\/2014\/06\/sinema-2.jpg 620w, https:\/\/archive.sana.sy\/tr\/wp-content\/uploads\/2014\/06\/sinema-2-150x79.jpg 150w, https:\/\/archive.sana.sy\/tr\/wp-content\/uploads\/2014\/06\/sinema-2-300x160.jpg 300w\" sizes=\"auto, (max-width: 620px) 100vw, 620px\" \/><\/a><\/p>\n","protected":false},"excerpt":{"rendered":"<p>\u015eAM \u2013 Birinci Gen\u00e7 Sinema ve K\u0131sa Metrajl\u0131 Film Festivali \u015eam\u2019daki Opera Merkezindeki Drama Tiyatro Salonunda etkinliklerine ba\u015flad\u0131. Sinema severlerin yo\u011fun kat\u0131l\u0131mlar\u0131yla a\u00e7\u0131l\u0131\u015f\u0131 yap\u0131lan festival 1963 y\u0131l\u0131nda kurulan Sinema Kamu Kurumunun tarihi ve \u00e7al\u0131\u015fmalar\u0131na takdir niteli\u011fi ta\u015f\u0131mas\u0131yla 21 Hazirana dek devam ederken etkinlikleri kapsam\u0131nda 50 film takdim ediliyor. Sinema Kamu Kurumunun yap\u0131m\u0131 filmler g\u00fcnde \u00fc\u00e7er &hellip;<\/p>\n","protected":false},"author":1,"featured_media":3302,"comment_status":"closed","ping_status":"closed","sticky":false,"template":"","format":"standard","meta":{"footnotes":""},"categories":[511],"tags":[728],"class_list":["post-3301","post","type-post","status-publish","format-standard","has-post-thumbnail","","category-kultur-ve-sanat","tag-genc-sinema-festivali-basladi"],"_links":{"self":[{"href":"https:\/\/archive.sana.sy\/tr\/index.php?rest_route=\/wp\/v2\/posts\/3301","targetHints":{"allow":["GET"]}}],"collection":[{"href":"https:\/\/archive.sana.sy\/tr\/index.php?rest_route=\/wp\/v2\/posts"}],"about":[{"href":"https:\/\/archive.sana.sy\/tr\/index.php?rest_route=\/wp\/v2\/types\/post"}],"author":[{"embeddable":true,"href":"https:\/\/archive.sana.sy\/tr\/index.php?rest_route=\/wp\/v2\/users\/1"}],"replies":[{"embeddable":true,"href":"https:\/\/archive.sana.sy\/tr\/index.php?rest_route=%2Fwp%2Fv2%2Fcomments&post=3301"}],"version-history":[{"count":0,"href":"https:\/\/archive.sana.sy\/tr\/index.php?rest_route=\/wp\/v2\/posts\/3301\/revisions"}],"wp:featuredmedia":[{"embeddable":true,"href":"https:\/\/archive.sana.sy\/tr\/index.php?rest_route=\/wp\/v2\/media\/3302"}],"wp:attachment":[{"href":"https:\/\/archive.sana.sy\/tr\/index.php?rest_route=%2Fwp%2Fv2%2Fmedia&parent=3301"}],"wp:term":[{"taxonomy":"category","embeddable":true,"href":"https:\/\/archive.sana.sy\/tr\/index.php?rest_route=%2Fwp%2Fv2%2Fcategories&post=3301"},{"taxonomy":"post_tag","embeddable":true,"href":"https:\/\/archive.sana.sy\/tr\/index.php?rest_route=%2Fwp%2Fv2%2Ftags&post=3301"}],"curies":[{"name":"wp","href":"https:\/\/api.w.org\/{rel}","templated":true}]}}