{"id":33072,"date":"2015-05-12T13:39:50","date_gmt":"2015-05-12T10:39:50","guid":{"rendered":"http:\/\/sana.sy\/tr\/?p=33072"},"modified":"2015-05-12T13:39:50","modified_gmt":"2015-05-12T10:39:50","slug":"urdun-sinirlari-boyunca-amerikan-askerli-konuslandirildi","status":"publish","type":"post","link":"https:\/\/archive.sana.sy\/tr\/?p=33072","title":{"rendered":"\u00dcrd\u00fcn S\u0131n\u0131rlar\u0131 Boyunca Amerikan Askerli Konu\u015fland\u0131r\u0131ld\u0131"},"content":{"rendered":"<p>AMMAN \u2013 ABD b\u00f6lgedeki piyon ve edatlar\u0131yla birlikte Suriye halk\u0131na y\u00f6nelik d\u00fc\u015fmanl\u0131\u011f\u0131 kapsam\u0131nda ter\u00f6ristlere deste\u011fini s\u00fcrd\u00fcr\u00fcrken, \u00dcrd\u00fcnl\u00fc g\u00fcvenlik kaynaklar\u0131 Washington idaresinin \u00dcrd\u00fcn\u2019de Suriye s\u0131n\u0131rlar\u0131 boyunca y\u00fcksek say\u0131da ABD askeri ve g\u00fcvenlik uzmanlar\u0131 konu\u015fland\u0131rd\u0131\u011f\u0131n\u0131 aktard\u0131.<\/p>\n<p>ABD\u2019li yetkililer ge\u00e7en Per\u015fembe g\u00fcn\u00fc; \u2018Suriyeli \u0131l\u0131ml\u0131 muhalifleri \u00dcrd\u00fcn\u2019de e\u011fitmeye ba\u015flad\u0131klar\u0131n\u0131, yak\u0131n bir s\u00fcre i\u00e7inde de T\u00fcrkiye&#8217;de de yine benzer e\u011fitimlerde bulunacaklar\u0131n\u0131\u2019 ifade etmi\u015f, bu \u2018\u0131l\u0131ml\u0131 muhalifleri I\u015e\u0130D\u2019e kar\u015f\u0131 sava\u015fmalar\u0131 i\u00e7in e\u011fittiklerini\u2019 iddia etmi\u015flerdi. Oysa ki istihbarat raporlar\u0131n\u0131n yan\u0131 s\u0131ra saha geli\u015fmeleri I\u015e\u0130D\u2019in bizzat ABD taraf\u0131ndan yap\u0131land\u0131r\u0131ld\u0131\u011f\u0131 ve ABD \u00e7\u0131karlar\u0131na hizmette edat olarak kullan\u0131ld\u0131\u011f\u0131n\u0131 kan\u0131tl\u0131yor.<\/p>\n<p>Ad\u0131n\u0131n a\u00e7\u0131klanmas\u0131n\u0131 istemeyen \u00dcrd\u00fcnl\u00fc g\u00fcvenlik kaynaklar\u0131 ABD\u2019nin Suriye s\u0131n\u0131rlar\u0131 boyunca Amerikal\u0131 asker ve g\u00fcvenlik uzmanlar\u0131n\u0131 yo\u011fun bir \u015fekilde konu\u015fland\u0131rd\u0131\u011f\u0131n\u0131 aktard\u0131. Kaynaklar a\u00e7\u0131klamalar\u0131nda bunun \u2018\u00dcrd\u00fcn s\u0131n\u0131rlar\u0131n\u0131n korunmas\u0131ndaki ikili ortak \u00e7al\u0131\u015fmalara ilaveten, b\u00f6lgede askeri g\u00fc\u00e7lerin e\u011fitilmesindeki \u00e7al\u0131\u015fmalar kapsam\u0131nda oldu\u011funu\u2019 iddia etti.<\/p>\n<p>\u00dcrd\u00fcn ge\u00e7en Mart ay\u0131nda h\u00fck\u00fcmet s\u00f6zc\u00fcs\u00fc enformasyon i\u015flerinden sorumlu devlet bakan\u0131 Muhammed Munini\u2019nin diliyle ABD\u2019nin \u2018\u0131l\u0131ml\u0131 muhalifler\u2019 ad\u0131n\u0131 verdi\u011fi ter\u00f6ristleri e\u011fitme plan\u0131n\u0131n bir par\u00e7as\u0131 oldu\u011funu ilan etmi\u015fti. T\u00fcrkiye ve \u00dcrd\u00fcn\u2019de yap\u0131land\u0131r\u0131lan ter\u00f6r e\u011fitim kamplar\u0131 Suudi Arabistan ve Katar\u2019\u0131n finans\u0131, ABD istihbarat merkezi CIA\u2019n\u0131n da denetimi alt\u0131nda faaliyet g\u00f6steriyor. Bu kamplarda e\u011fitilen ter\u00f6ristler ise T\u00fcrkiye ve \u00dcrd\u00fcn rejimleri taraf\u0131ndan Suriye&#8217;ye g\u00f6nderiliyor.<\/p>\n<p>A.A. &#8211; R.H.<\/p>\n","protected":false},"excerpt":{"rendered":"<p>AMMAN \u2013 ABD b\u00f6lgedeki piyon ve edatlar\u0131yla birlikte Suriye halk\u0131na y\u00f6nelik d\u00fc\u015fmanl\u0131\u011f\u0131 kapsam\u0131nda ter\u00f6ristlere deste\u011fini s\u00fcrd\u00fcr\u00fcrken, \u00dcrd\u00fcnl\u00fc g\u00fcvenlik kaynaklar\u0131 Washington idaresinin \u00dcrd\u00fcn\u2019de Suriye s\u0131n\u0131rlar\u0131 boyunca y\u00fcksek say\u0131da ABD askeri ve g\u00fcvenlik uzmanlar\u0131 konu\u015fland\u0131rd\u0131\u011f\u0131n\u0131 aktard\u0131. ABD\u2019li yetkililer ge\u00e7en Per\u015fembe g\u00fcn\u00fc; \u2018Suriyeli \u0131l\u0131ml\u0131 muhalifleri \u00dcrd\u00fcn\u2019de e\u011fitmeye ba\u015flad\u0131klar\u0131n\u0131, yak\u0131n bir s\u00fcre i\u00e7inde de T\u00fcrkiye&#8217;de de yine benzer e\u011fitimlerde &hellip;<\/p>\n","protected":false},"author":1,"featured_media":33073,"comment_status":"closed","ping_status":"closed","sticky":false,"template":"","format":"standard","meta":{"footnotes":""},"categories":[458,459,447,2554,2555],"tags":[14495,14496],"class_list":["post-33072","post","type-post","status-publish","format-standard","has-post-thumbnail","","category-dunya1","category-haberler-arap-uluslararasi-politika","category-politika","category-suriye-ve-dunya","category-suriye-ve-turkiye","tag-urdun-sinirlari-boyunca-amerikan-askerli-konuslandirildi-amman-abd-bolgedeki-piyon-ve-edatlariyla-birlikte-suriye-halkina-yonelik-dusmanligi-kapsaminda-teroristlere-destegini-surdururken","tag-urdunlu-guvenlik-kaynaklari-washington-idaresinin-urdunde-suriye-sinirlari-boyunca-yuksek-sayida-abd-askeri-ve-guvenlik-uzmanlari-konuslandirdigini-aktardi"],"_links":{"self":[{"href":"https:\/\/archive.sana.sy\/tr\/index.php?rest_route=\/wp\/v2\/posts\/33072","targetHints":{"allow":["GET"]}}],"collection":[{"href":"https:\/\/archive.sana.sy\/tr\/index.php?rest_route=\/wp\/v2\/posts"}],"about":[{"href":"https:\/\/archive.sana.sy\/tr\/index.php?rest_route=\/wp\/v2\/types\/post"}],"author":[{"embeddable":true,"href":"https:\/\/archive.sana.sy\/tr\/index.php?rest_route=\/wp\/v2\/users\/1"}],"replies":[{"embeddable":true,"href":"https:\/\/archive.sana.sy\/tr\/index.php?rest_route=%2Fwp%2Fv2%2Fcomments&post=33072"}],"version-history":[{"count":0,"href":"https:\/\/archive.sana.sy\/tr\/index.php?rest_route=\/wp\/v2\/posts\/33072\/revisions"}],"wp:featuredmedia":[{"embeddable":true,"href":"https:\/\/archive.sana.sy\/tr\/index.php?rest_route=\/wp\/v2\/media\/33073"}],"wp:attachment":[{"href":"https:\/\/archive.sana.sy\/tr\/index.php?rest_route=%2Fwp%2Fv2%2Fmedia&parent=33072"}],"wp:term":[{"taxonomy":"category","embeddable":true,"href":"https:\/\/archive.sana.sy\/tr\/index.php?rest_route=%2Fwp%2Fv2%2Fcategories&post=33072"},{"taxonomy":"post_tag","embeddable":true,"href":"https:\/\/archive.sana.sy\/tr\/index.php?rest_route=%2Fwp%2Fv2%2Ftags&post=33072"}],"curies":[{"name":"wp","href":"https:\/\/api.w.org\/{rel}","templated":true}]}}