{"id":33076,"date":"2015-05-12T18:00:33","date_gmt":"2015-05-12T15:00:33","guid":{"rendered":"http:\/\/www.sana.sy\/tr\/?p=33076"},"modified":"2015-05-13T16:56:48","modified_gmt":"2015-05-13T13:56:48","slug":"yaralilarin-geneli-cocuk-ve-kadinlardan-ibaret","status":"publish","type":"post","link":"https:\/\/archive.sana.sy\/tr\/?p=33076","title":{"rendered":"Yaral\u0131lar\u0131n Geneli \u00c7ocuk ve Kad\u0131nlardan Olu\u015fuyor"},"content":{"rendered":"<p>HOMS \u2013 D\u0131\u015f g\u00fc\u00e7lerin patronajl\u0131\u011f\u0131ndaki eli kanl\u0131 gaddar ter\u00f6ristler bug\u00fcn Homs Kentinin Zehra Semti ve el Ahram Caddesinde bombal\u0131 iki motosikleti havaya u\u00e7urdu.<\/p>\n<p>Homs Valili\u011finde yetkili bir kaynak ter\u00f6ristlerin kentin g\u00fcney kenarlar\u0131na d\u00fc\u015fen Ahram Caddesinde bir s\u00fcpermarketin yan\u0131nda bombal\u0131 bir motosikleti havaya u\u00e7urmalar\u0131 sonucunda; 3 ki\u015finin \u015fehit, bir\u00e7ok ki\u015finin de yaral\u0131 d\u00fc\u015ft\u00fcklerini belirtti.<\/p>\n<p>Kaynak Zehra Semtindeki Firdevs Pastanesi yak\u0131nlar\u0131nda da ter\u00f6ristlerin yine bombal\u0131 bir motosikleti havaya u\u00e7urmalar\u0131 sonucunda bir ki\u015finin \u015fehit d\u00fc\u015ft\u00fc\u011f\u00fcn\u00fc, birka\u00e7 ki\u015finin de yaraland\u0131\u011f\u0131n\u0131 a\u00e7\u0131klad\u0131.<\/p>\n<p>Ter\u00f6r sald\u0131r\u0131lar\u0131n\u0131n oldu\u011fu iki b\u00f6lgenin sivil yerle\u015fim alanlar\u0131 olduklar\u0131na dikkat \u00e7eken kaynak; patlamalarda vatanda\u015flar\u0131n ev, i\u015fyerleri ve ara\u00e7lar\u0131n\u0131n yan\u0131 s\u0131ra hizmet altyap\u0131s\u0131n\u0131n zarar g\u00f6rd\u00fc\u011f\u00fcn\u00fc s\u00f6yledi.<\/p>\n<p>Homs \u0130l Sa\u011fl\u0131k M\u00fcd\u00fcrl\u00fc\u011f\u00fcnde bir kaynak ise \u00f6zel ve devlet hastanelerine iki patlamadan 28 yaral\u0131n\u0131n kald\u0131r\u0131ld\u0131\u011f\u0131n\u0131 a\u00e7\u0131klarken; yaral\u0131lar\u0131n b\u00fcy\u00fck \u00e7o\u011funlu\u011funun \u00e7ocuk ve kad\u0131n olduklar\u0131na dikkat \u00e7ekti.<\/p>\n<p>Homs Valisi Telal el Barazi a\u00e7\u0131klamas\u0131nda; ter\u00f6r \u00e7eteleri ve destek\u00e7ilerinin, iki g\u00fcn \u00f6nce Homs Kentinin eski semtlerinde yap\u0131lan etkinliklerden rahats\u0131zl\u0131klar\u0131n\u0131 ifade etmeye \u00e7al\u0131\u015ft\u0131klar\u0131n\u0131 s\u00f6yledi.<\/p>\n<p>Barazi eski semtlerin ter\u00f6ristlerden kurtulup g\u00fcvenlik ve istikrara kavu\u015fmalar\u0131n\u0131n birinci y\u0131ld\u00f6n\u00fcm\u00fcnde yap\u0131lan etkinliklerin ve bu etkinliklerde sergilenen ulusal birli\u011fin ter\u00f6r \u00e7eteleri ve onlar\u0131 destekleyen rejimleri \u00e7ileden \u00e7\u0131kard\u0131\u011f\u0131n\u0131 ifade etti.<\/p>\n<p>Bu arada ter\u00f6r \u00e7eteleri ge\u00e7en y\u0131l \u0130krema Semtinde ilk\u00f6\u011fretim okulunu hedef alm\u0131\u015f, 50\u2019ye yak\u0131n okul \u00f6\u011frencisinin \u015fehit, 100&#8217;\u00fcn \u00fcst\u00fcnde de \u00e7ocu\u011fun yaral\u0131 d\u00fc\u015fmelerine yol a\u00e7m\u0131\u015flard\u0131.<\/p>\n<p>&nbsp;<\/p>\n<div id='gallery-1' class='gallery galleryid-33076 gallery-columns-2 gallery-size-medium'><figure class='gallery-item'>\n\t\t\t<div class='gallery-icon landscape'>\n\t\t\t\t<a href='https:\/\/archive.sana.sy\/tr\/wp-content\/uploads\/2015\/05\/homs-23.jpg'><img loading=\"lazy\" decoding=\"async\" width=\"300\" height=\"189\" src=\"https:\/\/archive.sana.sy\/tr\/wp-content\/uploads\/2015\/05\/homs-23-300x189.jpg\" class=\"attachment-medium size-medium\" alt=\"\" srcset=\"https:\/\/archive.sana.sy\/tr\/wp-content\/uploads\/2015\/05\/homs-23-300x189.jpg 300w, https:\/\/archive.sana.sy\/tr\/wp-content\/uploads\/2015\/05\/homs-23-150x95.jpg 150w, https:\/\/archive.sana.sy\/tr\/wp-content\/uploads\/2015\/05\/homs-23.jpg 1000w\" sizes=\"auto, (max-width: 300px) 100vw, 300px\" \/><\/a>\n\t\t\t<\/div><\/figure><figure class='gallery-item'>\n\t\t\t<div class='gallery-icon landscape'>\n\t\t\t\t<a href='https:\/\/archive.sana.sy\/tr\/wp-content\/uploads\/2015\/05\/homs-63.jpg'><img loading=\"lazy\" decoding=\"async\" width=\"300\" height=\"180\" src=\"https:\/\/archive.sana.sy\/tr\/wp-content\/uploads\/2015\/05\/homs-63-300x180.jpg\" class=\"attachment-medium size-medium\" alt=\"\" srcset=\"https:\/\/archive.sana.sy\/tr\/wp-content\/uploads\/2015\/05\/homs-63-300x180.jpg 300w, https:\/\/archive.sana.sy\/tr\/wp-content\/uploads\/2015\/05\/homs-63-150x90.jpg 150w, https:\/\/archive.sana.sy\/tr\/wp-content\/uploads\/2015\/05\/homs-63-1024x616.jpg 1024w\" sizes=\"auto, (max-width: 300px) 100vw, 300px\" \/><\/a>\n\t\t\t<\/div><\/figure><figure class='gallery-item'>\n\t\t\t<div class='gallery-icon landscape'>\n\t\t\t\t<a href='https:\/\/archive.sana.sy\/tr\/wp-content\/uploads\/2015\/05\/homs-52.jpg'><img loading=\"lazy\" decoding=\"async\" width=\"300\" height=\"180\" src=\"https:\/\/archive.sana.sy\/tr\/wp-content\/uploads\/2015\/05\/homs-52-300x180.jpg\" class=\"attachment-medium size-medium\" alt=\"\" srcset=\"https:\/\/archive.sana.sy\/tr\/wp-content\/uploads\/2015\/05\/homs-52-300x180.jpg 300w, https:\/\/archive.sana.sy\/tr\/wp-content\/uploads\/2015\/05\/homs-52-150x90.jpg 150w, https:\/\/archive.sana.sy\/tr\/wp-content\/uploads\/2015\/05\/homs-52.jpg 1000w\" sizes=\"auto, (max-width: 300px) 100vw, 300px\" \/><\/a>\n\t\t\t<\/div><\/figure><figure class='gallery-item'>\n\t\t\t<div class='gallery-icon landscape'>\n\t\t\t\t<a href='https:\/\/archive.sana.sy\/tr\/wp-content\/uploads\/2015\/05\/homs-42.jpg'><img loading=\"lazy\" decoding=\"async\" width=\"300\" height=\"172\" src=\"https:\/\/archive.sana.sy\/tr\/wp-content\/uploads\/2015\/05\/homs-42-300x172.jpg\" class=\"attachment-medium size-medium\" alt=\"\" srcset=\"https:\/\/archive.sana.sy\/tr\/wp-content\/uploads\/2015\/05\/homs-42-300x172.jpg 300w, https:\/\/archive.sana.sy\/tr\/wp-content\/uploads\/2015\/05\/homs-42-150x86.jpg 150w, https:\/\/archive.sana.sy\/tr\/wp-content\/uploads\/2015\/05\/homs-42.jpg 1000w\" sizes=\"auto, (max-width: 300px) 100vw, 300px\" \/><\/a>\n\t\t\t<\/div><\/figure><figure class='gallery-item'>\n\t\t\t<div class='gallery-icon landscape'>\n\t\t\t\t<a href='https:\/\/archive.sana.sy\/tr\/wp-content\/uploads\/2015\/05\/homs-31.jpg'><img loading=\"lazy\" decoding=\"async\" width=\"300\" height=\"199\" src=\"https:\/\/archive.sana.sy\/tr\/wp-content\/uploads\/2015\/05\/homs-31-300x199.jpg\" class=\"attachment-medium size-medium\" alt=\"\" srcset=\"https:\/\/archive.sana.sy\/tr\/wp-content\/uploads\/2015\/05\/homs-31-300x199.jpg 300w, https:\/\/archive.sana.sy\/tr\/wp-content\/uploads\/2015\/05\/homs-31-150x100.jpg 150w, https:\/\/archive.sana.sy\/tr\/wp-content\/uploads\/2015\/05\/homs-31.jpg 1000w\" sizes=\"auto, (max-width: 300px) 100vw, 300px\" \/><\/a>\n\t\t\t<\/div><\/figure><figure class='gallery-item'>\n\t\t\t<div class='gallery-icon portrait'>\n\t\t\t\t<a href='https:\/\/archive.sana.sy\/tr\/wp-content\/uploads\/2015\/05\/homs-13.jpg'><img loading=\"lazy\" decoding=\"async\" width=\"225\" height=\"300\" src=\"https:\/\/archive.sana.sy\/tr\/wp-content\/uploads\/2015\/05\/homs-13-225x300.jpg\" class=\"attachment-medium size-medium\" alt=\"\" srcset=\"https:\/\/archive.sana.sy\/tr\/wp-content\/uploads\/2015\/05\/homs-13-225x300.jpg 225w, https:\/\/archive.sana.sy\/tr\/wp-content\/uploads\/2015\/05\/homs-13-113x150.jpg 113w, https:\/\/archive.sana.sy\/tr\/wp-content\/uploads\/2015\/05\/homs-13.jpg 720w\" sizes=\"auto, (max-width: 225px) 100vw, 225px\" \/><\/a>\n\t\t\t<\/div><\/figure>\n\t\t<\/div>\n\n<p>A.A. &#8211; R.H. &#8211; S.\u015e<\/p>\n","protected":false},"excerpt":{"rendered":"<p>HOMS \u2013 D\u0131\u015f g\u00fc\u00e7lerin patronajl\u0131\u011f\u0131ndaki eli kanl\u0131 gaddar ter\u00f6ristler bug\u00fcn Homs Kentinin Zehra Semti ve el Ahram Caddesinde bombal\u0131 iki motosikleti havaya u\u00e7urdu. Homs Valili\u011finde yetkili bir kaynak ter\u00f6ristlerin kentin g\u00fcney kenarlar\u0131na d\u00fc\u015fen Ahram Caddesinde bir s\u00fcpermarketin yan\u0131nda bombal\u0131 bir motosikleti havaya u\u00e7urmalar\u0131 sonucunda; 3 ki\u015finin \u015fehit, bir\u00e7ok ki\u015finin de yaral\u0131 d\u00fc\u015ft\u00fcklerini belirtti. Kaynak Zehra &hellip;<\/p>\n","protected":false},"author":1,"featured_media":33077,"comment_status":"closed","ping_status":"closed","sticky":false,"template":"","format":"standard","meta":{"footnotes":""},"categories":[596,575],"tags":[14497,14503],"class_list":["post-33076","post","type-post","status-publish","format-standard","has-post-thumbnail","","category-fotografli-raporlar","category-olaylar-ve-gercekler","tag-homs-dis-guclerin-patronajligindaki-eli-kanli-gaddar-teroristler-bugun-homs-kentinin-zehra-semti-ve-el-ahram-caddesinde-bombali-iki-motosikleti-havaya-ucurdu","tag-yaralilarin-geneli-cocuk-ve-kadinlardan-olusuyor"],"_links":{"self":[{"href":"https:\/\/archive.sana.sy\/tr\/index.php?rest_route=\/wp\/v2\/posts\/33076","targetHints":{"allow":["GET"]}}],"collection":[{"href":"https:\/\/archive.sana.sy\/tr\/index.php?rest_route=\/wp\/v2\/posts"}],"about":[{"href":"https:\/\/archive.sana.sy\/tr\/index.php?rest_route=\/wp\/v2\/types\/post"}],"author":[{"embeddable":true,"href":"https:\/\/archive.sana.sy\/tr\/index.php?rest_route=\/wp\/v2\/users\/1"}],"replies":[{"embeddable":true,"href":"https:\/\/archive.sana.sy\/tr\/index.php?rest_route=%2Fwp%2Fv2%2Fcomments&post=33076"}],"version-history":[{"count":0,"href":"https:\/\/archive.sana.sy\/tr\/index.php?rest_route=\/wp\/v2\/posts\/33076\/revisions"}],"wp:featuredmedia":[{"embeddable":true,"href":"https:\/\/archive.sana.sy\/tr\/index.php?rest_route=\/wp\/v2\/media\/33077"}],"wp:attachment":[{"href":"https:\/\/archive.sana.sy\/tr\/index.php?rest_route=%2Fwp%2Fv2%2Fmedia&parent=33076"}],"wp:term":[{"taxonomy":"category","embeddable":true,"href":"https:\/\/archive.sana.sy\/tr\/index.php?rest_route=%2Fwp%2Fv2%2Fcategories&post=33076"},{"taxonomy":"post_tag","embeddable":true,"href":"https:\/\/archive.sana.sy\/tr\/index.php?rest_route=%2Fwp%2Fv2%2Ftags&post=33076"}],"curies":[{"name":"wp","href":"https:\/\/api.w.org\/{rel}","templated":true}]}}