{"id":33096,"date":"2015-05-12T22:08:02","date_gmt":"2015-05-12T19:08:02","guid":{"rendered":"http:\/\/sana.sy\/tr\/?p=33096"},"modified":"2015-05-13T17:12:39","modified_gmt":"2015-05-13T14:12:39","slug":"yabanci-ve-azili-saha-komutanlarinin-aralarinda-bulundugu-onlarca-terorist-olduruldu","status":"publish","type":"post","link":"https:\/\/archive.sana.sy\/tr\/?p=33096","title":{"rendered":"Yabanc\u0131 ve Az\u0131l\u0131 Saha Komutanlar\u0131n\u0131n Aralar\u0131nda Bulundu\u011fu Onlarca Ter\u00f6rist \u00d6ld\u00fcr\u00fcld\u00fc"},"content":{"rendered":"<p>\u0130LLER \u2013 Vatan topraklar\u0131n\u0131n her kar\u0131\u015f topra\u011f\u0131nda ulusal egemenli\u011fi ve halk\u0131 savunan ordu birliklerimiz bug\u00fcn muhtelif b\u00f6lgelerde ter\u00f6ristleri s\u00fcr\u00fcler halinde \u00f6ld\u00fcrerek ara\u00e7 ve cephanelerini de imha etti.<\/p>\n<p><span style=\"color: #0000ff\">HALEP:<\/span><\/p>\n<p>Ordu birliklerimizin d\u00fcn gece ve bu sabah Halep\u2019te Arap k\u00f6rfez \u015feyhliklerinin finanse ettikleri ve cani Erdo\u011fan rejiminin destekledi\u011fi tekfiri ter\u00f6r \u00f6rg\u00fctlerinden \u00e7ok say\u0131da ter\u00f6risti \u00f6ld\u00fcrd\u00fc.<\/p>\n<p>Halep Kentinde askeri kaynak, ordu birliklerimizin Bab el Neyreb, Bostan el Kasr, Hanano, Leyramun, Bostan el Meyser, Kerm el Kat\u0131rc\u0131 ve \u015eeyh Sait b\u00f6lgelerinde ter\u00f6r yuvalar\u0131na ba\u015far\u0131l\u0131 operasyonlar d\u00fczenlediklerini s\u00f6yledi. Operasyonlar\u0131n hedefini ger\u00e7ekle\u015ftirdiklerini belirten kaynak; Nusra Cephesi ter\u00f6r \u00f6rg\u00fct\u00fcn\u00fcn \u015femsiyesi alt\u0131nda bulunan s\u00f6zde Tevhit Alay\u0131, el Fetih Alay\u0131, Ahrar el \u015eam \u0130slami Hareketi ve el Ensar Cephesi\u2019nden \u00e7ok say\u0131da ter\u00f6ristin \u00f6l\u00fc ve yaral\u0131 d\u00fc\u015f\u00fcr\u00fcld\u00fcklerini, silah ve te\u00e7hizatlar\u0131n\u0131n da imha edildi\u011fini s\u00f6yledi.<\/p>\n<p>Kaynak, Halep\u2019in kuzey k\u0131rsal\u0131nda ordu operasyonlar\u0131n\u0131n yo\u011funla\u015ft\u0131\u011f\u0131na dikkat \u00e7ekti. Hreytan ve Anedan beldelerine ek olarak Tel Refat ve Marei\u2019 kasabalar\u0131 ile T\u00fcrkiye topraklar\u0131ndan giren ter\u00f6rist ve cephanenin birinci ikmal hatt\u0131 say\u0131lan yol \u00fczerinde tekfiri ter\u00f6r \u00f6rg\u00fctlerinin ara\u00e7 ve yuvalar\u0131n\u0131n imha edildi\u011fini aktard\u0131.<\/p>\n<p>Halep g\u00fcneybat\u0131 k\u0131rsal\u0131ndaki Urum K\u00f6y\u00fcnde ter\u00f6r \u00f6rg\u00fctlerin ara\u00e7 ve yuvalar\u0131na y\u00f6nelik ba\u015far\u0131l\u0131 operasyonlarda \u00e7ok say\u0131da ter\u00f6ristin \u00f6l\u00fc ve yaral\u0131 d\u00fc\u015f\u00fcrd\u00fcklerini belirten kaynak; bat\u0131 k\u0131rsaldaki Kefar Cum Beldesinde de baz\u0131 ter\u00f6ristlerin cephaneleriyle birlikte etkisiz hale getirildiklerini ifade etti.<\/p>\n<p>Halep do\u011fu k\u0131rsal\u0131nda ise askeri kaynak; Hava Akademisi \u00e7evresinde I\u015e\u0130D ter\u00f6r \u00f6rg\u00fct\u00fcn\u00fcn yuva ve toplanma merkezlerinin hedef al\u0131nmas\u0131yla \u00e7ok say\u0131da ter\u00f6ristle birlikte ara\u00e7 ve yuvalar\u0131 imha edildi.<\/p>\n<p>Bu arada, tekfiri \u00f6rg\u00fctler sosyal medyalar\u0131nda; Halep do\u011fu k\u0131rsal\u0131nda I\u015e\u0130D ter\u00f6r \u00f6rg\u00fct\u00fcnden onlarca ter\u00f6ristin \u00f6l\u00fc d\u00fc\u015ft\u00fc\u011f\u00fcn\u00fc, \u00f6len ter\u00f6ristler aras\u0131nda \u00f6rg\u00fctte az\u0131l\u0131 eleba\u015f\u0131 Alman \u2018Ebu Bekir\u2019 kod adl\u0131 ter\u00f6rist, Suudili Samir el Halidi ve Ebu \u015eeyya\u2019 el \u011eamdi, Irakl\u0131 Said Samerrai, Katarl\u0131 Temmam el Cejfi, T\u00fcrkiyeli Ahmet Seyyit Ali ve Ebu Fuat lakapl\u0131 ter\u00f6rist, Kuveytli Ra\u011fid Ebu Salim\u2019in yan\u0131 s\u0131ra Filistinli Ebu Halit, \u00dcrd\u00fcnl\u00fc Muhammed ve Avustralyal\u0131 Ebu \u0130brahim kod adlar\u0131yla\u00a0 bilinen onlarca ter\u00f6ristin \u00f6l\u00fc d\u00fc\u015ft\u00fcklerini itiraf etti.<\/p>\n<p>Bu arada hava g\u00fc\u00e7lerimiz Halep k\u0131rsal\u0131 Cisr el Hac B\u00f6lgesinde radikal \u00f6rg\u00fctlere ait silah deposu ve ara\u00e7lar\u0131 imha ederek y\u00fcksek say\u0131da ter\u00f6risti \u00f6l\u00fc ve yaral\u0131 d\u00fc\u015f\u00fcrd\u00fc.<\/p>\n<p>Askeri kaynak; ordu birliklerimize tabi bomba imha ekiplerinin Halep Kentinde Avcet el Kiyali B\u00f6lgesinden Hamam el Berhame B\u00f6lgesine uzat\u0131lan bir t\u00fcneli muhtevalar\u0131yla birlikte imha ettiklerini ifade etti.<\/p>\n<p><span style=\"color: #0000ff\">HASEKE:<\/span><\/p>\n<p>Haseke Valili\u011finde bir kaynak, ordu birliklerimizin Haseke k\u0131rsal\u0131ndaki Refref ve Mefrak el S\u0131dd\u0131k k\u00f6ylerinde I\u015e\u0130D\u2019in son mevkilerini temizleyip iki k\u00f6y ahalisinin can ve mal g\u00fcvenli\u011fini sa\u011flad\u0131klar\u0131n\u0131 belirtti.<\/p>\n<p>G\u00fcn\u00fcn ilerleyen saatlerinde ise Haseke Valilik kayna\u011f\u0131; Haseke k\u0131rsal\u0131n\u0131n bat\u0131s\u0131 Havuz ve Hazzan k\u00f6ylerinde I\u015e\u0130D\u2019in son mevkilerini imha eden ordu birliklerimizin iki k\u00f6yde kontrol ve g\u00fcvenli\u011fi sa\u011flad\u0131klar\u0131n\u0131 belirtti.<\/p>\n<p>Kaynak ordu birliklerimizin d\u00f6rt\u00a0k\u00f6yde I\u015e\u0130D\u2019li \u00e7ok say\u0131da ter\u00f6risti \u00f6ld\u00fcr\u00fcp muhtelif yerlere yerle\u015ftirmi\u015f olduklar\u0131 bubi tuzaklar\u0131n\u0131 da etkisizle\u015ftirdiklerini s\u00f6yledi.<\/p>\n<p><span style=\"color: #0000ff\">DERA:<\/span><\/p>\n<p>Askeri kaynak, ordu birliklerimizin Dera k\u0131rsal\u0131 Etman Beldesi \u00e7evresindeki el Bitar Mezras\u0131n\u0131n kuzeyinde \u00dcrd\u00fcn ve \u0130srail destekli ter\u00f6ristlerin yuvalar\u0131na y\u00f6nelik operasyonlar d\u00fczenlediklerini aktar\u0131rken, bir\u00e7ok ter\u00f6risti havzalar\u0131ndaki silah ve ara\u00e7lar\u0131yla imha ettiklerini s\u00f6yledi.<\/p>\n<p>Kaynak; ordu birliklerimizin ayn\u0131 zamanda \u2018el Mutazbillah T\u00fcmeni\u2019ne tabi bir ter\u00f6r grubunun Dera k\u0131rsal\u0131 Etman Beldesine s\u0131zma giri\u015fimlerini \u00e7\u00f6kertmeleri sonucunda grubun t\u00fcm \u00fcyelerini \u00f6ld\u00fcrd\u00fcklerini s\u00f6yledi.<\/p>\n<p>Kaynak Dera k\u0131rsal\u0131n\u0131n kuzeybat\u0131s\u0131 Um el Avsac B\u00f6lgesinde ise Nusra Cephesi ve di\u011fer \u00f6rg\u00fctlerin siperlerini hedef alan ordu birliklerimizin \u00e7ok say\u0131da ter\u00f6risti \u00f6l\u00fc ve yaral\u0131 d\u00fc\u015f\u00fcrd\u00fcklerine dikkat \u00e7ekti.<\/p>\n<p>Ter\u00f6r \u00e7eteleri medya ara\u00e7lar\u0131nda \u2018el Velaulillah T\u00fcmeni\u2019 ad\u0131yla bilenen olu\u015fumun s\u00f6zde komutan\u0131 Nas\u0131r \u0130brahim \u015eeref\u2019in \u00f6ld\u00fcr\u00fcld\u00fc\u011f\u00fcn\u00fc itiraf etti.<\/p>\n<p><span style=\"color: #0000ff\">\u0130DL\u0130B:<\/span><\/p>\n<p>Askeri kaynak, ordu birliklerimizin \u0130dlib k\u0131rsal\u0131 Sankara Beldesinde T\u00fcrkiye&#8217;deki rejimin destekledi\u011fi tekfirci katil \u00e7etelerin belde ve ahalisine sald\u0131r\u0131 giri\u015fimlerini \u00e7\u00f6kerttiklerini s\u00f6yledi.<\/p>\n<p>Kaynak \u00e7at\u0131\u015fmada onlarca ter\u00f6ristin \u00f6l\u00fc ve yaral\u0131 d\u00fc\u015f\u00fcr\u00fcld\u00fcklerini, ara\u00e7 ve a\u011f\u0131r silahlar\u0131n\u0131n da imha edildi\u011fini belirtti.<\/p>\n<p>Kaynak, \u0130dlib k\u0131rsal\u0131n\u0131n bat\u0131 k\u0131rsal\u0131nda ise ordu birliklerimizin Cebel el Erbain da\u011f\u0131n\u0131n \u00e7evresindeki baz\u0131 askeri noktalara ter\u00f6rist gruplar\u0131n s\u0131zma giri\u015fimlerini \u00e7\u00f6kerttiklerini, s\u00f6z konusu ter\u00f6rist gruplardan onlarca ter\u00f6risti \u00f6l\u00fc ve yaral\u0131 d\u00fc\u015f\u00fcrd\u00fcklerini silah ve te\u00e7hizatlar\u0131n\u0131 da imha ettiklerini s\u00f6yledi.<\/p>\n<p>Di\u011fer yandan ordu birliklerimiz \u0130dlib k\u0131rsal\u0131 el Kefir\u2019in civar\u0131, \u015eeyh Sendiyan ve \u011eaniye b\u00f6lgelerinde Nusra Cephesinden onlarca ter\u00f6risti \u00f6l\u00fc ve yaral\u0131 d\u00fc\u015f\u00fcrd\u00fc.<\/p>\n<p>Kaynak, ordu operasyonlar\u0131n\u0131n, G\u00fcvenlik Konseyinin ter\u00f6rle m\u00fccadele kararlar\u0131na ra\u011fmen ihvanc\u0131 Erdo\u011fan rejiminin a\u00e7\u0131k deste\u011fiyle T\u00fcrkiye s\u0131n\u0131r\u0131ndan s\u0131zan y\u00fczlerce kiral\u0131k ter\u00f6risti saflar\u0131nda bar\u0131nd\u0131ran \u00a0s\u00f6zde \u201c\u0130slam Ordusu\u201d adl\u0131 ter\u00f6r \u00f6rg\u00fct\u00fcne ba\u011fl\u0131 \u00e7ok say\u0131da arac\u0131n imha edilmesine yol a\u00e7t\u0131\u011f\u0131na dikkat \u00e7ekti.<\/p>\n<p>\u0130dlib k\u0131rsal\u0131 Cisre\u015f\u015fu\u011fur Kasabas\u0131n\u0131n civar\u0131, Be\u015flamun ve Ravda k\u00f6ylerinde ise ter\u00f6ristlerin toplanma yerlerini hedef alan ordu birliklerimiz; onlarca ter\u00f6risti \u00f6l\u00fc ve yaral\u0131 d\u00fc\u015f\u00fcrd\u00fc.<\/p>\n<p><span style=\"color: #0000ff\">KUNAYTRA :<\/span><\/p>\n<p>\u00d6te yandan ordu birliklerimiz Kunaytra k\u0131rsal\u0131n\u0131n kuzeydo\u011fusu Bat\u0131 Semadaniye K\u00f6y\u00fcnde ter\u00f6ristlerin toplanma yerleri ve hareketlenmelerini hedef almalar\u0131yla \u00e7ok say\u0131da ter\u00f6risti \u00f6l\u00fc ve yaral\u0131 d\u00fc\u015f\u00fcr\u00fcp a\u011f\u0131r makineli silahla donat\u0131lm\u0131\u015f bir\u00e7ok arac\u0131 da imha etti.<\/p>\n<p>Ordu birliklerimiz Kunaytra k\u0131rsal\u0131n\u0131n do\u011fusu Meshara Beldesinde de \u0130srail\u2019e ba\u011fl\u0131 \u2018el Nas\u0131r Selahattin T\u00fcmeni\u2019 ve \u2018Seyf el \u015eam T\u00fcmenleri\u2019 adl\u0131 ter\u00f6r \u00e7etelerin yuva ve karargahlar\u0131na nitelikli operasyonlar\u0131n\u0131 s\u00fcrd\u00fcrerek saflar\u0131nda a\u011f\u0131r kay\u0131plara yola a\u00e7t\u0131.<\/p>\n<p><span style=\"color: #0000ff\">HOMS :<\/span><\/p>\n<p>Kaynak ordu birliklerimizin Homs k\u0131rsal\u0131n\u0131n kuzeyi Resten ve Resten Tepesinde Nusra Cephesinin yuva ve k\u00fcmelenme yerlerini hedef alarak onlarca ter\u00f6risti \u00f6l\u00fc ve yaral\u0131 d\u00fc\u015f\u00fcr\u00fcp silah ve m\u00fchimmat\u0131n\u0131 da imha ettiklerini aktard\u0131.<\/p>\n<p><span style=\"color: #0000ff\">HAMA :<\/span><\/p>\n<p>Askeri kaynak; ordu birliklerimizin Hama k\u0131rsal\u0131n\u0131n kuzeyi Kahire \u2013 Mansura ekseninde ter\u00f6ristlere ait bir ara\u00e7 konvoyunu muhtevalar\u0131yla birlikte imha etmelerine e\u015f zamanl\u0131 olarak Hamidiye civar\u0131nda \u00e7ok say\u0131da ter\u00f6risti \u00f6ld\u00fcrd\u00fcklerini ifade etti.<\/p>\n<p>Askeri kaynak; ordu birliklerimizin Hama Kentinde ise ter\u00f6ristlere ait bir karargaha bask\u0131n operasyonu d\u00fczenledi\u011fini belirtti.<\/p>\n<p>Kaynak operasyonda muhtelif t\u00fcr b\u00fcy\u00fck miktar cephanenin ele ge\u00e7irildi\u011fini ifade ederken, karargahta bulunan ter\u00f6ristlerin de tutukland\u0131\u011f\u0131n\u0131 s\u00f6yledi.<\/p>\n<p style=\"text-align: center\"><strong><span style=\"color: #0000ff\">HASEKE<\/span><\/strong><\/p>\n<div id='gallery-1' class='gallery galleryid-33096 gallery-columns-2 gallery-size-medium'><figure class='gallery-item'>\n\t\t\t<div class='gallery-icon landscape'>\n\t\t\t\t<a href='https:\/\/archive.sana.sy\/tr\/wp-content\/uploads\/2015\/05\/IMG-20150512-WA0041.jpg'><img loading=\"lazy\" decoding=\"async\" width=\"300\" height=\"182\" src=\"https:\/\/archive.sana.sy\/tr\/wp-content\/uploads\/2015\/05\/IMG-20150512-WA0041-300x182.jpg\" class=\"attachment-medium size-medium\" alt=\"\" srcset=\"https:\/\/archive.sana.sy\/tr\/wp-content\/uploads\/2015\/05\/IMG-20150512-WA0041-300x182.jpg 300w, https:\/\/archive.sana.sy\/tr\/wp-content\/uploads\/2015\/05\/IMG-20150512-WA0041-150x91.jpg 150w, https:\/\/archive.sana.sy\/tr\/wp-content\/uploads\/2015\/05\/IMG-20150512-WA0041-1024x622.jpg 1024w\" sizes=\"auto, (max-width: 300px) 100vw, 300px\" \/><\/a>\n\t\t\t<\/div><\/figure><figure class='gallery-item'>\n\t\t\t<div class='gallery-icon landscape'>\n\t\t\t\t<a href='https:\/\/archive.sana.sy\/tr\/wp-content\/uploads\/2015\/05\/IMG-20150512-WA0037.jpg'><img loading=\"lazy\" decoding=\"async\" width=\"300\" height=\"225\" src=\"https:\/\/archive.sana.sy\/tr\/wp-content\/uploads\/2015\/05\/IMG-20150512-WA0037-300x225.jpg\" class=\"attachment-medium size-medium\" alt=\"\" srcset=\"https:\/\/archive.sana.sy\/tr\/wp-content\/uploads\/2015\/05\/IMG-20150512-WA0037-300x225.jpg 300w, https:\/\/archive.sana.sy\/tr\/wp-content\/uploads\/2015\/05\/IMG-20150512-WA0037-150x112.jpg 150w, https:\/\/archive.sana.sy\/tr\/wp-content\/uploads\/2015\/05\/IMG-20150512-WA0037-1024x767.jpg 1024w\" sizes=\"auto, (max-width: 300px) 100vw, 300px\" \/><\/a>\n\t\t\t<\/div><\/figure><figure class='gallery-item'>\n\t\t\t<div class='gallery-icon portrait'>\n\t\t\t\t<a href='https:\/\/archive.sana.sy\/tr\/wp-content\/uploads\/2015\/05\/IMG-20150512-WA0036.jpg'><img loading=\"lazy\" decoding=\"async\" width=\"225\" height=\"300\" src=\"https:\/\/archive.sana.sy\/tr\/wp-content\/uploads\/2015\/05\/IMG-20150512-WA0036-225x300.jpg\" class=\"attachment-medium size-medium\" alt=\"\" srcset=\"https:\/\/archive.sana.sy\/tr\/wp-content\/uploads\/2015\/05\/IMG-20150512-WA0036-225x300.jpg 225w, https:\/\/archive.sana.sy\/tr\/wp-content\/uploads\/2015\/05\/IMG-20150512-WA0036-112x150.jpg 112w, https:\/\/archive.sana.sy\/tr\/wp-content\/uploads\/2015\/05\/IMG-20150512-WA0036-767x1024.jpg 767w\" sizes=\"auto, (max-width: 225px) 100vw, 225px\" \/><\/a>\n\t\t\t<\/div><\/figure><figure class='gallery-item'>\n\t\t\t<div class='gallery-icon landscape'>\n\t\t\t\t<a href='https:\/\/archive.sana.sy\/tr\/wp-content\/uploads\/2015\/05\/IMG-20150512-WA0033.jpg'><img loading=\"lazy\" decoding=\"async\" width=\"300\" height=\"194\" src=\"https:\/\/archive.sana.sy\/tr\/wp-content\/uploads\/2015\/05\/IMG-20150512-WA0033-300x194.jpg\" class=\"attachment-medium size-medium\" alt=\"\" srcset=\"https:\/\/archive.sana.sy\/tr\/wp-content\/uploads\/2015\/05\/IMG-20150512-WA0033-300x194.jpg 300w, https:\/\/archive.sana.sy\/tr\/wp-content\/uploads\/2015\/05\/IMG-20150512-WA0033-150x97.jpg 150w, https:\/\/archive.sana.sy\/tr\/wp-content\/uploads\/2015\/05\/IMG-20150512-WA0033-1024x663.jpg 1024w\" sizes=\"auto, (max-width: 300px) 100vw, 300px\" \/><\/a>\n\t\t\t<\/div><\/figure><figure class='gallery-item'>\n\t\t\t<div class='gallery-icon landscape'>\n\t\t\t\t<a href='https:\/\/archive.sana.sy\/tr\/wp-content\/uploads\/2015\/05\/IMG-20150512-WA0032.jpg'><img loading=\"lazy\" decoding=\"async\" width=\"300\" height=\"210\" src=\"https:\/\/archive.sana.sy\/tr\/wp-content\/uploads\/2015\/05\/IMG-20150512-WA0032-300x210.jpg\" class=\"attachment-medium size-medium\" alt=\"\" srcset=\"https:\/\/archive.sana.sy\/tr\/wp-content\/uploads\/2015\/05\/IMG-20150512-WA0032-300x210.jpg 300w, https:\/\/archive.sana.sy\/tr\/wp-content\/uploads\/2015\/05\/IMG-20150512-WA0032-150x105.jpg 150w, https:\/\/archive.sana.sy\/tr\/wp-content\/uploads\/2015\/05\/IMG-20150512-WA0032-1024x715.jpg 1024w\" sizes=\"auto, (max-width: 300px) 100vw, 300px\" \/><\/a>\n\t\t\t<\/div><\/figure><figure class='gallery-item'>\n\t\t\t<div class='gallery-icon landscape'>\n\t\t\t\t<a href='https:\/\/archive.sana.sy\/tr\/wp-content\/uploads\/2015\/05\/IMG-20150512-WA0031.jpg'><img loading=\"lazy\" decoding=\"async\" width=\"300\" height=\"225\" src=\"https:\/\/archive.sana.sy\/tr\/wp-content\/uploads\/2015\/05\/IMG-20150512-WA0031-300x225.jpg\" class=\"attachment-medium size-medium\" alt=\"\" srcset=\"https:\/\/archive.sana.sy\/tr\/wp-content\/uploads\/2015\/05\/IMG-20150512-WA0031-300x225.jpg 300w, https:\/\/archive.sana.sy\/tr\/wp-content\/uploads\/2015\/05\/IMG-20150512-WA0031-150x112.jpg 150w, https:\/\/archive.sana.sy\/tr\/wp-content\/uploads\/2015\/05\/IMG-20150512-WA0031-1024x767.jpg 1024w\" sizes=\"auto, (max-width: 300px) 100vw, 300px\" \/><\/a>\n\t\t\t<\/div><\/figure><figure class='gallery-item'>\n\t\t\t<div class='gallery-icon landscape'>\n\t\t\t\t<a href='https:\/\/archive.sana.sy\/tr\/wp-content\/uploads\/2015\/05\/IMG-20150512-WA0030.jpg'><img loading=\"lazy\" decoding=\"async\" width=\"300\" height=\"202\" src=\"https:\/\/archive.sana.sy\/tr\/wp-content\/uploads\/2015\/05\/IMG-20150512-WA0030-300x202.jpg\" class=\"attachment-medium size-medium\" alt=\"\" srcset=\"https:\/\/archive.sana.sy\/tr\/wp-content\/uploads\/2015\/05\/IMG-20150512-WA0030-300x202.jpg 300w, https:\/\/archive.sana.sy\/tr\/wp-content\/uploads\/2015\/05\/IMG-20150512-WA0030-150x101.jpg 150w, https:\/\/archive.sana.sy\/tr\/wp-content\/uploads\/2015\/05\/IMG-20150512-WA0030-1024x689.jpg 1024w\" sizes=\"auto, (max-width: 300px) 100vw, 300px\" \/><\/a>\n\t\t\t<\/div><\/figure><figure class='gallery-item'>\n\t\t\t<div class='gallery-icon landscape'>\n\t\t\t\t<a href='https:\/\/archive.sana.sy\/tr\/wp-content\/uploads\/2015\/05\/IMG-20150512-WA0029.jpg'><img loading=\"lazy\" decoding=\"async\" width=\"300\" height=\"203\" src=\"https:\/\/archive.sana.sy\/tr\/wp-content\/uploads\/2015\/05\/IMG-20150512-WA0029-300x203.jpg\" class=\"attachment-medium size-medium\" alt=\"\" srcset=\"https:\/\/archive.sana.sy\/tr\/wp-content\/uploads\/2015\/05\/IMG-20150512-WA0029-300x203.jpg 300w, https:\/\/archive.sana.sy\/tr\/wp-content\/uploads\/2015\/05\/IMG-20150512-WA0029-150x102.jpg 150w, https:\/\/archive.sana.sy\/tr\/wp-content\/uploads\/2015\/05\/IMG-20150512-WA0029-1024x693.jpg 1024w\" sizes=\"auto, (max-width: 300px) 100vw, 300px\" \/><\/a>\n\t\t\t<\/div><\/figure><figure class='gallery-item'>\n\t\t\t<div class='gallery-icon landscape'>\n\t\t\t\t<a href='https:\/\/archive.sana.sy\/tr\/wp-content\/uploads\/2015\/05\/IMG-20150512-WA0028.jpg'><img loading=\"lazy\" decoding=\"async\" width=\"300\" height=\"225\" src=\"https:\/\/archive.sana.sy\/tr\/wp-content\/uploads\/2015\/05\/IMG-20150512-WA0028-300x225.jpg\" class=\"attachment-medium size-medium\" alt=\"\" srcset=\"https:\/\/archive.sana.sy\/tr\/wp-content\/uploads\/2015\/05\/IMG-20150512-WA0028-300x225.jpg 300w, https:\/\/archive.sana.sy\/tr\/wp-content\/uploads\/2015\/05\/IMG-20150512-WA0028-150x112.jpg 150w, https:\/\/archive.sana.sy\/tr\/wp-content\/uploads\/2015\/05\/IMG-20150512-WA0028-1024x767.jpg 1024w\" sizes=\"auto, (max-width: 300px) 100vw, 300px\" \/><\/a>\n\t\t\t<\/div><\/figure><figure class='gallery-item'>\n\t\t\t<div class='gallery-icon landscape'>\n\t\t\t\t<a href='https:\/\/archive.sana.sy\/tr\/wp-content\/uploads\/2015\/05\/IMG-20150512-WA0027.jpg'><img loading=\"lazy\" decoding=\"async\" width=\"300\" height=\"225\" src=\"https:\/\/archive.sana.sy\/tr\/wp-content\/uploads\/2015\/05\/IMG-20150512-WA0027-300x225.jpg\" class=\"attachment-medium size-medium\" alt=\"\" srcset=\"https:\/\/archive.sana.sy\/tr\/wp-content\/uploads\/2015\/05\/IMG-20150512-WA0027-300x225.jpg 300w, https:\/\/archive.sana.sy\/tr\/wp-content\/uploads\/2015\/05\/IMG-20150512-WA0027-150x112.jpg 150w, https:\/\/archive.sana.sy\/tr\/wp-content\/uploads\/2015\/05\/IMG-20150512-WA0027-1024x767.jpg 1024w\" sizes=\"auto, (max-width: 300px) 100vw, 300px\" \/><\/a>\n\t\t\t<\/div><\/figure><figure class='gallery-item'>\n\t\t\t<div class='gallery-icon landscape'>\n\t\t\t\t<a href='https:\/\/archive.sana.sy\/tr\/wp-content\/uploads\/2015\/05\/IMG-20150512-WA0026.jpg'><img loading=\"lazy\" decoding=\"async\" width=\"300\" height=\"199\" src=\"https:\/\/archive.sana.sy\/tr\/wp-content\/uploads\/2015\/05\/IMG-20150512-WA0026-300x199.jpg\" class=\"attachment-medium size-medium\" alt=\"\" srcset=\"https:\/\/archive.sana.sy\/tr\/wp-content\/uploads\/2015\/05\/IMG-20150512-WA0026-300x199.jpg 300w, https:\/\/archive.sana.sy\/tr\/wp-content\/uploads\/2015\/05\/IMG-20150512-WA0026-150x99.jpg 150w, https:\/\/archive.sana.sy\/tr\/wp-content\/uploads\/2015\/05\/IMG-20150512-WA0026-1024x678.jpg 1024w\" sizes=\"auto, (max-width: 300px) 100vw, 300px\" \/><\/a>\n\t\t\t<\/div><\/figure>\n\t\t<\/div>\n\n<p>A.A.- S.\u015e &#8211; M.M. &#8211; R.H.<\/p>\n","protected":false},"excerpt":{"rendered":"<p>\u0130LLER \u2013 Vatan topraklar\u0131n\u0131n her kar\u0131\u015f topra\u011f\u0131nda ulusal egemenli\u011fi ve halk\u0131 savunan ordu birliklerimiz bug\u00fcn muhtelif b\u00f6lgelerde ter\u00f6ristleri s\u00fcr\u00fcler halinde \u00f6ld\u00fcrerek ara\u00e7 ve cephanelerini de imha etti. HALEP: Ordu birliklerimizin d\u00fcn gece ve bu sabah Halep\u2019te Arap k\u00f6rfez \u015feyhliklerinin finanse ettikleri ve cani Erdo\u011fan rejiminin destekledi\u011fi tekfiri ter\u00f6r \u00f6rg\u00fctlerinden \u00e7ok say\u0131da ter\u00f6risti \u00f6ld\u00fcrd\u00fc. Halep Kentinde &hellip;<\/p>\n","protected":false},"author":1,"featured_media":33097,"comment_status":"closed","ping_status":"closed","sticky":false,"template":"","format":"standard","meta":{"footnotes":""},"categories":[575],"tags":[],"class_list":["post-33096","post","type-post","status-publish","format-standard","has-post-thumbnail","","category-olaylar-ve-gercekler"],"_links":{"self":[{"href":"https:\/\/archive.sana.sy\/tr\/index.php?rest_route=\/wp\/v2\/posts\/33096","targetHints":{"allow":["GET"]}}],"collection":[{"href":"https:\/\/archive.sana.sy\/tr\/index.php?rest_route=\/wp\/v2\/posts"}],"about":[{"href":"https:\/\/archive.sana.sy\/tr\/index.php?rest_route=\/wp\/v2\/types\/post"}],"author":[{"embeddable":true,"href":"https:\/\/archive.sana.sy\/tr\/index.php?rest_route=\/wp\/v2\/users\/1"}],"replies":[{"embeddable":true,"href":"https:\/\/archive.sana.sy\/tr\/index.php?rest_route=%2Fwp%2Fv2%2Fcomments&post=33096"}],"version-history":[{"count":0,"href":"https:\/\/archive.sana.sy\/tr\/index.php?rest_route=\/wp\/v2\/posts\/33096\/revisions"}],"wp:featuredmedia":[{"embeddable":true,"href":"https:\/\/archive.sana.sy\/tr\/index.php?rest_route=\/wp\/v2\/media\/33097"}],"wp:attachment":[{"href":"https:\/\/archive.sana.sy\/tr\/index.php?rest_route=%2Fwp%2Fv2%2Fmedia&parent=33096"}],"wp:term":[{"taxonomy":"category","embeddable":true,"href":"https:\/\/archive.sana.sy\/tr\/index.php?rest_route=%2Fwp%2Fv2%2Fcategories&post=33096"},{"taxonomy":"post_tag","embeddable":true,"href":"https:\/\/archive.sana.sy\/tr\/index.php?rest_route=%2Fwp%2Fv2%2Ftags&post=33096"}],"curies":[{"name":"wp","href":"https:\/\/api.w.org\/{rel}","templated":true}]}}