{"id":33123,"date":"2015-05-12T21:00:10","date_gmt":"2015-05-12T18:00:10","guid":{"rendered":"http:\/\/sana.sy\/tr\/?p=33123"},"modified":"2015-05-13T17:17:17","modified_gmt":"2015-05-13T14:17:17","slug":"freyc-halep-kirsalinda-askeri-birliklerimizi-ziyaret-etti","status":"publish","type":"post","link":"https:\/\/archive.sana.sy\/tr\/?p=33123","title":{"rendered":"Freyc Halep K\u0131rsal\u0131nda Askeri Birliklerimizi Ziyaret Etti"},"content":{"rendered":"<p>HALEP \u2013 Ordu ve Silahl\u0131 Kuvvetler Genel Komutan\u0131 Yard\u0131mc\u0131s\u0131 Savunma Bakan\u0131 Korgeneral Fahd Casim el Freyc bug\u00fcn Cumhurba\u015fkan\u0131 Be\u015f\u015far el Esad\u2019\u0131n verdi\u011fi talimatla Halep k\u0131rsal\u0131nda sanayi b\u00f6lgesi ve \u00e7evresinde bulunan askeri noktalar\u0131 ve birliklerimizi ziyaret etti.<\/p>\n<p><a href=\"http:\/\/sana.sy\/tr\/wp-content\/uploads\/2015\/05\/freyc-4.jpg\"><img loading=\"lazy\" decoding=\"async\" class=\"alignright wp-image-33131 size-medium\" src=\"http:\/\/sana.sy\/tr\/wp-content\/uploads\/2015\/05\/freyc-4-300x200.jpg\" alt=\"freyc 4\" width=\"300\" height=\"200\" srcset=\"https:\/\/archive.sana.sy\/tr\/wp-content\/uploads\/2015\/05\/freyc-4-300x200.jpg 300w, https:\/\/archive.sana.sy\/tr\/wp-content\/uploads\/2015\/05\/freyc-4-150x100.jpg 150w, https:\/\/archive.sana.sy\/tr\/wp-content\/uploads\/2015\/05\/freyc-4.jpg 655w\" sizes=\"auto, (max-width: 300px) 100vw, 300px\" \/><\/a>Askeri noktalarda g\u00f6rev yapan askerlerimiz ve subaylar\u0131m\u0131z\u0131n \u00e7al\u0131\u015fmalar\u0131n\u0131 inceleyen Freyc, kahraman ordu birliklerimizin silahl\u0131 ter\u00f6r gruplar\u0131na kar\u015f\u0131 m\u00fccadelede sergiledikleri \u00f6zveri ve ba\u015far\u0131y\u0131 \u00f6vg\u00fcl\u00fc c\u00fcmlelerle ifade etti.<\/p>\n<p>Ya\u015fad\u0131\u011f\u0131m\u0131z s\u00fcre\u00e7te \u00fclkenin maruz kald\u0131\u011f\u0131 ter\u00f6r sald\u0131r\u0131lar\u0131n\u0131n daha \u00f6ncesinde bir benzerinin g\u00f6r\u00fclmedi\u011fine i\u015faret eden Freyc, kahraman birliklerimizin sergiledi\u011fi destans\u0131 direni\u015f sonucunda dezenformasyon kampanyalar\u0131 ve ter\u00f6r projelerinin t\u00fcm\u00fcn\u00fcn hezimete u\u011frat\u0131ld\u0131\u011f\u0131n\u0131n alt\u0131n\u0131 \u00e7izdi.<\/p>\n<p>Suriye halk\u0131n\u0131n bilinci, ordusu ve y\u00f6netimine ba\u011fl\u0131l\u0131\u011f\u0131n\u0131n vatan\u0131n en g\u00fc\u00e7l\u00fc kalkan\u0131n\u0131 te\u015fkil etti\u011fini dile getiren Freyc, Silahl\u0131 Kuvvetler Genel Komutanl\u0131\u011f\u0131n\u0131n karaman birliklerimizin ter\u00f6re kar\u015f\u0131 m\u00fccadeleleri ve fedak\u00e2rl\u0131klar\u0131yla gurur duydu\u011funu vurgulad\u0131.<\/p>\n<div id='gallery-1' class='gallery galleryid-33123 gallery-columns-3 gallery-size-thumbnail'><figure class='gallery-item'>\n\t\t\t<div class='gallery-icon landscape'>\n\t\t\t\t<a href='https:\/\/archive.sana.sy\/tr\/wp-content\/uploads\/2015\/05\/freyc-1.jpg'><img loading=\"lazy\" decoding=\"async\" width=\"150\" height=\"91\" src=\"https:\/\/archive.sana.sy\/tr\/wp-content\/uploads\/2015\/05\/freyc-1-150x91.jpg\" class=\"attachment-thumbnail size-thumbnail\" alt=\"\" srcset=\"https:\/\/archive.sana.sy\/tr\/wp-content\/uploads\/2015\/05\/freyc-1-150x91.jpg 150w, https:\/\/archive.sana.sy\/tr\/wp-content\/uploads\/2015\/05\/freyc-1-300x182.jpg 300w, https:\/\/archive.sana.sy\/tr\/wp-content\/uploads\/2015\/05\/freyc-1.jpg 711w\" sizes=\"auto, (max-width: 150px) 100vw, 150px\" \/><\/a>\n\t\t\t<\/div><\/figure><figure class='gallery-item'>\n\t\t\t<div class='gallery-icon landscape'>\n\t\t\t\t<a href='https:\/\/archive.sana.sy\/tr\/wp-content\/uploads\/2015\/05\/freyc-2.jpg'><img loading=\"lazy\" decoding=\"async\" width=\"150\" height=\"86\" src=\"https:\/\/archive.sana.sy\/tr\/wp-content\/uploads\/2015\/05\/freyc-2-150x86.jpg\" class=\"attachment-thumbnail size-thumbnail\" alt=\"\" srcset=\"https:\/\/archive.sana.sy\/tr\/wp-content\/uploads\/2015\/05\/freyc-2-150x86.jpg 150w, https:\/\/archive.sana.sy\/tr\/wp-content\/uploads\/2015\/05\/freyc-2-300x172.jpg 300w, https:\/\/archive.sana.sy\/tr\/wp-content\/uploads\/2015\/05\/freyc-2.jpg 758w\" sizes=\"auto, (max-width: 150px) 100vw, 150px\" \/><\/a>\n\t\t\t<\/div><\/figure><figure class='gallery-item'>\n\t\t\t<div class='gallery-icon landscape'>\n\t\t\t\t<a href='https:\/\/archive.sana.sy\/tr\/wp-content\/uploads\/2015\/05\/freyc-3.jpg'><img loading=\"lazy\" decoding=\"async\" width=\"150\" height=\"90\" src=\"https:\/\/archive.sana.sy\/tr\/wp-content\/uploads\/2015\/05\/freyc-3-150x90.jpg\" class=\"attachment-thumbnail size-thumbnail\" alt=\"\" srcset=\"https:\/\/archive.sana.sy\/tr\/wp-content\/uploads\/2015\/05\/freyc-3-150x90.jpg 150w, https:\/\/archive.sana.sy\/tr\/wp-content\/uploads\/2015\/05\/freyc-3-300x180.jpg 300w, https:\/\/archive.sana.sy\/tr\/wp-content\/uploads\/2015\/05\/freyc-3.jpg 721w\" sizes=\"auto, (max-width: 150px) 100vw, 150px\" \/><\/a>\n\t\t\t<\/div><\/figure>\n\t\t<\/div>\n\n<p>&nbsp;<\/p>\n<p>https:\/\/www.youtube.com\/watch?v=tjgFVCfFy_M<\/p>\n<p>F.B. &#8211; M.M. &#8211; R.H.<\/p>\n","protected":false},"excerpt":{"rendered":"<p>HALEP \u2013 Ordu ve Silahl\u0131 Kuvvetler Genel Komutan\u0131 Yard\u0131mc\u0131s\u0131 Savunma Bakan\u0131 Korgeneral Fahd Casim el Freyc bug\u00fcn Cumhurba\u015fkan\u0131 Be\u015f\u015far el Esad\u2019\u0131n verdi\u011fi talimatla Halep k\u0131rsal\u0131nda sanayi b\u00f6lgesi ve \u00e7evresinde bulunan askeri noktalar\u0131 ve birliklerimizi ziyaret etti. Askeri noktalarda g\u00f6rev yapan askerlerimiz ve subaylar\u0131m\u0131z\u0131n \u00e7al\u0131\u015fmalar\u0131n\u0131 inceleyen Freyc, kahraman ordu birliklerimizin silahl\u0131 ter\u00f6r gruplar\u0131na kar\u015f\u0131 m\u00fccadelede sergiledikleri &hellip;<\/p>\n","protected":false},"author":1,"featured_media":33124,"comment_status":"closed","ping_status":"closed","sticky":false,"template":"","format":"standard","meta":{"footnotes":""},"categories":[479,478],"tags":[14502],"class_list":["post-33123","post","type-post","status-publish","format-standard","has-post-thumbnail","","category-haberler-yerel","category-yerel","tag-freyc-halep-kirsalinda-askeri-birliklerimizi-ziyaret-etti"],"_links":{"self":[{"href":"https:\/\/archive.sana.sy\/tr\/index.php?rest_route=\/wp\/v2\/posts\/33123","targetHints":{"allow":["GET"]}}],"collection":[{"href":"https:\/\/archive.sana.sy\/tr\/index.php?rest_route=\/wp\/v2\/posts"}],"about":[{"href":"https:\/\/archive.sana.sy\/tr\/index.php?rest_route=\/wp\/v2\/types\/post"}],"author":[{"embeddable":true,"href":"https:\/\/archive.sana.sy\/tr\/index.php?rest_route=\/wp\/v2\/users\/1"}],"replies":[{"embeddable":true,"href":"https:\/\/archive.sana.sy\/tr\/index.php?rest_route=%2Fwp%2Fv2%2Fcomments&post=33123"}],"version-history":[{"count":0,"href":"https:\/\/archive.sana.sy\/tr\/index.php?rest_route=\/wp\/v2\/posts\/33123\/revisions"}],"wp:featuredmedia":[{"embeddable":true,"href":"https:\/\/archive.sana.sy\/tr\/index.php?rest_route=\/wp\/v2\/media\/33124"}],"wp:attachment":[{"href":"https:\/\/archive.sana.sy\/tr\/index.php?rest_route=%2Fwp%2Fv2%2Fmedia&parent=33123"}],"wp:term":[{"taxonomy":"category","embeddable":true,"href":"https:\/\/archive.sana.sy\/tr\/index.php?rest_route=%2Fwp%2Fv2%2Fcategories&post=33123"},{"taxonomy":"post_tag","embeddable":true,"href":"https:\/\/archive.sana.sy\/tr\/index.php?rest_route=%2Fwp%2Fv2%2Ftags&post=33123"}],"curies":[{"name":"wp","href":"https:\/\/api.w.org\/{rel}","templated":true}]}}