{"id":33160,"date":"2015-05-13T10:34:12","date_gmt":"2015-05-13T07:34:12","guid":{"rendered":"http:\/\/sana.sy\/tr\/?p=33160"},"modified":"2015-05-13T10:34:12","modified_gmt":"2015-05-13T07:34:12","slug":"barazi-teror-magdurlarinin-evlerine-yeniden-donme-sureci-hizlandirilmalidir","status":"publish","type":"post","link":"https:\/\/archive.sana.sy\/tr\/?p=33160","title":{"rendered":"Barazi Ter\u00f6r Ma\u011fdurlar\u0131n\u0131n Evlerine Yeniden D\u00f6nme S\u00fcreci H\u0131zland\u0131r\u0131lmal\u0131d\u0131r"},"content":{"rendered":"<p>HOMS \u2013 Homs Valisi Talal el Barazi d\u00fcn BM Suriye \u0130nsan Yerle\u015fkeleri Program\u0131 Heyeti Ba\u015fkan\u0131 Silas Dafricksa ile yapt\u0131\u011f\u0131 toplant\u0131da BM\u2019ye ba\u011fl\u0131 \u00f6rg\u00fctlerin Suriye devleti ile i\u015fbirli\u011fi i\u00e7ersinde yeniden in\u015fa s\u00fcrecinde oynayacaklar\u0131 role ve evlerinden zor ve bask\u0131 ile g\u00f6\u00e7 ettirilen vatanda\u015flar\u0131n yeniden evlerine d\u00f6nmeleri s\u00fcrecini h\u0131zland\u0131rman\u0131n \u00f6nemine dikkat \u00e7ekti.<\/p>\n<p>Homs ilinde g\u00fcnl\u00fck ya\u015fam, g\u00fcvenlik ve istikrara ili\u015fkin bir anlat\u0131m sunan Barazi, kahraman ordu birliklerimizin silahl\u0131 ter\u00f6r gruplar\u0131na kar\u015f\u0131 m\u00fccadelesi ve b\u00fct\u00fcn b\u00f6lgeleri ter\u00f6rden tamamen ar\u0131nd\u0131rma \u00e7abas\u0131n\u0131n s\u00fcrd\u00fc\u011f\u00fcn\u00fc vurgulad\u0131.<\/p>\n<p>\u00d6te yandan Homs iline d\u00fczenledi\u011fi bir dizi ziyaret s\u0131ras\u0131nda b\u00fct\u00fcn semtler ve b\u00f6lgeler hakk\u0131nda edindi\u011fi bilgi ve g\u00f6zlemleri \u00e7er\u00e7evesinde bir de\u011ferlendirme yapt\u0131\u011f\u0131n\u0131 ifade eden Dafricksa; i\u00e7me suyu temini, kat\u0131 at\u0131klar\u0131n d\u00f6n\u00fc\u015ft\u00fcr\u00fclmesi, kanalizasyon \u015febekelerinin d\u00fczenlenmesi ve daha bir\u00e7ok alanda BM \u0130nsan Yerle\u015fkeleri Program\u0131 taraf\u0131ndan deste\u011fin devam edece\u011fini belirtti.<\/p>\n<p>F.B. &#8211; R.H.<\/p>\n","protected":false},"excerpt":{"rendered":"<p>HOMS \u2013 Homs Valisi Talal el Barazi d\u00fcn BM Suriye \u0130nsan Yerle\u015fkeleri Program\u0131 Heyeti Ba\u015fkan\u0131 Silas Dafricksa ile yapt\u0131\u011f\u0131 toplant\u0131da BM\u2019ye ba\u011fl\u0131 \u00f6rg\u00fctlerin Suriye devleti ile i\u015fbirli\u011fi i\u00e7ersinde yeniden in\u015fa s\u00fcrecinde oynayacaklar\u0131 role ve evlerinden zor ve bask\u0131 ile g\u00f6\u00e7 ettirilen vatanda\u015flar\u0131n yeniden evlerine d\u00f6nmeleri s\u00fcrecini h\u0131zland\u0131rman\u0131n \u00f6nemine dikkat \u00e7ekti. Homs ilinde g\u00fcnl\u00fck ya\u015fam, g\u00fcvenlik &hellip;<\/p>\n","protected":false},"author":1,"featured_media":33162,"comment_status":"closed","ping_status":"closed","sticky":false,"template":"","format":"standard","meta":{"footnotes":""},"categories":[479,478],"tags":[],"class_list":["post-33160","post","type-post","status-publish","format-standard","has-post-thumbnail","","category-haberler-yerel","category-yerel"],"_links":{"self":[{"href":"https:\/\/archive.sana.sy\/tr\/index.php?rest_route=\/wp\/v2\/posts\/33160","targetHints":{"allow":["GET"]}}],"collection":[{"href":"https:\/\/archive.sana.sy\/tr\/index.php?rest_route=\/wp\/v2\/posts"}],"about":[{"href":"https:\/\/archive.sana.sy\/tr\/index.php?rest_route=\/wp\/v2\/types\/post"}],"author":[{"embeddable":true,"href":"https:\/\/archive.sana.sy\/tr\/index.php?rest_route=\/wp\/v2\/users\/1"}],"replies":[{"embeddable":true,"href":"https:\/\/archive.sana.sy\/tr\/index.php?rest_route=%2Fwp%2Fv2%2Fcomments&post=33160"}],"version-history":[{"count":0,"href":"https:\/\/archive.sana.sy\/tr\/index.php?rest_route=\/wp\/v2\/posts\/33160\/revisions"}],"wp:featuredmedia":[{"embeddable":true,"href":"https:\/\/archive.sana.sy\/tr\/index.php?rest_route=\/wp\/v2\/media\/33162"}],"wp:attachment":[{"href":"https:\/\/archive.sana.sy\/tr\/index.php?rest_route=%2Fwp%2Fv2%2Fmedia&parent=33160"}],"wp:term":[{"taxonomy":"category","embeddable":true,"href":"https:\/\/archive.sana.sy\/tr\/index.php?rest_route=%2Fwp%2Fv2%2Fcategories&post=33160"},{"taxonomy":"post_tag","embeddable":true,"href":"https:\/\/archive.sana.sy\/tr\/index.php?rest_route=%2Fwp%2Fv2%2Ftags&post=33160"}],"curies":[{"name":"wp","href":"https:\/\/api.w.org\/{rel}","templated":true}]}}