{"id":33173,"date":"2015-05-13T10:55:08","date_gmt":"2015-05-13T07:55:08","guid":{"rendered":"http:\/\/sana.sy\/tr\/?p=33173"},"modified":"2015-05-13T10:55:08","modified_gmt":"2015-05-13T07:55:08","slug":"suriyenin-guven-ve-barisi-ile-herhangi-bir-manipulasyon-dunya-guven-ve-barisiyla-manipulasyondur","status":"publish","type":"post","link":"https:\/\/archive.sana.sy\/tr\/?p=33173","title":{"rendered":"Suriye\u2019nin G\u00fcven ve Bar\u0131\u015f\u0131 \u0130le Herhangi Bir Manip\u00fclasyon D\u00fcnya G\u00fcven Ve Bar\u0131\u015f\u0131yla Manip\u00fclasyondur"},"content":{"rendered":"<p>\u015eAM \u2013 Birle\u015fmi\u015f Milletlerin Suriye\u2019de ikamet eden temsilcisi Yakup el Huluv, Suriye devletinin BM kurucu \u00fcyelerinden biri oldu\u011funu, ve Suriye\u2019nin halen BM\u2019nin b\u00fct\u00fcn eksen ve forumlarda temsil edildi\u011fini belirtti.<\/p>\n<p>El Huluv, BM\u2019nin Suriye topraklar\u0131 \u00fczerindeki varl\u0131\u011f\u0131n\u0131n Suriye h\u00fck\u00fcmetinin daveti \u00fczere oldu\u011fu ve uluslararas\u0131 kanun ve h\u00fck\u00fcmetin onay\u0131na mahkum oldu\u011funu a\u00e7\u0131klad\u0131.<\/p>\n<p>El \u0130hbariyye kanal\u0131n\u0131n d\u00fczenledi\u011fi programa konuk olan el Huluv, Suriye\u2019de en b\u00fcy\u00fck insani eylemin Suriyeliler taraf\u0131ndan yap\u0131ld\u0131\u011f\u0131n\u0131, Suriye devlet kurumlar\u0131n\u0131n ise halen \u00e7al\u0131\u015ft\u0131\u011f\u0131n\u0131, kendi hakimiyeti alt\u0131nda olmayan b\u00f6lgeler dahil b\u00fcy\u00fck say\u0131da sivillere hizmet sundu\u011funu s\u00f6yledi.<\/p>\n<p>El Huluv, BM olarak bu \u00fclkedeki sorumluluklar\u0131n\u0131n \u00e7al\u0131\u015fmak ve zarar g\u00f6renlere yard\u0131mlar\u0131 ula\u015ft\u0131rmak i\u00e7in m\u00fcmk\u00fcn olan her yolu ara\u015ft\u0131rmak oldu\u011funu belirtti.<\/p>\n<p>El Huluv, BM\u2019de g\u00f6revli olarak istisnai \u015fartlara ra\u011fmen Suriye\u2019nin egemenli\u011fine sayg\u0131 duyduklar\u0131n\u0131 belirterek, Suriye\u2019nin kriz \u00f6ncesi m\u00fcltecileri bar\u0131nd\u0131ran d\u00fcnyan\u0131n 3. \u00fclkesi oldu\u011funu unutmad\u0131klar\u0131n\u0131 dile getirdi.<\/p>\n<p>Suriye\u2019nin her zaman insanl\u0131\u011f\u0131 temsil etti\u011fini ve devam edece\u011fine i\u015faret eden el Huluv, bu y\u00fczden Suriye gibi bir \u00fclkeyle manip\u00fclasyonun yap\u0131lamayaca\u011f\u0131n\u0131 \u00e7\u00fcnk\u00fc bar\u0131\u015f ve g\u00fcvenli\u011fiyle herhangi bir manip\u00fclasyonun d\u00fcnya g\u00fcven ve bar\u0131\u015f\u0131yla do\u011frudan manip\u00fclasyon oldu\u011funu\u00a0 vurgulad\u0131.<\/p>\n<p>Bu kalk\u0131nsal \u00f6rg\u00fct\u00fcn \u00e7al\u0131\u015fma y\u00f6netimiyle ilgili\u00a0 konseyinde \u00fcye \u00fclkelerin, Suriye\u2019ye dayat\u0131lan bir sava\u015f oldu\u011funa ikna edildiklerine i\u015faret eden el Huluv, hedeflerinin insani yard\u0131mlar\u0131 ihtiya\u00e7 sahibi her Suriyeli vatanda\u015fa ula\u015ft\u0131rmak oldu\u011funa dikkat \u00e7ekti.<\/p>\n<p>Suriye halk\u0131n\u0131n teslim olmad\u0131\u011f\u0131n\u0131 ve bu krizin \u00e7\u00f6z\u00fcm\u00fc olmad\u0131\u011f\u0131n\u0131 hi\u00e7 bir zaman demedi\u011fine dikkat \u00e7eken el Huluv, Suriye insan\u0131n\u0131n \u00fclkesinde bulundu\u011funu onurlu bir \u015fekilde ya\u015famak i\u00e7in de m\u00fcmk\u00fcn olan b\u00fct\u00fcn yollar\u0131 denedi\u011fini ve bu noktan\u0131n kendileri taraf\u0131ndan takdirle kar\u015f\u0131land\u0131\u011f\u0131n\u0131 \u00e7\u00fcnk\u00fc, bu kalk\u0131nsal projelerin Suriyeli insana fayda sa\u011flayaca\u011f\u0131na ve en yak\u0131n zamanda sa\u011fl\u0131\u011fa kavu\u015faca\u011f\u0131n\u0131n sinyali oldu\u011funa inand\u0131klar\u0131n\u0131 ve de bunun \u00f6nemli bir d\u00f6n\u00fcm noktas\u0131 oldu\u011funu ifade etti.<\/p>\n<p>S.\u015e. &#8211; R.H.<\/p>\n","protected":false},"excerpt":{"rendered":"<p>\u015eAM \u2013 Birle\u015fmi\u015f Milletlerin Suriye\u2019de ikamet eden temsilcisi Yakup el Huluv, Suriye devletinin BM kurucu \u00fcyelerinden biri oldu\u011funu, ve Suriye\u2019nin halen BM\u2019nin b\u00fct\u00fcn eksen ve forumlarda temsil edildi\u011fini belirtti. El Huluv, BM\u2019nin Suriye topraklar\u0131 \u00fczerindeki varl\u0131\u011f\u0131n\u0131n Suriye h\u00fck\u00fcmetinin daveti \u00fczere oldu\u011fu ve uluslararas\u0131 kanun ve h\u00fck\u00fcmetin onay\u0131na mahkum oldu\u011funu a\u00e7\u0131klad\u0131. El \u0130hbariyye kanal\u0131n\u0131n d\u00fczenledi\u011fi programa &hellip;<\/p>\n","protected":false},"author":1,"featured_media":33175,"comment_status":"closed","ping_status":"closed","sticky":false,"template":"","format":"standard","meta":{"footnotes":""},"categories":[479,447,478],"tags":[14510,14509,14511],"class_list":["post-33173","post","type-post","status-publish","format-standard","has-post-thumbnail","","category-haberler-yerel","category-politika","category-yerel","tag-suriye-devletinin-bm-kurucu-uyelerinden-biri-oldugunu","tag-suriyenin-guven-ve-barisi-ile-herhangi-bir-manipulasyon-dunya-guven-ve-barisiyla-manipulasyondur-sam-birlesmis-milletlerin-suriyede-ikamet-eden-temsilcisi-yakup-el-huluv","tag-ve-suriyenin-halen-bmnin-butun-eksen-ve-forumlarda-temsil-edildigini-belirtti"],"_links":{"self":[{"href":"https:\/\/archive.sana.sy\/tr\/index.php?rest_route=\/wp\/v2\/posts\/33173","targetHints":{"allow":["GET"]}}],"collection":[{"href":"https:\/\/archive.sana.sy\/tr\/index.php?rest_route=\/wp\/v2\/posts"}],"about":[{"href":"https:\/\/archive.sana.sy\/tr\/index.php?rest_route=\/wp\/v2\/types\/post"}],"author":[{"embeddable":true,"href":"https:\/\/archive.sana.sy\/tr\/index.php?rest_route=\/wp\/v2\/users\/1"}],"replies":[{"embeddable":true,"href":"https:\/\/archive.sana.sy\/tr\/index.php?rest_route=%2Fwp%2Fv2%2Fcomments&post=33173"}],"version-history":[{"count":0,"href":"https:\/\/archive.sana.sy\/tr\/index.php?rest_route=\/wp\/v2\/posts\/33173\/revisions"}],"wp:featuredmedia":[{"embeddable":true,"href":"https:\/\/archive.sana.sy\/tr\/index.php?rest_route=\/wp\/v2\/media\/33175"}],"wp:attachment":[{"href":"https:\/\/archive.sana.sy\/tr\/index.php?rest_route=%2Fwp%2Fv2%2Fmedia&parent=33173"}],"wp:term":[{"taxonomy":"category","embeddable":true,"href":"https:\/\/archive.sana.sy\/tr\/index.php?rest_route=%2Fwp%2Fv2%2Fcategories&post=33173"},{"taxonomy":"post_tag","embeddable":true,"href":"https:\/\/archive.sana.sy\/tr\/index.php?rest_route=%2Fwp%2Fv2%2Ftags&post=33173"}],"curies":[{"name":"wp","href":"https:\/\/api.w.org\/{rel}","templated":true}]}}