{"id":33177,"date":"2015-05-13T10:57:07","date_gmt":"2015-05-13T07:57:07","guid":{"rendered":"http:\/\/sana.sy\/tr\/?p=33177"},"modified":"2015-05-13T10:57:07","modified_gmt":"2015-05-13T07:57:07","slug":"iran-baskani-hasan-ruhani-irakli-mevkidasi-fuat-masum-ile-tahranda-duzenledigi-ortak-basin-toplantisinda-bolgede-hedeflerini-saglamak-icin-teroru-edat-olarak-kullanacaklarini-zannedenler-ha","status":"publish","type":"post","link":"https:\/\/archive.sana.sy\/tr\/?p=33177","title":{"rendered":"\u0130ran Ba\u015fkan\u0131 Hasan Ruhani Irakl\u0131 Mevkida\u015f\u0131 Fuat Masum ile Tahran\u2019da d\u00fczenledi\u011fi ortak bas\u0131n toplant\u0131s\u0131nda;  b\u00f6lgede hedeflerini sa\u011flamak i\u00e7in ter\u00f6r\u00fc edat olarak kullanacaklar\u0131n\u0131 zannedenler hata etti."},"content":{"rendered":"<p>\u0130ran Ba\u015fkan\u0131 Hasan Ruhani Irakl\u0131 Mevkida\u015f\u0131 Fuat Masum ile Tahran\u2019da d\u00fczenledi\u011fi ortak bas\u0131n toplant\u0131s\u0131nda;\u00a0 b\u00f6lgede hedeflerini sa\u011flamak i\u00e7in ter\u00f6r\u00fc edat olarak kullanacaklar\u0131n\u0131 zannedenler hata etti.<\/p>\n","protected":false},"excerpt":{"rendered":"<p>\u0130ran Ba\u015fkan\u0131 Hasan Ruhani Irakl\u0131 Mevkida\u015f\u0131 Fuat Masum ile Tahran\u2019da d\u00fczenledi\u011fi ortak bas\u0131n toplant\u0131s\u0131nda;\u00a0 b\u00f6lgede hedeflerini sa\u011flamak i\u00e7in ter\u00f6r\u00fc edat olarak kullanacaklar\u0131n\u0131 zannedenler hata etti.<\/p>\n","protected":false},"author":1,"featured_media":0,"comment_status":"closed","ping_status":"closed","sticky":false,"template":"","format":"standard","meta":{"footnotes":""},"categories":[1],"tags":[14512],"class_list":["post-33177","post","type-post","status-publish","format-standard","","category-news-not-sorted","tag-iran-baskani-hasan-ruhani-irakli-mevkidasi-fuat-masum-ile-tahranda-duzenledigi-ortak-basin-toplantisinda-bolgede-hedeflerini-saglamak-icin-teroru-edat-olarak-kullanacaklarini-zannedenler-hat"],"_links":{"self":[{"href":"https:\/\/archive.sana.sy\/tr\/index.php?rest_route=\/wp\/v2\/posts\/33177","targetHints":{"allow":["GET"]}}],"collection":[{"href":"https:\/\/archive.sana.sy\/tr\/index.php?rest_route=\/wp\/v2\/posts"}],"about":[{"href":"https:\/\/archive.sana.sy\/tr\/index.php?rest_route=\/wp\/v2\/types\/post"}],"author":[{"embeddable":true,"href":"https:\/\/archive.sana.sy\/tr\/index.php?rest_route=\/wp\/v2\/users\/1"}],"replies":[{"embeddable":true,"href":"https:\/\/archive.sana.sy\/tr\/index.php?rest_route=%2Fwp%2Fv2%2Fcomments&post=33177"}],"version-history":[{"count":0,"href":"https:\/\/archive.sana.sy\/tr\/index.php?rest_route=\/wp\/v2\/posts\/33177\/revisions"}],"wp:attachment":[{"href":"https:\/\/archive.sana.sy\/tr\/index.php?rest_route=%2Fwp%2Fv2%2Fmedia&parent=33177"}],"wp:term":[{"taxonomy":"category","embeddable":true,"href":"https:\/\/archive.sana.sy\/tr\/index.php?rest_route=%2Fwp%2Fv2%2Fcategories&post=33177"},{"taxonomy":"post_tag","embeddable":true,"href":"https:\/\/archive.sana.sy\/tr\/index.php?rest_route=%2Fwp%2Fv2%2Ftags&post=33177"}],"curies":[{"name":"wp","href":"https:\/\/api.w.org\/{rel}","templated":true}]}}