{"id":33179,"date":"2015-05-13T11:03:57","date_gmt":"2015-05-13T08:03:57","guid":{"rendered":"http:\/\/sana.sy\/tr\/?p=33179"},"modified":"2015-05-13T11:03:57","modified_gmt":"2015-05-13T08:03:57","slug":"irak-baskani-fuat-masum-isid-teror-orgutu-sadece-iraka-degil-butun-bolgeye-tehlike-olusturuyor-su-anda-oncelik-ayni-irakta-oldugu-gibi-suriyede-terorle-savasin-olacaktir","status":"publish","type":"post","link":"https:\/\/archive.sana.sy\/tr\/?p=33179","title":{"rendered":"Irak Ba\u015fkan\u0131 Fuat Masum; I\u015e\u0130D ter\u00f6r \u00f6rg\u00fct\u00fc sadece Irak\u2019a de\u011fil b\u00fct\u00fcn b\u00f6lgeye tehlike olu\u015fturuyor, \u015fu anda \u00f6ncelik ayn\u0131 Irak\u2019ta oldu\u011fu gibi Suriye\u2019de ter\u00f6rle sava\u015f\u0131n olacakt\u0131r."},"content":{"rendered":"<p>Irak Ba\u015fkan\u0131 Fuat Masum; I\u015e\u0130D ter\u00f6r \u00f6rg\u00fct\u00fc sadece Irak\u2019a de\u011fil b\u00fct\u00fcn b\u00f6lgeye tehlike olu\u015fturuyor, \u015fu anda \u00f6ncelik ayn\u0131 Irak\u2019ta oldu\u011fu gibi Suriye\u2019de ter\u00f6rle sava\u015f\u0131n olacakt\u0131r.<\/p>\n","protected":false},"excerpt":{"rendered":"<p>Irak Ba\u015fkan\u0131 Fuat Masum; I\u015e\u0130D ter\u00f6r \u00f6rg\u00fct\u00fc sadece Irak\u2019a de\u011fil b\u00fct\u00fcn b\u00f6lgeye tehlike olu\u015fturuyor, \u015fu anda \u00f6ncelik ayn\u0131 Irak\u2019ta oldu\u011fu gibi Suriye\u2019de ter\u00f6rle sava\u015f\u0131n olacakt\u0131r.<\/p>\n","protected":false},"author":1,"featured_media":0,"comment_status":"closed","ping_status":"closed","sticky":false,"template":"","format":"standard","meta":{"footnotes":""},"categories":[1],"tags":[14513,14514],"class_list":["post-33179","post","type-post","status-publish","format-standard","","category-news-not-sorted","tag-irak-baskani-fuat-masum-isid-teror-orgutu-sadece-iraka-degil-butun-bolgeye-tehlike-olusturuyor","tag-su-anda-oncelik-ayni-irakta-oldugu-gibi-suriyede-terorle-savasin-olacaktir"],"_links":{"self":[{"href":"https:\/\/archive.sana.sy\/tr\/index.php?rest_route=\/wp\/v2\/posts\/33179","targetHints":{"allow":["GET"]}}],"collection":[{"href":"https:\/\/archive.sana.sy\/tr\/index.php?rest_route=\/wp\/v2\/posts"}],"about":[{"href":"https:\/\/archive.sana.sy\/tr\/index.php?rest_route=\/wp\/v2\/types\/post"}],"author":[{"embeddable":true,"href":"https:\/\/archive.sana.sy\/tr\/index.php?rest_route=\/wp\/v2\/users\/1"}],"replies":[{"embeddable":true,"href":"https:\/\/archive.sana.sy\/tr\/index.php?rest_route=%2Fwp%2Fv2%2Fcomments&post=33179"}],"version-history":[{"count":0,"href":"https:\/\/archive.sana.sy\/tr\/index.php?rest_route=\/wp\/v2\/posts\/33179\/revisions"}],"wp:attachment":[{"href":"https:\/\/archive.sana.sy\/tr\/index.php?rest_route=%2Fwp%2Fv2%2Fmedia&parent=33179"}],"wp:term":[{"taxonomy":"category","embeddable":true,"href":"https:\/\/archive.sana.sy\/tr\/index.php?rest_route=%2Fwp%2Fv2%2Fcategories&post=33179"},{"taxonomy":"post_tag","embeddable":true,"href":"https:\/\/archive.sana.sy\/tr\/index.php?rest_route=%2Fwp%2Fv2%2Ftags&post=33179"}],"curies":[{"name":"wp","href":"https:\/\/api.w.org\/{rel}","templated":true}]}}