{"id":3318,"date":"2014-06-18T12:14:49","date_gmt":"2014-06-18T09:14:49","guid":{"rendered":"http:\/\/sanasyria.org\/tr\/?p=3318"},"modified":"2014-06-19T11:59:44","modified_gmt":"2014-06-19T08:59:44","slug":"semra-beldesi-ordunun-kontrolunde","status":"publish","type":"post","link":"https:\/\/archive.sana.sy\/tr\/?p=3318","title":{"rendered":"Semra Beldesi Ordunun Kontrol\u00fcnde"},"content":{"rendered":"<p><span style=\"color: #800000\">\u015eAM \u2013<\/span> Vatan koruyucular\u0131 ordu birlikleriz zaferden zafere ko\u015farken Lazkiye k\u0131rsal\u0131n\u0131n kuzeyinde Semra Beldesini \u00e7okuluslu ter\u00f6r \u00e7etelerinden temizleyerek g\u00fcvelik ve istikrar\u0131 sa\u011flad\u0131.<\/p>\n<p>Beldenin sarp bir do\u011fa yap\u0131s\u0131na sahip olmas\u0131na ra\u011fmen vatan koruyucular\u0131m\u0131z karadan ve denizden beldeye yapt\u0131\u011f\u0131 \u00e7\u0131kartmada geneli yabanc\u0131 olan \u00e7ok say\u0131da ter\u00f6risti \u00f6l\u00fc yaral\u0131 ele ge\u00e7irdi.<\/p>\n<p>Bu zaferle ordu birliklerimiz \u00e7okuluslu ter\u00f6r gruplar\u0131 ve onlar\u0131 destekleyen devletlerin hayallerini suya d\u00fc\u015f\u00fcrerek onlara yeni bir darbe indirmi\u015f oldu.<\/p>\n<p><a href=\"http:\/\/sanasyria.org\/tr\/wp-content\/uploads\/2014\/06\/Semra-7.jpg\"><img loading=\"lazy\" decoding=\"async\" class=\"alignnone size-medium wp-image-3325\" src=\"http:\/\/sanasyria.org\/tr\/wp-content\/uploads\/2014\/06\/Semra-7-300x199.jpg\" alt=\"Semra 7\" width=\"300\" height=\"199\" srcset=\"https:\/\/archive.sana.sy\/tr\/wp-content\/uploads\/2014\/06\/Semra-7-300x199.jpg 300w, https:\/\/archive.sana.sy\/tr\/wp-content\/uploads\/2014\/06\/Semra-7-150x99.jpg 150w, https:\/\/archive.sana.sy\/tr\/wp-content\/uploads\/2014\/06\/Semra-7.jpg 600w\" sizes=\"auto, (max-width: 300px) 100vw, 300px\" \/><\/a> <a href=\"http:\/\/sanasyria.org\/tr\/wp-content\/uploads\/2014\/06\/Semra-6.jpg\"><img loading=\"lazy\" decoding=\"async\" class=\"alignnone size-medium wp-image-3324\" src=\"http:\/\/sanasyria.org\/tr\/wp-content\/uploads\/2014\/06\/Semra-6-300x199.jpg\" alt=\"Semra 6\" width=\"300\" height=\"199\" srcset=\"https:\/\/archive.sana.sy\/tr\/wp-content\/uploads\/2014\/06\/Semra-6-300x199.jpg 300w, https:\/\/archive.sana.sy\/tr\/wp-content\/uploads\/2014\/06\/Semra-6-150x99.jpg 150w, https:\/\/archive.sana.sy\/tr\/wp-content\/uploads\/2014\/06\/Semra-6.jpg 600w\" sizes=\"auto, (max-width: 300px) 100vw, 300px\" \/><\/a> <a href=\"http:\/\/sanasyria.org\/tr\/wp-content\/uploads\/2014\/06\/Semra-5.jpg\"><img loading=\"lazy\" decoding=\"async\" class=\"alignnone size-medium wp-image-3323\" src=\"http:\/\/sanasyria.org\/tr\/wp-content\/uploads\/2014\/06\/Semra-5-300x199.jpg\" alt=\"Semra 5\" width=\"300\" height=\"199\" srcset=\"https:\/\/archive.sana.sy\/tr\/wp-content\/uploads\/2014\/06\/Semra-5-300x199.jpg 300w, https:\/\/archive.sana.sy\/tr\/wp-content\/uploads\/2014\/06\/Semra-5-150x99.jpg 150w, https:\/\/archive.sana.sy\/tr\/wp-content\/uploads\/2014\/06\/Semra-5.jpg 600w\" sizes=\"auto, (max-width: 300px) 100vw, 300px\" \/><\/a> <a href=\"http:\/\/sanasyria.org\/tr\/wp-content\/uploads\/2014\/06\/Semra-4.jpg\"><img loading=\"lazy\" decoding=\"async\" class=\"alignnone size-medium wp-image-3322\" src=\"http:\/\/sanasyria.org\/tr\/wp-content\/uploads\/2014\/06\/Semra-4-300x199.jpg\" alt=\"Semra 4\" width=\"300\" height=\"199\" srcset=\"https:\/\/archive.sana.sy\/tr\/wp-content\/uploads\/2014\/06\/Semra-4-300x199.jpg 300w, https:\/\/archive.sana.sy\/tr\/wp-content\/uploads\/2014\/06\/Semra-4-150x99.jpg 150w, https:\/\/archive.sana.sy\/tr\/wp-content\/uploads\/2014\/06\/Semra-4.jpg 600w\" sizes=\"auto, (max-width: 300px) 100vw, 300px\" \/><\/a> <a href=\"http:\/\/sanasyria.org\/tr\/wp-content\/uploads\/2014\/06\/Semra-2.jpg\"><img loading=\"lazy\" decoding=\"async\" class=\"alignnone size-medium wp-image-3320\" src=\"http:\/\/sanasyria.org\/tr\/wp-content\/uploads\/2014\/06\/Semra-2-300x199.jpg\" alt=\"Semra 2\" width=\"300\" height=\"199\" srcset=\"https:\/\/archive.sana.sy\/tr\/wp-content\/uploads\/2014\/06\/Semra-2-300x199.jpg 300w, https:\/\/archive.sana.sy\/tr\/wp-content\/uploads\/2014\/06\/Semra-2-150x99.jpg 150w, https:\/\/archive.sana.sy\/tr\/wp-content\/uploads\/2014\/06\/Semra-2.jpg 600w\" sizes=\"auto, (max-width: 300px) 100vw, 300px\" \/><\/a> <a href=\"http:\/\/sanasyria.org\/tr\/wp-content\/uploads\/2014\/06\/Semra-3.jpg\"><img loading=\"lazy\" decoding=\"async\" class=\"alignnone size-medium wp-image-3321\" src=\"http:\/\/sanasyria.org\/tr\/wp-content\/uploads\/2014\/06\/Semra-3-300x199.jpg\" alt=\"Semra 3\" width=\"300\" height=\"199\" srcset=\"https:\/\/archive.sana.sy\/tr\/wp-content\/uploads\/2014\/06\/Semra-3-300x199.jpg 300w, https:\/\/archive.sana.sy\/tr\/wp-content\/uploads\/2014\/06\/Semra-3-150x99.jpg 150w, https:\/\/archive.sana.sy\/tr\/wp-content\/uploads\/2014\/06\/Semra-3.jpg 600w\" sizes=\"auto, (max-width: 300px) 100vw, 300px\" \/><\/a><\/p>\n","protected":false},"excerpt":{"rendered":"<p>\u015eAM \u2013 Vatan koruyucular\u0131 ordu birlikleriz zaferden zafere ko\u015farken Lazkiye k\u0131rsal\u0131n\u0131n kuzeyinde Semra Beldesini \u00e7okuluslu ter\u00f6r \u00e7etelerinden temizleyerek g\u00fcvelik ve istikrar\u0131 sa\u011flad\u0131. Beldenin sarp bir do\u011fa yap\u0131s\u0131na sahip olmas\u0131na ra\u011fmen vatan koruyucular\u0131m\u0131z karadan ve denizden beldeye yapt\u0131\u011f\u0131 \u00e7\u0131kartmada geneli yabanc\u0131 olan \u00e7ok say\u0131da ter\u00f6risti \u00f6l\u00fc yaral\u0131 ele ge\u00e7irdi. Bu zaferle ordu birliklerimiz \u00e7okuluslu ter\u00f6r gruplar\u0131 &hellip;<\/p>\n","protected":false},"author":1,"featured_media":3326,"comment_status":"closed","ping_status":"closed","sticky":false,"template":"","format":"standard","meta":{"footnotes":""},"categories":[479,575,478],"tags":[731],"class_list":["post-3318","post","type-post","status-publish","format-standard","has-post-thumbnail","","category-haberler-yerel","category-olaylar-ve-gercekler","category-yerel","tag-semra-beldesi-ordunun-kontrolunde"],"_links":{"self":[{"href":"https:\/\/archive.sana.sy\/tr\/index.php?rest_route=\/wp\/v2\/posts\/3318","targetHints":{"allow":["GET"]}}],"collection":[{"href":"https:\/\/archive.sana.sy\/tr\/index.php?rest_route=\/wp\/v2\/posts"}],"about":[{"href":"https:\/\/archive.sana.sy\/tr\/index.php?rest_route=\/wp\/v2\/types\/post"}],"author":[{"embeddable":true,"href":"https:\/\/archive.sana.sy\/tr\/index.php?rest_route=\/wp\/v2\/users\/1"}],"replies":[{"embeddable":true,"href":"https:\/\/archive.sana.sy\/tr\/index.php?rest_route=%2Fwp%2Fv2%2Fcomments&post=3318"}],"version-history":[{"count":0,"href":"https:\/\/archive.sana.sy\/tr\/index.php?rest_route=\/wp\/v2\/posts\/3318\/revisions"}],"wp:featuredmedia":[{"embeddable":true,"href":"https:\/\/archive.sana.sy\/tr\/index.php?rest_route=\/wp\/v2\/media\/3326"}],"wp:attachment":[{"href":"https:\/\/archive.sana.sy\/tr\/index.php?rest_route=%2Fwp%2Fv2%2Fmedia&parent=3318"}],"wp:term":[{"taxonomy":"category","embeddable":true,"href":"https:\/\/archive.sana.sy\/tr\/index.php?rest_route=%2Fwp%2Fv2%2Fcategories&post=3318"},{"taxonomy":"post_tag","embeddable":true,"href":"https:\/\/archive.sana.sy\/tr\/index.php?rest_route=%2Fwp%2Fv2%2Ftags&post=3318"}],"curies":[{"name":"wp","href":"https:\/\/api.w.org\/{rel}","templated":true}]}}