{"id":33181,"date":"2015-05-13T11:15:12","date_gmt":"2015-05-13T08:15:12","guid":{"rendered":"http:\/\/sana.sy\/tr\/?p=33181"},"modified":"2015-05-13T11:57:33","modified_gmt":"2015-05-13T08:57:33","slug":"abdullehyan-suriye-direnisini-desteklemeyi-surdurmek-iranin-stratejik-kararidir","status":"publish","type":"post","link":"https:\/\/archive.sana.sy\/tr\/?p=33181","title":{"rendered":"Abd\u00fcllehyan: Suriye Direni\u015fini Desteklemeyi S\u00fcrd\u00fcrmek \u0130ran\u2019\u0131n Stratejik Karar\u0131d\u0131r"},"content":{"rendered":"<p>TAHRAN \u2013 \u0130ran D\u0131\u015fi\u015fleri Bakan\u0131n\u0131n Arap ve Afrika \u00dclkelerinden Sorumlu Yard\u0131mc\u0131s\u0131 H\u00fcseyin Emir Abd\u00fcllehyan, Suriye&#8217;nin ter\u00f6re kar\u015f\u0131 m\u00fccadelesini desteklemeye devam etmenin \u0130ran\u2019\u0131n stratejik bir karar\u0131 oldu\u011funu ifade etti.<\/p>\n<p>D\u00fcn Tahran\u2019da bir grup Suriyeli yetkili ile toplant\u0131 yapan Abd\u00fcllehyan, Suriye halk\u0131n\u0131n ve ordusunun ter\u00f6re kar\u015f\u0131 direni\u015fini, Suriye iktidar\u0131n\u0131n \u00f6ng\u00f6r\u00fcl\u00fc ve tutarl\u0131 tutumlar\u0131n\u0131 \u00f6vg\u00fcl\u00fc c\u00fcmlelerle dile getirerek Suriye&#8217;de halk, ordu ve iktidar aras\u0131ndaki birlik, beraberlik ve b\u00fct\u00fcnl\u00fc\u011f\u00fcn ba\u015fl\u0131 ba\u015f\u0131na bir zafer oldu\u011funun alt\u0131n\u0131 \u00e7izdi.<\/p>\n<p>Bilad el \u015eam Ulema Birli\u011fi \u00dcyesi \u015eeyh Kamil Nas\u0131r, kendisine e\u015flik eden heyetin de ad\u0131na yapt\u0131\u011f\u0131 konu\u015fmada, Suriye halk\u0131n\u0131n \u0130ran y\u00f6netimi ve halk\u0131na m\u00fcte\u015fekkir oldu\u011funu dile getirdi.<\/p>\n<p>Suriye&#8217;nin maruz kald\u0131\u011f\u0131 b\u00fct\u00fcn komplolara kar\u015f\u0131 direndi\u011fini ve direnmeye devam edece\u011fini ifade eden Nas\u0131r, Suriye ve di\u011fer kimi \u00fclkelerde tan\u0131k olunan olaylar\u0131n, Bat\u0131 ve i\u015fbirlik\u00e7i baz\u0131 Arap rejimlere ait y\u0131k\u0131m ve bozgunculuk projelerinin uygulanmas\u0131ndan ibaret oldu\u011funun alt\u0131n\u0131 \u00e7izdi.<\/p>\n<p>F.B. &#8211; R.H.<\/p>\n","protected":false},"excerpt":{"rendered":"<p>TAHRAN \u2013 \u0130ran D\u0131\u015fi\u015fleri Bakan\u0131n\u0131n Arap ve Afrika \u00dclkelerinden Sorumlu Yard\u0131mc\u0131s\u0131 H\u00fcseyin Emir Abd\u00fcllehyan, Suriye&#8217;nin ter\u00f6re kar\u015f\u0131 m\u00fccadelesini desteklemeye devam etmenin \u0130ran\u2019\u0131n stratejik bir karar\u0131 oldu\u011funu ifade etti. D\u00fcn Tahran\u2019da bir grup Suriyeli yetkili ile toplant\u0131 yapan Abd\u00fcllehyan, Suriye halk\u0131n\u0131n ve ordusunun ter\u00f6re kar\u015f\u0131 direni\u015fini, Suriye iktidar\u0131n\u0131n \u00f6ng\u00f6r\u00fcl\u00fc ve tutarl\u0131 tutumlar\u0131n\u0131 \u00f6vg\u00fcl\u00fc c\u00fcmlelerle dile getirerek &hellip;<\/p>\n","protected":false},"author":1,"featured_media":33190,"comment_status":"closed","ping_status":"closed","sticky":false,"template":"","format":"standard","meta":{"footnotes":""},"categories":[458,459,447],"tags":[14515,14516],"class_list":["post-33181","post","type-post","status-publish","format-standard","has-post-thumbnail","","category-dunya1","category-haberler-arap-uluslararasi-politika","category-politika","tag-abdullehyan-suriye-direnisini-desteklemeyi-surdurmek-iranin-stratejik-kararidir-tahran-iran-disisleri-bakaninin-arap-ve-afrika-ulkelerinden-sorumlu-yardimcisi-huseyin-emir-abdulleh","tag-suriyenin-terore-karsi-mucadelesini-desteklemeye-devam-etmenin-iranin-stratejik-bir-karari-oldugunu-ifade-etti"],"_links":{"self":[{"href":"https:\/\/archive.sana.sy\/tr\/index.php?rest_route=\/wp\/v2\/posts\/33181","targetHints":{"allow":["GET"]}}],"collection":[{"href":"https:\/\/archive.sana.sy\/tr\/index.php?rest_route=\/wp\/v2\/posts"}],"about":[{"href":"https:\/\/archive.sana.sy\/tr\/index.php?rest_route=\/wp\/v2\/types\/post"}],"author":[{"embeddable":true,"href":"https:\/\/archive.sana.sy\/tr\/index.php?rest_route=\/wp\/v2\/users\/1"}],"replies":[{"embeddable":true,"href":"https:\/\/archive.sana.sy\/tr\/index.php?rest_route=%2Fwp%2Fv2%2Fcomments&post=33181"}],"version-history":[{"count":0,"href":"https:\/\/archive.sana.sy\/tr\/index.php?rest_route=\/wp\/v2\/posts\/33181\/revisions"}],"wp:featuredmedia":[{"embeddable":true,"href":"https:\/\/archive.sana.sy\/tr\/index.php?rest_route=\/wp\/v2\/media\/33190"}],"wp:attachment":[{"href":"https:\/\/archive.sana.sy\/tr\/index.php?rest_route=%2Fwp%2Fv2%2Fmedia&parent=33181"}],"wp:term":[{"taxonomy":"category","embeddable":true,"href":"https:\/\/archive.sana.sy\/tr\/index.php?rest_route=%2Fwp%2Fv2%2Fcategories&post=33181"},{"taxonomy":"post_tag","embeddable":true,"href":"https:\/\/archive.sana.sy\/tr\/index.php?rest_route=%2Fwp%2Fv2%2Ftags&post=33181"}],"curies":[{"name":"wp","href":"https:\/\/api.w.org\/{rel}","templated":true}]}}