{"id":33188,"date":"2015-05-13T13:00:47","date_gmt":"2015-05-13T10:00:47","guid":{"rendered":"http:\/\/sana.sy\/tr\/?p=33188"},"modified":"2015-05-13T13:22:58","modified_gmt":"2015-05-13T10:22:58","slug":"masum-isid-butun-bolgeye-tehlikelidir-onceligimiz-suriyede-terorle-mucadele","status":"publish","type":"post","link":"https:\/\/archive.sana.sy\/tr\/?p=33188","title":{"rendered":"Ruhani: Ter\u00f6r\u00fc Edat Olarak Kullananlar Hatal\u0131..Masum: \u00d6nceli\u011fimiz Suriye\u2019de Ter\u00f6rle M\u00fccadele"},"content":{"rendered":"<p>TAHRAN \u2013 \u0130ran Ba\u015fkan\u0131 Hasan Ruhani ile Irakl\u0131 mevkida\u015f\u0131 Fuat Masum, Suriye, Irak, Yemen ve b\u00fct\u00fcn b\u00f6lgede g\u00fcvenli\u011fin sa\u011flanmas\u0131 ve ter\u00f6r\u00fcn b\u00fct\u00fcn \u015fekilleriyle m\u00fccadelede i\u015fbirli\u011fi zorunlulu\u011funu vurgulad\u0131.<\/p>\n<p>Ruhani bug\u00fcn Tahran\u2019da Irakl\u0131 mevkida\u015f\u0131 ile Tahran\u2019da d\u00fczenledi\u011fi ortak bas\u0131n toplant\u0131s\u0131nda, g\u00f6r\u00fc\u015fmelerinde \u00f6nemli b\u00f6lge davalar\u0131 yan\u0131 s\u0131ra, Suriye\u2019deki durumlar, Yemen\u2019de k\u00f6t\u00fcye giden \u015fartlar ve Yemen halk\u0131na yard\u0131mlar\u0131n sunulmas\u0131 zorunlulu\u011funu ele ald\u0131klar\u0131n\u0131 a\u00e7\u0131klad\u0131.<\/p>\n<p>B\u00f6lgede hedeflerini sa\u011flamak i\u00e7in ter\u00f6r\u00fc edat olarak kullanacaklar\u0131n\u0131 zannedenlerin hata etti\u011fini belirten Ruhani, g\u00f6r\u00fc\u015fmelerin b\u00f6lgedeki ter\u00f6r tehlikesi, ter\u00f6re kar\u015f\u0131 toplu bir \u015fekilde m\u00fccadele zorunlulu\u011fu konular\u0131n\u0131n ele al\u0131nd\u0131\u011f\u0131n\u0131, ter\u00f6ristlerin Irak\u2019tan kovulmalar\u0131yla kal\u0131nmayarak bu ter\u00f6ristlerin daha sonra Suriye\u2019de toplanacaklar\u0131n\u0131 a\u00e7\u0131klad\u0131.<\/p>\n<p>Ruhani: \u201cBizler Irak\u2019\u0131n b\u00fct\u00fcnl\u00fc\u011f\u00fcn\u00fc destekliyoruz, okyanuslar ard\u0131ndakiler de gelece\u011fi i\u00e7in planlar yap\u0131yorlar. Bunlar r\u00fcyad\u0131r\u201d dedi<\/p>\n<p>Yemen konusunun siyasi de\u011fil bilakis insani bir konu oldu\u011funu belirterek b\u00fct\u00fcn d\u00fcnya \u00fclkelerini a\u00e7\u0131klamalar yapmaktan ka\u00e7\u0131narak acil ve ger\u00e7ek bir ate\u015fkese yard\u0131mc\u0131 olmaya \u00e7a\u011f\u0131rarak, Yemen halk\u0131n\u0131n \u015fu anda acilen ila\u00e7, sa\u011fl\u0131k ekipleri ve g\u0131da maddelerine ihtiya\u00e7 duydu\u011funu vurgulad\u0131.<\/p>\n<p>B\u00f6lgenin b\u00fct\u00fcn d\u0131\u015f m\u00fcdahalelerden korunmas\u0131 konusunda Irak ve \u0130ran\u2019\u0131n hemfikir oldu\u011funu belirten Irak Ba\u015fkan\u0131 Masum, \u00f6zellikle I\u015e\u0130D ter\u00f6r \u00f6rg\u00fct\u00fcne kar\u015f\u0131 sava\u015f\u0131nda de\u011ferli yard\u0131mlar\u0131 olmak \u00fczere Irak\u2019a y\u00f6nelik \u0130ran tutumlar\u0131n\u0131 takdirle kar\u015f\u0131lad\u0131klar\u0131n\u0131 ifade etti.<\/p>\n<p>I\u015e\u0130D ter\u00f6r \u00f6rg\u00fct\u00fcn\u00fcn sadece Irak\u2019a de\u011fil b\u00fct\u00fcn b\u00f6lgeye tehlike olu\u015fturdu\u011funu belirten Masum; \u201cTer\u00f6rle m\u00fccadele \u015fu anda \u00f6ncelik ayn\u0131 Irak\u2019ta oldu\u011fu gibi Suriye\u2019de ter\u00f6rle sava\u015f\u0131n olacakt\u0131r. Ter\u00f6ristlerin Suriye\u2019ye h\u00fckmetmeleri ve hakimiyetleri alt\u0131na almalar\u0131na izin verilmesi m\u00fcmk\u00fcn de\u011fildir\u201d dedi.<\/p>\n<p>S.\u015e<\/p>\n","protected":false},"excerpt":{"rendered":"<p>TAHRAN \u2013 \u0130ran Ba\u015fkan\u0131 Hasan Ruhani ile Irakl\u0131 mevkida\u015f\u0131 Fuat Masum, Suriye, Irak, Yemen ve b\u00fct\u00fcn b\u00f6lgede g\u00fcvenli\u011fin sa\u011flanmas\u0131 ve ter\u00f6r\u00fcn b\u00fct\u00fcn \u015fekilleriyle m\u00fccadelede i\u015fbirli\u011fi zorunlulu\u011funu vurgulad\u0131. Ruhani bug\u00fcn Tahran\u2019da Irakl\u0131 mevkida\u015f\u0131 ile Tahran\u2019da d\u00fczenledi\u011fi ortak bas\u0131n toplant\u0131s\u0131nda, g\u00f6r\u00fc\u015fmelerinde \u00f6nemli b\u00f6lge davalar\u0131 yan\u0131 s\u0131ra, Suriye\u2019deki durumlar, Yemen\u2019de k\u00f6t\u00fcye giden \u015fartlar ve Yemen halk\u0131na yard\u0131mlar\u0131n sunulmas\u0131 &hellip;<\/p>\n","protected":false},"author":1,"featured_media":33189,"comment_status":"closed","ping_status":"closed","sticky":false,"template":"","format":"standard","meta":{"footnotes":""},"categories":[458,459,447],"tags":[14523],"class_list":["post-33188","post","type-post","status-publish","format-standard","has-post-thumbnail","","category-dunya1","category-haberler-arap-uluslararasi-politika","category-politika","tag-ruhani-teroru-edat-olarak-kullananlar-hatali-masum-onceligimiz-suriyede-terorle-mucadele"],"_links":{"self":[{"href":"https:\/\/archive.sana.sy\/tr\/index.php?rest_route=\/wp\/v2\/posts\/33188","targetHints":{"allow":["GET"]}}],"collection":[{"href":"https:\/\/archive.sana.sy\/tr\/index.php?rest_route=\/wp\/v2\/posts"}],"about":[{"href":"https:\/\/archive.sana.sy\/tr\/index.php?rest_route=\/wp\/v2\/types\/post"}],"author":[{"embeddable":true,"href":"https:\/\/archive.sana.sy\/tr\/index.php?rest_route=\/wp\/v2\/users\/1"}],"replies":[{"embeddable":true,"href":"https:\/\/archive.sana.sy\/tr\/index.php?rest_route=%2Fwp%2Fv2%2Fcomments&post=33188"}],"version-history":[{"count":0,"href":"https:\/\/archive.sana.sy\/tr\/index.php?rest_route=\/wp\/v2\/posts\/33188\/revisions"}],"wp:featuredmedia":[{"embeddable":true,"href":"https:\/\/archive.sana.sy\/tr\/index.php?rest_route=\/wp\/v2\/media\/33189"}],"wp:attachment":[{"href":"https:\/\/archive.sana.sy\/tr\/index.php?rest_route=%2Fwp%2Fv2%2Fmedia&parent=33188"}],"wp:term":[{"taxonomy":"category","embeddable":true,"href":"https:\/\/archive.sana.sy\/tr\/index.php?rest_route=%2Fwp%2Fv2%2Fcategories&post=33188"},{"taxonomy":"post_tag","embeddable":true,"href":"https:\/\/archive.sana.sy\/tr\/index.php?rest_route=%2Fwp%2Fv2%2Ftags&post=33188"}],"curies":[{"name":"wp","href":"https:\/\/api.w.org\/{rel}","templated":true}]}}