{"id":33214,"date":"2015-05-13T12:40:45","date_gmt":"2015-05-13T09:40:45","guid":{"rendered":"http:\/\/www.sana.sy\/tr\/?p=33214"},"modified":"2015-05-13T12:40:45","modified_gmt":"2015-05-13T09:40:45","slug":"ulkesinin-teror-ve-tekfiri-teroristlerle-mucadelesinde-suriyeye-mutlak-destegini-yineledi","status":"publish","type":"post","link":"https:\/\/archive.sana.sy\/tr\/?p=33214","title":{"rendered":"\u00dclkesinin Ter\u00f6r ve Tekfiri Ter\u00f6ristlerle M\u00fccadelesinde Suriye\u2019ye Mutlak Deste\u011fini Yineledi"},"content":{"rendered":"<p>TAHRAN &#8211; \u0130ran \u015eura Meclisinde Ulusal G\u00fcvenlik ve D\u0131\u015f Politika Komitesi Ba\u015fkan\u0131 Alauddin Brojerdi, \u00fclkesinin ter\u00f6r ile b\u00f6lge ve d\u00fcnyaya tehlike olu\u015fturan tekfiri ter\u00f6ristlerle m\u00fccadelesinde Suriye\u2019ye mutlak deste\u011fini belirtti.<\/p>\n<p>Suriye\u2019ye gitmeden \u00f6nce Tahran\u2019da SANA muhabirine a\u00e7\u0131klamas\u0131nda Brojerdi, Suriye\u2019ye ziyaretlerinin Suriye ve halk\u0131na y\u00f6nelik b\u00fcy\u00fck sorumluluk hislerinden kaynakland\u0131\u011f\u0131n\u0131 s\u00f6yledi.<\/p>\n<p>Brojerdi, bu ziyaretlerinin Suriye\u2019yi hedef alan bat\u0131l\u0131 Siyo-Amerikan proje ve komplolar\u0131 reddettiklerinin g\u00fc\u00e7l\u00fc bir belirtisi oldu\u011funu dile getirdi.<\/p>\n<p>Brojerdi, Amerika, Bat\u0131 ve b\u00f6lgedeki edatlar\u0131n\u0131n ter\u00f6r ve ter\u00f6ristlere y\u00f6nelik destekleriyle ahlaks\u0131z \u00e7al\u0131\u015fmalar\u0131 sonu\u00e7lar\u0131n\u0131n kendilerine yans\u0131yaca\u011f\u0131n\u0131, kendilerinin \u015fu anda Suriye\u2019ye gitmek i\u00e7in destekledikleri vatanda\u015flar\u0131n\u0131n geri d\u00f6nmelerinden b\u00fcy\u00fck endi\u015fe duyduklar\u0131n\u0131 vurgulad\u0131.<\/p>\n<p>Brojerdi, ter\u00f6ristlerle onlar\u0131 destekleyenlerin Suriye\u2019de hedeflerine ula\u015famayacaklar\u0131n\u0131 planlar\u0131n\u0131n da ba\u015far\u0131s\u0131zl\u0131\u011fa u\u011frayaca\u011f\u0131n\u0131 ifade etti.<\/p>\n<p>S.\u015e. &#8211; R.H.<\/p>\n","protected":false},"excerpt":{"rendered":"<p>TAHRAN &#8211; \u0130ran \u015eura Meclisinde Ulusal G\u00fcvenlik ve D\u0131\u015f Politika Komitesi Ba\u015fkan\u0131 Alauddin Brojerdi, \u00fclkesinin ter\u00f6r ile b\u00f6lge ve d\u00fcnyaya tehlike olu\u015fturan tekfiri ter\u00f6ristlerle m\u00fccadelesinde Suriye\u2019ye mutlak deste\u011fini belirtti. Suriye\u2019ye gitmeden \u00f6nce Tahran\u2019da SANA muhabirine a\u00e7\u0131klamas\u0131nda Brojerdi, Suriye\u2019ye ziyaretlerinin Suriye ve halk\u0131na y\u00f6nelik b\u00fcy\u00fck sorumluluk hislerinden kaynakland\u0131\u011f\u0131n\u0131 s\u00f6yledi. Brojerdi, bu ziyaretlerinin Suriye\u2019yi hedef alan bat\u0131l\u0131 &hellip;<\/p>\n","protected":false},"author":1,"featured_media":33208,"comment_status":"closed","ping_status":"closed","sticky":false,"template":"","format":"standard","meta":{"footnotes":""},"categories":[458,459,447],"tags":[14522,14521],"class_list":["post-33214","post","type-post","status-publish","format-standard","has-post-thumbnail","","category-dunya1","category-haberler-arap-uluslararasi-politika","category-politika","tag-ulkesinin-teror-ile-bolge-ve-dunyaya-tehlike-olusturan-tekfiri-teroristlerle-mucadelesinde-suriyeye-mutlak-destegini-belirtti","tag-ulkesinin-teror-ve-tekfiri-teroristlerle-mucadelesinde-suriyeye-mutlak-destegini-yineledi-tahran-iran-sura-meclisinde-ulusal-guvenlik-ve-dis-politika-komitesi-baskani-alauddin-brojerdi"],"_links":{"self":[{"href":"https:\/\/archive.sana.sy\/tr\/index.php?rest_route=\/wp\/v2\/posts\/33214","targetHints":{"allow":["GET"]}}],"collection":[{"href":"https:\/\/archive.sana.sy\/tr\/index.php?rest_route=\/wp\/v2\/posts"}],"about":[{"href":"https:\/\/archive.sana.sy\/tr\/index.php?rest_route=\/wp\/v2\/types\/post"}],"author":[{"embeddable":true,"href":"https:\/\/archive.sana.sy\/tr\/index.php?rest_route=\/wp\/v2\/users\/1"}],"replies":[{"embeddable":true,"href":"https:\/\/archive.sana.sy\/tr\/index.php?rest_route=%2Fwp%2Fv2%2Fcomments&post=33214"}],"version-history":[{"count":0,"href":"https:\/\/archive.sana.sy\/tr\/index.php?rest_route=\/wp\/v2\/posts\/33214\/revisions"}],"wp:featuredmedia":[{"embeddable":true,"href":"https:\/\/archive.sana.sy\/tr\/index.php?rest_route=\/wp\/v2\/media\/33208"}],"wp:attachment":[{"href":"https:\/\/archive.sana.sy\/tr\/index.php?rest_route=%2Fwp%2Fv2%2Fmedia&parent=33214"}],"wp:term":[{"taxonomy":"category","embeddable":true,"href":"https:\/\/archive.sana.sy\/tr\/index.php?rest_route=%2Fwp%2Fv2%2Fcategories&post=33214"},{"taxonomy":"post_tag","embeddable":true,"href":"https:\/\/archive.sana.sy\/tr\/index.php?rest_route=%2Fwp%2Fv2%2Ftags&post=33214"}],"curies":[{"name":"wp","href":"https:\/\/api.w.org\/{rel}","templated":true}]}}