{"id":33241,"date":"2015-05-13T14:08:33","date_gmt":"2015-05-13T11:08:33","guid":{"rendered":"http:\/\/sana.sy\/tr\/?p=33241"},"modified":"2015-05-13T14:08:33","modified_gmt":"2015-05-13T11:08:33","slug":"yine-turkiye-uzerinden-gidip-dernaya-girdiler","status":"publish","type":"post","link":"https:\/\/archive.sana.sy\/tr\/?p=33241","title":{"rendered":"Yine T\u00fcrkiye \u00dczerinden Gidip Derna\u2019ya Girdiler"},"content":{"rendered":"<p>TRAGLUSGARP \u2013 Libyal\u0131 askeri bir kaynak T\u00fcrkiye \u00fczerinden Suriye&#8217;den ayran yakla\u015f\u0131k 60 az\u0131l\u0131 ter\u00f6ristin Derna Kentine girdiklerini belirtti.<\/p>\n<p>Libya 24 Kanal\u0131na d\u00fcn yapt\u0131\u011f\u0131 a\u00e7\u0131klamada Libyal\u0131 askeri kaynak; T\u00fcrkiye \u00fczerinden gelen ve say\u0131lar\u0131 60 kadar olan ter\u00f6ristlerin sahilden Derna Kentine girmeyi ba\u015fard\u0131klar\u0131n\u0131 ifade etti.<\/p>\n<p>Bu arada Libyal\u0131 g\u00fcvenlik kaynaklar\u0131 Libya Ulusal Ordusunun Bingazi\u2019deki operasyonlar\u0131nda I\u015e\u0130D saflar\u0131nda ter\u00f6r eylemlerine kat\u0131lan Bahreynli Salih el Binali adl\u0131 tehlikeli ter\u00f6risti \u00f6ld\u00fcrd\u00fc\u011f\u00fcn\u00fc belirtti.<\/p>\n<p>Kaynaklar \u2018el Ansarinin Terc\u00fcman\u0131\u2019 kod ad\u0131yla bilinen bu ter\u00f6ristin, Sert Kentinde I\u015e\u0130D emiri olarak bilinen Bahreynli T\u00fcrki el Binali\u2019nin ailesinden oldu\u011funa dikkat \u00e7ekti.<\/p>\n<p>A.A. &#8211; R.H.<\/p>\n","protected":false},"excerpt":{"rendered":"<p>TRAGLUSGARP \u2013 Libyal\u0131 askeri bir kaynak T\u00fcrkiye \u00fczerinden Suriye&#8217;den ayran yakla\u015f\u0131k 60 az\u0131l\u0131 ter\u00f6ristin Derna Kentine girdiklerini belirtti. Libya 24 Kanal\u0131na d\u00fcn yapt\u0131\u011f\u0131 a\u00e7\u0131klamada Libyal\u0131 askeri kaynak; T\u00fcrkiye \u00fczerinden gelen ve say\u0131lar\u0131 60 kadar olan ter\u00f6ristlerin sahilden Derna Kentine girmeyi ba\u015fard\u0131klar\u0131n\u0131 ifade etti. Bu arada Libyal\u0131 g\u00fcvenlik kaynaklar\u0131 Libya Ulusal Ordusunun Bingazi\u2019deki operasyonlar\u0131nda I\u015e\u0130D saflar\u0131nda &hellip;<\/p>\n","protected":false},"author":1,"featured_media":33242,"comment_status":"closed","ping_status":"closed","sticky":false,"template":"","format":"standard","meta":{"footnotes":""},"categories":[458,459,447],"tags":[14524],"class_list":["post-33241","post","type-post","status-publish","format-standard","has-post-thumbnail","","category-dunya1","category-haberler-arap-uluslararasi-politika","category-politika","tag-yine-turkiye-uzerinden-gidip-dernaya-girdiler-traglusgarp-libyali-askeri-bir-kaynak-turkiye-uzerinden-suriyeden-ayran-yaklasik-60-azili-teroristin-derna-kentine-girdiklerini-belirt"],"_links":{"self":[{"href":"https:\/\/archive.sana.sy\/tr\/index.php?rest_route=\/wp\/v2\/posts\/33241","targetHints":{"allow":["GET"]}}],"collection":[{"href":"https:\/\/archive.sana.sy\/tr\/index.php?rest_route=\/wp\/v2\/posts"}],"about":[{"href":"https:\/\/archive.sana.sy\/tr\/index.php?rest_route=\/wp\/v2\/types\/post"}],"author":[{"embeddable":true,"href":"https:\/\/archive.sana.sy\/tr\/index.php?rest_route=\/wp\/v2\/users\/1"}],"replies":[{"embeddable":true,"href":"https:\/\/archive.sana.sy\/tr\/index.php?rest_route=%2Fwp%2Fv2%2Fcomments&post=33241"}],"version-history":[{"count":0,"href":"https:\/\/archive.sana.sy\/tr\/index.php?rest_route=\/wp\/v2\/posts\/33241\/revisions"}],"wp:featuredmedia":[{"embeddable":true,"href":"https:\/\/archive.sana.sy\/tr\/index.php?rest_route=\/wp\/v2\/media\/33242"}],"wp:attachment":[{"href":"https:\/\/archive.sana.sy\/tr\/index.php?rest_route=%2Fwp%2Fv2%2Fmedia&parent=33241"}],"wp:term":[{"taxonomy":"category","embeddable":true,"href":"https:\/\/archive.sana.sy\/tr\/index.php?rest_route=%2Fwp%2Fv2%2Fcategories&post=33241"},{"taxonomy":"post_tag","embeddable":true,"href":"https:\/\/archive.sana.sy\/tr\/index.php?rest_route=%2Fwp%2Fv2%2Ftags&post=33241"}],"curies":[{"name":"wp","href":"https:\/\/api.w.org\/{rel}","templated":true}]}}