{"id":33244,"date":"2015-05-13T12:00:57","date_gmt":"2015-05-13T09:00:57","guid":{"rendered":"http:\/\/sana.sy\/tr\/?p=33244"},"modified":"2015-05-14T16:01:13","modified_gmt":"2015-05-14T13:01:13","slug":"83-kisi-serbest-birakildi","status":"publish","type":"post","link":"https:\/\/archive.sana.sy\/tr\/?p=33244","title":{"rendered":"83 Ki\u015fi Serbest B\u0131rak\u0131ld\u0131"},"content":{"rendered":"<p>HOMS \u2013 Homs Kentinin muhtelif semtlerine ek olarak k\u0131rsal\u0131n Resten, Telbise ve Dar el Kebire kasabalar\u0131ndan daha \u00f6nce silahlar\u0131yla teslim olan 83 ki\u015fi bug\u00fcn af karar\u0131 kapsam\u0131nda serbest b\u0131rak\u0131ld\u0131.<\/p>\n<p>D\u00fcn Homs ve k\u0131rsal\u0131ndan 175 kanun ka\u00e7a\u011f\u0131 silahlar\u0131yla teslim olmu\u015flard\u0131.<\/p>\n","protected":false},"excerpt":{"rendered":"<p>HOMS \u2013 Homs Kentinin muhtelif semtlerine ek olarak k\u0131rsal\u0131n Resten, Telbise ve Dar el Kebire kasabalar\u0131ndan daha \u00f6nce silahlar\u0131yla teslim olan 83 ki\u015fi bug\u00fcn af karar\u0131 kapsam\u0131nda serbest b\u0131rak\u0131ld\u0131. D\u00fcn Homs ve k\u0131rsal\u0131ndan 175 kanun ka\u00e7a\u011f\u0131 silahlar\u0131yla teslim olmu\u015flard\u0131.<\/p>\n","protected":false},"author":1,"featured_media":31024,"comment_status":"closed","ping_status":"closed","sticky":false,"template":"","format":"standard","meta":{"footnotes":""},"categories":[575],"tags":[14525,14526],"class_list":["post-33244","post","type-post","status-publish","format-standard","has-post-thumbnail","","category-olaylar-ve-gercekler","tag-83-kisi-serbest-birakildi-homs-homs-kentinin-muhtelif-semtlerine-ek-olarak-kirsalin-resten","tag-telbise-ve-dar-el-kebire-kasabalarindan-daha-once-silahlariyla-teslim-olan-83-kisi-bugun-af-karari-kapsaminda-serbest-birakildi"],"_links":{"self":[{"href":"https:\/\/archive.sana.sy\/tr\/index.php?rest_route=\/wp\/v2\/posts\/33244","targetHints":{"allow":["GET"]}}],"collection":[{"href":"https:\/\/archive.sana.sy\/tr\/index.php?rest_route=\/wp\/v2\/posts"}],"about":[{"href":"https:\/\/archive.sana.sy\/tr\/index.php?rest_route=\/wp\/v2\/types\/post"}],"author":[{"embeddable":true,"href":"https:\/\/archive.sana.sy\/tr\/index.php?rest_route=\/wp\/v2\/users\/1"}],"replies":[{"embeddable":true,"href":"https:\/\/archive.sana.sy\/tr\/index.php?rest_route=%2Fwp%2Fv2%2Fcomments&post=33244"}],"version-history":[{"count":0,"href":"https:\/\/archive.sana.sy\/tr\/index.php?rest_route=\/wp\/v2\/posts\/33244\/revisions"}],"wp:featuredmedia":[{"embeddable":true,"href":"https:\/\/archive.sana.sy\/tr\/index.php?rest_route=\/wp\/v2\/media\/31024"}],"wp:attachment":[{"href":"https:\/\/archive.sana.sy\/tr\/index.php?rest_route=%2Fwp%2Fv2%2Fmedia&parent=33244"}],"wp:term":[{"taxonomy":"category","embeddable":true,"href":"https:\/\/archive.sana.sy\/tr\/index.php?rest_route=%2Fwp%2Fv2%2Fcategories&post=33244"},{"taxonomy":"post_tag","embeddable":true,"href":"https:\/\/archive.sana.sy\/tr\/index.php?rest_route=%2Fwp%2Fv2%2Ftags&post=33244"}],"curies":[{"name":"wp","href":"https:\/\/api.w.org\/{rel}","templated":true}]}}