{"id":33253,"date":"2015-05-13T15:49:36","date_gmt":"2015-05-13T12:49:36","guid":{"rendered":"http:\/\/sana.sy\/tr\/?p=33253"},"modified":"2015-05-13T15:49:36","modified_gmt":"2015-05-13T12:49:36","slug":"suriyede-tampon-bolge-natonun-yetkisinde-degildir","status":"publish","type":"post","link":"https:\/\/archive.sana.sy\/tr\/?p=33253","title":{"rendered":"Suriye&#8217;de Tampon B\u00f6lge NATO\u2019nun Yetkisinde De\u011fildir"},"content":{"rendered":"<p>ANTALYA \u2013 NATO Genel Sekreteri Jens Stoltenberg, b\u00f6lgesel kimi rejim ve taraflar\u0131n talep ettikleri gibi Suriye&#8217;de tampon b\u00f6lge kurman\u0131n NATO\u2019nun g\u00f6rev yada yetkileri aras\u0131nda olmad\u0131\u011f\u0131 y\u00f6n\u00fcndeki tutumunu yineledi.<\/p>\n<p>NATO devletlerinin d\u0131\u015fi\u015fleri bakanlar\u0131n\u0131n bug\u00fcn T\u00fcrkiye&#8217;nin Antalya Kentinde d\u00fczenledikleri oturumda Stoltenberg, toplant\u0131da Suriye&#8217;de tampon b\u00f6lgenin kurulmas\u0131n\u0131 \u00f6ng\u00f6ren bir karar almayaca\u011f\u0131n\u0131 a\u00e7\u0131klad\u0131. Stoltenberg bu meselenin bir\u00e7ok kez NATO oturumlar\u0131nda tart\u0131\u015f\u0131lmas\u0131na ra\u011fmen NATO\u2019nun g\u00f6rev ve yetkileri dahilinde olmad\u0131\u011f\u0131na bir kez daha vurgu yapt\u0131.<\/p>\n<p>T\u00fcrkiye&#8217;deki rejim Suudi Arabistan ba\u015fta olmak \u00fczere kimi Arap k\u00f6rfez \u00fclkeleri ter\u00f6rist toplay\u0131p Suriye ve halk\u0131na y\u00f6nelik sava\u015fta kullanacaklar\u0131 g\u00f6z\u00fc d\u00f6nm\u00fc\u015f az\u0131l\u0131 katilleri buralarda toplama amac\u0131yla Suriye&#8217;de \u2018tampon b\u00f6lge\u2019 temin etme talebini ABD ve Bat\u0131l\u0131 devletlerden s\u00fcrekli ve \u0131srarla talep ediyorlar. ABD ise bu meselenin be\u015feri ve lojistik a\u00e7\u0131dan pahal\u0131ya patlayaca\u011f\u0131 gerek\u00e7esiyle derin bir \u015fekilde inceleme ve ara\u015ft\u0131rma gerektirdi\u011fini \u00f6ne s\u00fcrm\u00fc\u015ft\u00fc.<\/p>\n<p>NATO genel sekreteri Stoltenberg; s\u00f6zde I\u015e\u0130D\u2019e kar\u015f\u0131 ABD komutas\u0131nda te\u015fkil edilen uluslar aras\u0131 koalisyon konusunda ise; NATO\u2019nun direk bir \u015fekilde bu koalisyona kat\u0131lmad\u0131\u011f\u0131n\u0131 s\u00f6yledi. Stoltenberg NATO \u00fcyelerinin b\u00fcy\u00fck \u00e7o\u011funlu\u011funun koalisyonda bulunduklar\u0131n\u0131, fakat operasyonlar\u0131n NATO taraf\u0131ndan y\u00f6netilmedi\u011fini ifade etti.<\/p>\n<p>A.A. &#8211; M.M.<\/p>\n","protected":false},"excerpt":{"rendered":"<p>ANTALYA \u2013 NATO Genel Sekreteri Jens Stoltenberg, b\u00f6lgesel kimi rejim ve taraflar\u0131n talep ettikleri gibi Suriye&#8217;de tampon b\u00f6lge kurman\u0131n NATO\u2019nun g\u00f6rev yada yetkileri aras\u0131nda olmad\u0131\u011f\u0131 y\u00f6n\u00fcndeki tutumunu yineledi. NATO devletlerinin d\u0131\u015fi\u015fleri bakanlar\u0131n\u0131n bug\u00fcn T\u00fcrkiye&#8217;nin Antalya Kentinde d\u00fczenledikleri oturumda Stoltenberg, toplant\u0131da Suriye&#8217;de tampon b\u00f6lgenin kurulmas\u0131n\u0131 \u00f6ng\u00f6ren bir karar almayaca\u011f\u0131n\u0131 a\u00e7\u0131klad\u0131. Stoltenberg bu meselenin bir\u00e7ok kez NATO &hellip;<\/p>\n","protected":false},"author":1,"featured_media":33254,"comment_status":"closed","ping_status":"closed","sticky":false,"template":"","format":"standard","meta":{"footnotes":""},"categories":[458,459,447,2554,2555],"tags":[14529],"class_list":["post-33253","post","type-post","status-publish","format-standard","has-post-thumbnail","","category-dunya1","category-haberler-arap-uluslararasi-politika","category-politika","category-suriye-ve-dunya","category-suriye-ve-turkiye","tag-suriyede-tampon-bolge-natonun-yetkisinde-degildir"],"_links":{"self":[{"href":"https:\/\/archive.sana.sy\/tr\/index.php?rest_route=\/wp\/v2\/posts\/33253","targetHints":{"allow":["GET"]}}],"collection":[{"href":"https:\/\/archive.sana.sy\/tr\/index.php?rest_route=\/wp\/v2\/posts"}],"about":[{"href":"https:\/\/archive.sana.sy\/tr\/index.php?rest_route=\/wp\/v2\/types\/post"}],"author":[{"embeddable":true,"href":"https:\/\/archive.sana.sy\/tr\/index.php?rest_route=\/wp\/v2\/users\/1"}],"replies":[{"embeddable":true,"href":"https:\/\/archive.sana.sy\/tr\/index.php?rest_route=%2Fwp%2Fv2%2Fcomments&post=33253"}],"version-history":[{"count":0,"href":"https:\/\/archive.sana.sy\/tr\/index.php?rest_route=\/wp\/v2\/posts\/33253\/revisions"}],"wp:featuredmedia":[{"embeddable":true,"href":"https:\/\/archive.sana.sy\/tr\/index.php?rest_route=\/wp\/v2\/media\/33254"}],"wp:attachment":[{"href":"https:\/\/archive.sana.sy\/tr\/index.php?rest_route=%2Fwp%2Fv2%2Fmedia&parent=33253"}],"wp:term":[{"taxonomy":"category","embeddable":true,"href":"https:\/\/archive.sana.sy\/tr\/index.php?rest_route=%2Fwp%2Fv2%2Fcategories&post=33253"},{"taxonomy":"post_tag","embeddable":true,"href":"https:\/\/archive.sana.sy\/tr\/index.php?rest_route=%2Fwp%2Fv2%2Ftags&post=33253"}],"curies":[{"name":"wp","href":"https:\/\/api.w.org\/{rel}","templated":true}]}}