{"id":33256,"date":"2015-05-13T15:52:23","date_gmt":"2015-05-13T12:52:23","guid":{"rendered":"http:\/\/sana.sy\/tr\/?p=33256"},"modified":"2015-05-13T16:46:01","modified_gmt":"2015-05-13T13:46:01","slug":"el-esad-sudan-buyukelcisinin-guven-mektubunu-kabul-etti","status":"publish","type":"post","link":"https:\/\/archive.sana.sy\/tr\/?p=33256","title":{"rendered":"El Esad Sudan B\u00fcy\u00fckel\u00e7isinin G\u00fcven Mektubunu Kabul Etti"},"content":{"rendered":"<p>\u015eAM \u2013 Cumhurba\u015fkan\u0131 Be\u015f\u015far el Esad bug\u00fcn Sudan Cumhuriyetinin \u015eam\u2019a atad\u0131\u011f\u0131 yeni b\u00fcy\u00fckel\u00e7isi Halit Ahmet Muhammed Ali\u2019nin g\u00fcven mektubunu kabul etti.<\/p>\n<p><a href=\"http:\/\/sana.sy\/tr\/wp-content\/uploads\/2015\/05\/El-Esad-Sudan-B\u00fcy\u00fckel\u00e7isinin-G\u00fcven-Mektubunu-Kabul-Etti-1.jpg\"><img loading=\"lazy\" decoding=\"async\" class=\"alignright wp-image-33259 size-medium\" src=\"http:\/\/sana.sy\/tr\/wp-content\/uploads\/2015\/05\/El-Esad-Sudan-B\u00fcy\u00fckel\u00e7isinin-G\u00fcven-Mektubunu-Kabul-Etti-1-300x203.jpg\" alt=\"El Esad Sudan B\u00fcy\u00fckel\u00e7isinin G\u00fcven Mektubunu Kabul Etti 1\" width=\"300\" height=\"203\" srcset=\"https:\/\/archive.sana.sy\/tr\/wp-content\/uploads\/2015\/05\/El-Esad-Sudan-B\u00fcy\u00fckel\u00e7isinin-G\u00fcven-Mektubunu-Kabul-Etti-1-300x203.jpg 300w, https:\/\/archive.sana.sy\/tr\/wp-content\/uploads\/2015\/05\/El-Esad-Sudan-B\u00fcy\u00fckel\u00e7isinin-G\u00fcven-Mektubunu-Kabul-Etti-1-150x102.jpg 150w, https:\/\/archive.sana.sy\/tr\/wp-content\/uploads\/2015\/05\/El-Esad-Sudan-B\u00fcy\u00fckel\u00e7isinin-G\u00fcven-Mektubunu-Kabul-Etti-1-1024x693.jpg 1024w\" sizes=\"auto, (max-width: 300px) 100vw, 300px\" \/><\/a>Sudan\u2019\u0131n fevkalade b\u00fcy\u00fckel\u00e7isi s\u0131fat\u0131yla yeni g\u00f6revine ba\u015flayan Muhammed Ali ile g\u00f6r\u00fc\u015fmesinde el Esad, b\u00fcy\u00fckel\u00e7iye yeni g\u00f6revinde ba\u015far\u0131lar temenni etti.<\/p>\n<p>G\u00fcven mektubu teslim t\u00f6renine Ba\u015fbakan Yard\u0131mc\u0131s\u0131 D\u0131\u015fi\u015fleri ve Gurbet\u00e7iler Bakan\u0131 Velid el Muallim ve Cumhurba\u015fkanl\u0131\u011f\u0131 i\u015flerinden sorumlu devlet bakan\u0131 Mansur Azzam kat\u0131ld\u0131.<\/p>\n<p>Sudan b\u00fcy\u00fckel\u00e7isi Halk Saray\u0131nda geleneksel protokol ile kar\u015f\u0131lan\u0131p u\u011fruland\u0131.<\/p>\n<p>A.A. &#8211; M.M.<\/p>\n","protected":false},"excerpt":{"rendered":"<p>\u015eAM \u2013 Cumhurba\u015fkan\u0131 Be\u015f\u015far el Esad bug\u00fcn Sudan Cumhuriyetinin \u015eam\u2019a atad\u0131\u011f\u0131 yeni b\u00fcy\u00fckel\u00e7isi Halit Ahmet Muhammed Ali\u2019nin g\u00fcven mektubunu kabul etti. Sudan\u2019\u0131n fevkalade b\u00fcy\u00fckel\u00e7isi s\u0131fat\u0131yla yeni g\u00f6revine ba\u015flayan Muhammed Ali ile g\u00f6r\u00fc\u015fmesinde el Esad, b\u00fcy\u00fckel\u00e7iye yeni g\u00f6revinde ba\u015far\u0131lar temenni etti. G\u00fcven mektubu teslim t\u00f6renine Ba\u015fbakan Yard\u0131mc\u0131s\u0131 D\u0131\u015fi\u015fleri ve Gurbet\u00e7iler Bakan\u0131 Velid el Muallim ve Cumhurba\u015fkanl\u0131\u011f\u0131 &hellip;<\/p>\n","protected":false},"author":1,"featured_media":33258,"comment_status":"closed","ping_status":"closed","sticky":false,"template":"","format":"standard","meta":{"footnotes":""},"categories":[608,479,605,478],"tags":[14530],"class_list":["post-33256","post","type-post","status-publish","format-standard","has-post-thumbnail","","category-etkinlikler","category-haberler-yerel","category-sayin-cumhurbaskani","category-yerel","tag-el-esad-sudan-buyukelcisinin-guven-mektubunu-kabul-etti"],"_links":{"self":[{"href":"https:\/\/archive.sana.sy\/tr\/index.php?rest_route=\/wp\/v2\/posts\/33256","targetHints":{"allow":["GET"]}}],"collection":[{"href":"https:\/\/archive.sana.sy\/tr\/index.php?rest_route=\/wp\/v2\/posts"}],"about":[{"href":"https:\/\/archive.sana.sy\/tr\/index.php?rest_route=\/wp\/v2\/types\/post"}],"author":[{"embeddable":true,"href":"https:\/\/archive.sana.sy\/tr\/index.php?rest_route=\/wp\/v2\/users\/1"}],"replies":[{"embeddable":true,"href":"https:\/\/archive.sana.sy\/tr\/index.php?rest_route=%2Fwp%2Fv2%2Fcomments&post=33256"}],"version-history":[{"count":0,"href":"https:\/\/archive.sana.sy\/tr\/index.php?rest_route=\/wp\/v2\/posts\/33256\/revisions"}],"wp:featuredmedia":[{"embeddable":true,"href":"https:\/\/archive.sana.sy\/tr\/index.php?rest_route=\/wp\/v2\/media\/33258"}],"wp:attachment":[{"href":"https:\/\/archive.sana.sy\/tr\/index.php?rest_route=%2Fwp%2Fv2%2Fmedia&parent=33256"}],"wp:term":[{"taxonomy":"category","embeddable":true,"href":"https:\/\/archive.sana.sy\/tr\/index.php?rest_route=%2Fwp%2Fv2%2Fcategories&post=33256"},{"taxonomy":"post_tag","embeddable":true,"href":"https:\/\/archive.sana.sy\/tr\/index.php?rest_route=%2Fwp%2Fv2%2Ftags&post=33256"}],"curies":[{"name":"wp","href":"https:\/\/api.w.org\/{rel}","templated":true}]}}