{"id":33264,"date":"2015-05-13T17:00:15","date_gmt":"2015-05-13T14:00:15","guid":{"rendered":"http:\/\/sana.sy\/tr\/?p=33264"},"modified":"2015-05-13T17:00:15","modified_gmt":"2015-05-13T14:00:15","slug":"brojerdi-davutoglu-siyasi-ofsayt-ile-uluslararasi-kanunlari-ihlal-etti","status":"publish","type":"post","link":"https:\/\/archive.sana.sy\/tr\/?p=33264","title":{"rendered":"Brojerdi: Davuto\u011flu \u2018Siyasi Ofsayt\u2019 ile Uluslararas\u0131 Kanunlar\u0131 \u0130hlal Etti"},"content":{"rendered":"<p>\u015eAM \u2013 Halk Meclisi Ba\u015fkan\u0131 Muhammed Cihat el Lahham bug\u00fcn \u0130ran \u015eura Meclisinde Milli G\u00fcvenlik ve D\u0131\u015f Politika Komitesi Ba\u015fkan\u0131 Alauddin Brojerdi ile bir araya gelerek Suriye ve t\u00fcm b\u00f6lgedeki g\u00fcndemi t\u00fcm y\u00f6nleriyle masaya yat\u0131rd\u0131.<\/p>\n<p>\u0130ki \u00fclke parlamentolar\u0131 aras\u0131ndaki ili\u015fkiler ve uluslar aras\u0131 platformlarda tutum koordinasyonunun iki \u00fclke halklar\u0131n\u0131n \u00e7\u0131karlar\u0131 do\u011frultusunda peki\u015ftirilmesi \u00f6neminin ele al\u0131nd\u0131\u011f\u0131 g\u00f6r\u00fc\u015fmede Brojerdi; T\u00fcrkiye&#8217;de AKP h\u00fck\u00fcmeti ba\u015fkan\u0131 Ahmet Davuto\u011flu\u2019nun birka\u00e7 g\u00fcn \u00f6nce Suriye topraklar\u0131na girmesini ele\u015ftirdi. Brojerdi Davuto\u011flu\u2019nun bu davran\u0131\u015f\u0131n\u0131 \u2018siyasi ofsayt ve mant\u0131ks\u0131z bir davran\u0131\u015f\u2019 olarak nitelendirirken, uluslar aras\u0131 t\u00fcm kararlar, kanunlar ve misaka ayk\u0131r\u0131 d\u00fc\u015ft\u00fc\u011f\u00fcne dikkat \u00e7ekti.<\/p>\n<p>Brojerdi \u00fclkelerinden ter\u00f6ristlerin Suriye&#8217;ye yolculuk ve giri\u015flerini kolayla\u015ft\u0131ran h\u00fck\u00fcmetleri de\u015fifre edecek bir medya projesinin \u00f6nemine i\u015faret etti.<\/p>\n<p>\u2018\u0130ran\u2019\u0131n Cenevre&#8217;deki son isti\u015fare g\u00f6r\u00fc\u015fmelerine davet edilmesi y\u00f6n\u00fcnde SANA muhabirinin bir sorusunu yan\u0131tlayan Brojerdi; \u201cCenevre I ve II g\u00f6r\u00fc\u015fmelerinde d\u00fc\u015ft\u00fckleri hatay\u0131 tekrarlamamalar\u0131 gerekti\u011fini idrak ettiler. \u0130ran\u2019\u0131n politikas\u0131 Suriye&#8217;deki krize \u00e7\u00f6z\u00fcm\u00fcn bizzat Suriyeliler aras\u0131nda Suriye \u00e7at\u0131s\u0131 ve Suriye&#8217;de olmas\u0131 gere\u011fine dayal\u0131d\u0131r. Bu ba\u011flamda herhangi bir yabanc\u0131 m\u00fcdahaleye de kar\u015f\u0131y\u0131z. B\u00f6ylelikle \u2018demokrasiyi desteklediklerini\u2019 iddia eden devletlerin, Suriye&#8217;de Suriye halk\u0131n\u0131 kendi gelece\u011fini ve vatan\u0131n\u0131n gelece\u011fini kendi elleriyle yap\u0131land\u0131rmas\u0131na izin vermeleri gerekiyor..\u201d ifadelerini kulland\u0131.<\/p>\n<p>Yemen\u2019deki durumlar konusunda ise Brojerdi; \u201cd\u00fc\u015fmanlar Yemen\u2019de yeni bir cephe a\u00e7t\u0131lar, fakat bu cephe onlara geri d\u00f6necektir.. Yemen\u2019de yoksul ve silahs\u0131z bir halk\u0131 sava\u015f u\u00e7aklar\u0131yla bombalamak, Siyonist \u0130srail&#8217;in\u2019 Filistin halk\u0131na y\u00f6nelik katliamlar\u0131n\u0131n tekrar\u0131d\u0131r..\u201d dedi.<\/p>\n<p>Di\u011fer yandan Brojerdi \u0130ran Ba\u015fkan\u0131n\u0131n Ba\u015f Dan\u0131\u015fman\u0131 ve Suriye \u2013 \u0130ran Ekonomik \u0130li\u015fkileri Kalk\u0131nd\u0131rma Komitesi Ba\u015fkan\u0131 R\u00fcstem Kasimi\u2019nin \u00f6n\u00fcm\u00fczdeki hafta i\u00e7inde ekonomik bir heyetin ba\u015fkanl\u0131\u011f\u0131nda Suriye&#8217;yi ziyaret edece\u011fini a\u00e7\u0131klad\u0131.<\/p>\n<p>Brojerdi \u015eam\u2019a ziyaretinin Suriye ve halk\u0131na y\u00f6nelik medya sava\u015f\u0131 ve spek\u00fclasyon propagandas\u0131na kar\u015f\u0131 mesaj vermekle birlikte \u0130ran\u2019\u0131n eskiden oldu\u011fu gibi h\u00fck\u00fcmet ve halk olarak Suriye\u2019nin yan\u0131nda oldu\u011funu, her zaman da yan\u0131nda olaca\u011f\u0131n\u0131 belirtme mesaj\u0131 ta\u015f\u0131d\u0131\u011f\u0131n\u0131 vurgulad\u0131. Brojerdi, Suriye\u2019ye y\u00f6nelik sava\u015f\u0131n b\u00fcy\u00fck bir b\u00f6l\u00fcm\u00fcn\u00fcn psikolojik sava\u015f oldu\u011funa dikkat \u00e7ekti.<\/p>\n<p>Suriye Arap ordusunun \u0130dlib k\u0131rsal\u0131 Cisre\u015f\u015fu\u011fur Kasabas\u0131ndaki direni\u015f ve kahramanl\u0131\u011f\u0131n\u0131n takdire \u015fayan oldu\u011funa i\u015faret eden Brojerdi; \u201cY\u00fcce Allah\u2019tan bu ordunun bir kez daha bu mevkide zafere eri\u015fmesini temenni ediyoruz. zafer her zaman bat\u0131la kar\u015f\u0131 hak cephesinin m\u00fcttefiki olacakt\u0131r..\u201d dedi.<\/p>\n<p>Brojerdi, n\u00fckleer dosya ile ilgili \u0130ran\u2019a uygulanan en b\u00fcy\u00fck bask\u0131lar\u0131n \u0130srail ile Arap ve \u0130slam alemlerinin d\u00fc\u015fman\u0131 olan Siyonist \u0130srail&#8217;in politikas\u0131n\u0131 izleyen Suudi Arabistan taraf\u0131ndan geldi\u011fine i\u015faret ederek, bunun Suudi Arabistan\u2019\u0131n tarihinde ar ve utan\u00e7 noktas\u0131 olarak kalaca\u011f\u0131n\u0131 dile getirdi.<\/p>\n<p>Halk Meclisi Ba\u015fkan\u0131 Lahham ise; Suriye ve \u0130ran aras\u0131ndaki ili\u015fkilerin her daim oldu\u011fu gibi g\u00fcvenlik ve istikrar\u0131n fakt\u00f6r\u00fc olarak kalaca\u011f\u0131n\u0131, Bat\u0131l\u0131 s\u00f6m\u00fcr\u00fc ve hegemonya planlar\u0131 kar\u015f\u0131s\u0131nda b\u00f6lge halklar\u0131n\u0131n haklar\u0131n\u0131n garant\u00f6r\u00fc olaca\u011f\u0131n\u0131 belirtti.<\/p>\n<p>Yemen halk\u0131na y\u00f6nelik d\u00fc\u015fmanc\u0131 sald\u0131r\u0131lar\u0131n Suriye ve halk\u0131na y\u00f6nelik sava\u015ftan ayr\u0131 olmad\u0131\u011f\u0131na dikkat \u00e7eken Lahham; radikalli\u011fe kar\u015f\u0131 m\u00fccadelenin b\u00f6lgesel ve evrensel ciddi ve d\u00fcr\u00fcst bir i\u015fbirli\u011fi gerektirdi\u011fini yeniden belirtti.<\/p>\n<p>Lahham Suriye ve halk\u0131na y\u00f6nelik y\u00fcr\u00fct\u00fclmekte olan medya sava\u015f\u0131 ve ger\u00e7ekleri \u00e7arp\u0131tma hamlelerinin ter\u00f6r \u00f6rg\u00fctleri ve destek\u00e7ilerinin d\u00fc\u015ft\u00fckleri a\u011f\u0131r kay\u0131plar i\u00e7inde \u00e7\u0131rp\u0131nmalar\u0131ndan ba\u015fka bir \u015fey olmad\u0131\u011f\u0131n\u0131 ifade etti.<\/p>\n<p>G\u00f6r\u00fc\u015fmeye Halk Meclisinde d\u0131\u015f ili\u015fikler komisyonu ba\u015fkan\u0131, ulusal uzla\u015fma komisyonu ba\u015fkan\u0131 ve \u0130ran\u2019\u0131n \u015eam b\u00fcy\u00fckel\u00e7isi kat\u0131ld\u0131lar.<\/p>\n<p>A.A. &#8211; M.M.<\/p>\n","protected":false},"excerpt":{"rendered":"<p>\u015eAM \u2013 Halk Meclisi Ba\u015fkan\u0131 Muhammed Cihat el Lahham bug\u00fcn \u0130ran \u015eura Meclisinde Milli G\u00fcvenlik ve D\u0131\u015f Politika Komitesi Ba\u015fkan\u0131 Alauddin Brojerdi ile bir araya gelerek Suriye ve t\u00fcm b\u00f6lgedeki g\u00fcndemi t\u00fcm y\u00f6nleriyle masaya yat\u0131rd\u0131. \u0130ki \u00fclke parlamentolar\u0131 aras\u0131ndaki ili\u015fkiler ve uluslar aras\u0131 platformlarda tutum koordinasyonunun iki \u00fclke halklar\u0131n\u0131n \u00e7\u0131karlar\u0131 do\u011frultusunda peki\u015ftirilmesi \u00f6neminin ele al\u0131nd\u0131\u011f\u0131 &hellip;<\/p>\n","protected":false},"author":1,"featured_media":33267,"comment_status":"closed","ping_status":"closed","sticky":false,"template":"","format":"standard","meta":{"footnotes":""},"categories":[479,2554,2555,478],"tags":[14531],"class_list":["post-33264","post","type-post","status-publish","format-standard","has-post-thumbnail","","category-haberler-yerel","category-suriye-ve-dunya","category-suriye-ve-turkiye","category-yerel","tag-brojerdi-davutoglu-siyasi-ofsayt-ile-uluslararasi-kanunlari-ihlal-etti"],"_links":{"self":[{"href":"https:\/\/archive.sana.sy\/tr\/index.php?rest_route=\/wp\/v2\/posts\/33264","targetHints":{"allow":["GET"]}}],"collection":[{"href":"https:\/\/archive.sana.sy\/tr\/index.php?rest_route=\/wp\/v2\/posts"}],"about":[{"href":"https:\/\/archive.sana.sy\/tr\/index.php?rest_route=\/wp\/v2\/types\/post"}],"author":[{"embeddable":true,"href":"https:\/\/archive.sana.sy\/tr\/index.php?rest_route=\/wp\/v2\/users\/1"}],"replies":[{"embeddable":true,"href":"https:\/\/archive.sana.sy\/tr\/index.php?rest_route=%2Fwp%2Fv2%2Fcomments&post=33264"}],"version-history":[{"count":0,"href":"https:\/\/archive.sana.sy\/tr\/index.php?rest_route=\/wp\/v2\/posts\/33264\/revisions"}],"wp:featuredmedia":[{"embeddable":true,"href":"https:\/\/archive.sana.sy\/tr\/index.php?rest_route=\/wp\/v2\/media\/33267"}],"wp:attachment":[{"href":"https:\/\/archive.sana.sy\/tr\/index.php?rest_route=%2Fwp%2Fv2%2Fmedia&parent=33264"}],"wp:term":[{"taxonomy":"category","embeddable":true,"href":"https:\/\/archive.sana.sy\/tr\/index.php?rest_route=%2Fwp%2Fv2%2Fcategories&post=33264"},{"taxonomy":"post_tag","embeddable":true,"href":"https:\/\/archive.sana.sy\/tr\/index.php?rest_route=%2Fwp%2Fv2%2Ftags&post=33264"}],"curies":[{"name":"wp","href":"https:\/\/api.w.org\/{rel}","templated":true}]}}