{"id":33269,"date":"2015-05-13T17:15:11","date_gmt":"2015-05-13T14:15:11","guid":{"rendered":"http:\/\/sana.sy\/tr\/?p=33269"},"modified":"2015-05-14T16:00:41","modified_gmt":"2015-05-14T13:00:41","slug":"erdoganin-kaide-orgutunden-cetelerinin-agir-kayiplari-artiyor","status":"publish","type":"post","link":"https:\/\/archive.sana.sy\/tr\/?p=33269","title":{"rendered":"Erdo\u011fan\u2019\u0131n Kaide \u00d6rg\u00fct\u00fcnden \u00c7etelerinin A\u011f\u0131r Kay\u0131plar\u0131 Art\u0131yor"},"content":{"rendered":"<p>\u0130LLER \u2013 \u015eam, Dera, Homs, Hama, Kunaytra ve S\u00fcveyda illerinde T\u00fcrkiye ve \u00c2l Suud rejimlerinin destek ve y\u00f6nlendirmeleriyle faaliyet g\u00f6steren radikal \u00f6rg\u00fctlerin mevki ve siperlerini hedef alan kahraman birliklerimiz; onlar\u0131 say\u0131 ve te\u00e7hizatlar\u0131yla a\u011f\u0131r kay\u0131plara u\u011fratmaya devam etti.<\/p>\n<p><span style=\"color: #0000ff\">\u015eAM :<\/span><\/p>\n<p>Askeri kaynak; ordu birliklerimizin L\u00fcbnan direni\u015f g\u00fc\u00e7leriyle i\u015fbirli\u011fi i\u00e7inde \u015eam k\u0131rsal\u0131 Kalemun B\u00f6lgesinin Musa Tepesi ve Ras el Muara da\u011flar\u0131nda kontrol ve g\u00fcvenli\u011fi sa\u011flad\u0131klar\u0131n\u0131 ifade etti.<\/p>\n<p>Kaynak; operasyonlarda ter\u00f6r \u00f6rg\u00fctlerinden b\u00fcy\u00fck say\u0131da ter\u00f6ristin \u00f6ld\u00fcr\u00fcl\u00fcp havzalar\u0131ndaki silah ve m\u00fchimmat\u0131n da imha edildi\u011fini aktard\u0131.<\/p>\n<p>Ordu birliklerimizin direni\u015f g\u00fc\u00e7leriyle i\u015fbirli\u011fi i\u00e7inde Musa Tepesi \u00e7evresinde ka\u00e7an ter\u00f6ristleri kovalama operasyonlar\u0131n\u0131 s\u00fcrd\u00fcrd\u00fcklerini aktaran kaynak; bu operasyonlara e\u015f zamanl\u0131 olarak Flayta Beldesinin da\u011fl\u0131k arazilerinde ter\u00f6r mevkilerini de imha ettiklerini belirtti.<\/p>\n<p>Bat\u0131 Kalemun B\u00f6lgesinin Tfayl Beldesi g\u00fcneyinde ter\u00f6r \u00e7etelerinin bir k\u0131s\u0131m askeri noktalara sald\u0131r\u0131 giri\u015fimlerini \u00e7\u00f6kerten ordu birliklerimiz, aralar\u0131nda tehlikeli ve yabanc\u0131lar\u0131n bulundu\u011fu onlarca ter\u00f6risti \u00f6ld\u00fcrd\u00fc.<\/p>\n<p>https:\/\/www.youtube.com\/watch?v=1KPU-OJIXE0<\/p>\n<p><span style=\"color: #0000ff\">DERA :<\/span><\/p>\n<p>\u00d6te yandan ordu birliklerimizin Dera k\u0131rsal\u0131n\u0131n g\u00fcneyi Nasib S\u0131n\u0131r Kap\u0131s\u0131 civar\u0131nda Vahhabi \u00c2l Suud rejiminin destekledi\u011fi ter\u00f6ristlerin toplanma yerlerini hedef ald\u0131klar\u0131n\u0131 s\u00f6yleyen kaynak; tekfirci ve hainlerin saflar\u0131nda a\u011f\u0131r kay\u0131plara yol a\u00e7t\u0131klar\u0131n\u0131\u00a0 s\u00f6zlerine ekledi.<\/p>\n<p>Kaynak; Dera k\u0131rsal\u0131n\u0131n Etman Beldesinde ise \u2018Musanna \u0130slami Hareketi\u2019 ve Nusra Cephesine kar\u015f\u0131 askeri operasyonlar\u0131n\u0131 s\u00fcrd\u00fcren ordu birliklerimizin; \u00e7ok say\u0131da ter\u00f6risti \u00f6l\u00fc ve yaral\u0131 d\u00fc\u015f\u00fcr\u00fcp havzalar\u0131nda bulunan silah ve m\u00fchimmatlar\u0131n\u0131 da imha ettiklerini belirtti.<\/p>\n<p>Bu arada ordu birliklerimiz Dera Beled\u2019te ter\u00f6ristlere ait bir karargah\u0131 muhtevalar\u0131yla birlikte imha ederek i\u00e7indeki t\u00fcm ter\u00f6ristleri \u00f6ld\u00fcrd\u00fc.<\/p>\n<p><span style=\"color: #0000ff\">KUNAYTRA :<\/span><\/p>\n<p>Kunaytra k\u0131rsal\u0131nda ise askeri kaynak, ordu birliklerimizin Dera il idari s\u0131n\u0131rlar\u0131na yak\u0131n Meshara Beldesinde Nusra Cephesi ve di\u011fer \u00f6rg\u00fctlerin yuva ve k\u00fcmelenme yerlerini hedef almalar\u0131 sonucunda bir\u00e7ok ter\u00f6risti \u00f6l\u00fc ve yaral\u0131 d\u00fc\u015f\u00fcr\u00fcp ara\u00e7, cephane ve silahlar\u0131n\u0131 da imha ettiklerini s\u00f6yledi.<\/p>\n<p><span style=\"color: #0000ff\">HOMS :<\/span><\/p>\n<p>Askeri kaynak; hava g\u00fc\u00e7lerimizin Homs iline tabi Tedmur k\u0131rsal\u0131na d\u00fc\u015fen Biir Havaye el \u015eems B\u00f6lgesine ilaveten Vadi el S\u00fckker, \u00d6rnek K\u00f6y ve Cebel el Dahik b\u00f6lgelerinde I\u015e\u0130D\u2019in toplanma yerleri ve mevkilerini hedef ald\u0131klar\u0131n\u0131 aktard\u0131.<\/p>\n<p>Kaynak; operasyonlarda \u00e7ok say\u0131da ter\u00f6ristin \u00f6l\u00fc ve yaral\u0131 d\u00fc\u015f\u00fcr\u00fcl\u00fcp muhtelif t\u00fcr makineli silahlarla donat\u0131lm\u0131\u015f ara\u00e7 konvoyunun imha edildi\u011fine dikkat \u00e7ekti.<\/p>\n<p><span style=\"color: #0000ff\">S\u00dcVEYDA :<\/span><\/p>\n<p>Di\u011fer yandan askeri kaynak, ordu birliklerimizin S\u00fcveyda k\u0131rsal\u0131n\u0131n kuzeyinde Kuzey ve G\u00fcney \u0130\u015fheyb b\u00f6lgelerine ilaveten Fidyeyn Tepelerinde I\u015e\u0130D ter\u00f6r \u00f6rg\u00fct\u00fcnden \u00e7ok say\u0131da ter\u00f6risti ara\u00e7 ve a\u011f\u0131r silahlar\u0131yla etkisizle\u015ftirdiklerini belirtti.<\/p>\n<p><span style=\"color: #0000ff\">HAMA:<\/span><\/p>\n<p>Bu arada askeri kaynak, ordu birliklerimizin Hama kuzey k\u0131rsal\u0131 Latamina Beldesinde T\u00fcrkiye\u2019deki rejimin destekledi\u011fi Kaide \u00d6rg\u00fct\u00fcn\u00fcn Suriye kolu Nusra Cephesine tabi aralar\u0131nda yabanc\u0131lar\u0131n bulundu\u011fu \u00e7ok say\u0131da ter\u00f6risti \u00f6ld\u00fcrd\u00fcklerini belirtti.<\/p>\n<p style=\"text-align: center\"><span style=\"color: #0000ff\"><strong> Kalemun B\u00f6lgesinin Tfayl Beldesi<\/strong><\/span><\/p>\n<div id='gallery-1' class='gallery galleryid-33269 gallery-columns-2 gallery-size-medium'><figure class='gallery-item'>\n\t\t\t<div class='gallery-icon landscape'>\n\t\t\t\t<a href='https:\/\/archive.sana.sy\/tr\/wp-content\/uploads\/2015\/05\/ter\u00f6ristler-1.jpg'><img loading=\"lazy\" decoding=\"async\" width=\"300\" height=\"192\" src=\"https:\/\/archive.sana.sy\/tr\/wp-content\/uploads\/2015\/05\/ter\u00f6ristler-1-300x192.jpg\" class=\"attachment-medium size-medium\" alt=\"\" srcset=\"https:\/\/archive.sana.sy\/tr\/wp-content\/uploads\/2015\/05\/ter\u00f6ristler-1-300x192.jpg 300w, https:\/\/archive.sana.sy\/tr\/wp-content\/uploads\/2015\/05\/ter\u00f6ristler-1-150x96.jpg 150w, https:\/\/archive.sana.sy\/tr\/wp-content\/uploads\/2015\/05\/ter\u00f6ristler-1.jpg 720w\" sizes=\"auto, (max-width: 300px) 100vw, 300px\" \/><\/a>\n\t\t\t<\/div><\/figure><figure class='gallery-item'>\n\t\t\t<div class='gallery-icon landscape'>\n\t\t\t\t<a href='https:\/\/archive.sana.sy\/tr\/wp-content\/uploads\/2015\/05\/ter\u00f6ristler-2.jpg'><img loading=\"lazy\" decoding=\"async\" width=\"300\" height=\"181\" src=\"https:\/\/archive.sana.sy\/tr\/wp-content\/uploads\/2015\/05\/ter\u00f6ristler-2-300x181.jpg\" class=\"attachment-medium size-medium\" alt=\"\" srcset=\"https:\/\/archive.sana.sy\/tr\/wp-content\/uploads\/2015\/05\/ter\u00f6ristler-2-300x181.jpg 300w, https:\/\/archive.sana.sy\/tr\/wp-content\/uploads\/2015\/05\/ter\u00f6ristler-2-150x90.jpg 150w, https:\/\/archive.sana.sy\/tr\/wp-content\/uploads\/2015\/05\/ter\u00f6ristler-2.jpg 720w\" sizes=\"auto, (max-width: 300px) 100vw, 300px\" \/><\/a>\n\t\t\t<\/div><\/figure><figure class='gallery-item'>\n\t\t\t<div class='gallery-icon landscape'>\n\t\t\t\t<a href='https:\/\/archive.sana.sy\/tr\/wp-content\/uploads\/2015\/05\/ter\u00f6ristler-3.jpg'><img loading=\"lazy\" decoding=\"async\" width=\"300\" height=\"193\" src=\"https:\/\/archive.sana.sy\/tr\/wp-content\/uploads\/2015\/05\/ter\u00f6ristler-3-300x193.jpg\" class=\"attachment-medium size-medium\" alt=\"\" srcset=\"https:\/\/archive.sana.sy\/tr\/wp-content\/uploads\/2015\/05\/ter\u00f6ristler-3-300x193.jpg 300w, https:\/\/archive.sana.sy\/tr\/wp-content\/uploads\/2015\/05\/ter\u00f6ristler-3-150x96.jpg 150w, https:\/\/archive.sana.sy\/tr\/wp-content\/uploads\/2015\/05\/ter\u00f6ristler-3.jpg 720w\" sizes=\"auto, (max-width: 300px) 100vw, 300px\" \/><\/a>\n\t\t\t<\/div><\/figure><figure class='gallery-item'>\n\t\t\t<div class='gallery-icon landscape'>\n\t\t\t\t<a href='https:\/\/archive.sana.sy\/tr\/wp-content\/uploads\/2015\/05\/ter\u00f6ristler-4.jpg'><img loading=\"lazy\" decoding=\"async\" width=\"300\" height=\"207\" src=\"https:\/\/archive.sana.sy\/tr\/wp-content\/uploads\/2015\/05\/ter\u00f6ristler-4-300x207.jpg\" class=\"attachment-medium size-medium\" alt=\"\" srcset=\"https:\/\/archive.sana.sy\/tr\/wp-content\/uploads\/2015\/05\/ter\u00f6ristler-4-300x207.jpg 300w, https:\/\/archive.sana.sy\/tr\/wp-content\/uploads\/2015\/05\/ter\u00f6ristler-4-150x104.jpg 150w, https:\/\/archive.sana.sy\/tr\/wp-content\/uploads\/2015\/05\/ter\u00f6ristler-4.jpg 720w\" sizes=\"auto, (max-width: 300px) 100vw, 300px\" \/><\/a>\n\t\t\t<\/div><\/figure><figure class='gallery-item'>\n\t\t\t<div class='gallery-icon landscape'>\n\t\t\t\t<a href='https:\/\/archive.sana.sy\/tr\/wp-content\/uploads\/2015\/05\/ter\u00f6ristler-5.jpg'><img loading=\"lazy\" decoding=\"async\" width=\"300\" height=\"193\" src=\"https:\/\/archive.sana.sy\/tr\/wp-content\/uploads\/2015\/05\/ter\u00f6ristler-5-300x193.jpg\" class=\"attachment-medium size-medium\" alt=\"\" srcset=\"https:\/\/archive.sana.sy\/tr\/wp-content\/uploads\/2015\/05\/ter\u00f6ristler-5-300x193.jpg 300w, https:\/\/archive.sana.sy\/tr\/wp-content\/uploads\/2015\/05\/ter\u00f6ristler-5-150x96.jpg 150w, https:\/\/archive.sana.sy\/tr\/wp-content\/uploads\/2015\/05\/ter\u00f6ristler-5.jpg 720w\" sizes=\"auto, (max-width: 300px) 100vw, 300px\" \/><\/a>\n\t\t\t<\/div><\/figure>\n\t\t<\/div>\n\n<p>M.M. &#8211; A.A. &#8211; R.H.<\/p>\n","protected":false},"excerpt":{"rendered":"<p>\u0130LLER \u2013 \u015eam, Dera, Homs, Hama, Kunaytra ve S\u00fcveyda illerinde T\u00fcrkiye ve \u00c2l Suud rejimlerinin destek ve y\u00f6nlendirmeleriyle faaliyet g\u00f6steren radikal \u00f6rg\u00fctlerin mevki ve siperlerini hedef alan kahraman birliklerimiz; onlar\u0131 say\u0131 ve te\u00e7hizatlar\u0131yla a\u011f\u0131r kay\u0131plara u\u011fratmaya devam etti. \u015eAM : Askeri kaynak; ordu birliklerimizin L\u00fcbnan direni\u015f g\u00fc\u00e7leriyle i\u015fbirli\u011fi i\u00e7inde \u015eam k\u0131rsal\u0131 Kalemun B\u00f6lgesinin Musa Tepesi &hellip;<\/p>\n","protected":false},"author":1,"featured_media":33271,"comment_status":"closed","ping_status":"closed","sticky":false,"template":"","format":"standard","meta":{"footnotes":""},"categories":[575],"tags":[14532],"class_list":["post-33269","post","type-post","status-publish","format-standard","has-post-thumbnail","","category-olaylar-ve-gercekler","tag-erdoganin-kaide-orgutunden-cetelerinin-agir-kayiplari-artiyor"],"_links":{"self":[{"href":"https:\/\/archive.sana.sy\/tr\/index.php?rest_route=\/wp\/v2\/posts\/33269","targetHints":{"allow":["GET"]}}],"collection":[{"href":"https:\/\/archive.sana.sy\/tr\/index.php?rest_route=\/wp\/v2\/posts"}],"about":[{"href":"https:\/\/archive.sana.sy\/tr\/index.php?rest_route=\/wp\/v2\/types\/post"}],"author":[{"embeddable":true,"href":"https:\/\/archive.sana.sy\/tr\/index.php?rest_route=\/wp\/v2\/users\/1"}],"replies":[{"embeddable":true,"href":"https:\/\/archive.sana.sy\/tr\/index.php?rest_route=%2Fwp%2Fv2%2Fcomments&post=33269"}],"version-history":[{"count":0,"href":"https:\/\/archive.sana.sy\/tr\/index.php?rest_route=\/wp\/v2\/posts\/33269\/revisions"}],"wp:featuredmedia":[{"embeddable":true,"href":"https:\/\/archive.sana.sy\/tr\/index.php?rest_route=\/wp\/v2\/media\/33271"}],"wp:attachment":[{"href":"https:\/\/archive.sana.sy\/tr\/index.php?rest_route=%2Fwp%2Fv2%2Fmedia&parent=33269"}],"wp:term":[{"taxonomy":"category","embeddable":true,"href":"https:\/\/archive.sana.sy\/tr\/index.php?rest_route=%2Fwp%2Fv2%2Fcategories&post=33269"},{"taxonomy":"post_tag","embeddable":true,"href":"https:\/\/archive.sana.sy\/tr\/index.php?rest_route=%2Fwp%2Fv2%2Ftags&post=33269"}],"curies":[{"name":"wp","href":"https:\/\/api.w.org\/{rel}","templated":true}]}}