{"id":33304,"date":"2015-05-13T09:56:41","date_gmt":"2015-05-13T06:56:41","guid":{"rendered":"http:\/\/sana.sy\/tr\/?p=33304"},"modified":"2015-05-14T10:01:09","modified_gmt":"2015-05-14T07:01:09","slug":"cumhurbaskani-bessar-el-esad-sudan-cumhuriyetinin-sama-atadigi-buyukelcisi-halit-ahmet-muhammed-alinin-guven-mektubunu-kabul-ediyor","status":"publish","type":"post","link":"https:\/\/archive.sana.sy\/tr\/?p=33304","title":{"rendered":"Cumhurba\u015fkan\u0131 Be\u015f\u015far el Esad Sudan Cumhuriyetinin \u015eam\u2019a Atad\u0131\u011f\u0131 B\u00fcy\u00fckel\u00e7isi Halit Ahmet Muhammed Ali\u2019nin G\u00fcven Mektubunu Kabul Ediyor"},"content":{"rendered":"<p>Cumhurba\u015fkan\u0131 Be\u015f\u015far el Esad Sudan Cumhuriyetinin \u015eam\u2019a Atad\u0131\u011f\u0131 B\u00fcy\u00fckel\u00e7isi Halit Ahmet Muhammed Ali\u2019nin G\u00fcven Mektubunu Kabul Ediyor<\/p>\n<p><a href=\"http:\/\/sana.sy\/tr\/wp-content\/uploads\/2015\/05\/el-Esad-5.jpg\"><img loading=\"lazy\" decoding=\"async\" class=\"alignnone size-medium wp-image-33305\" src=\"http:\/\/sana.sy\/tr\/wp-content\/uploads\/2015\/05\/el-Esad-5-300x160.jpg\" alt=\"el Esad 5\" width=\"300\" height=\"160\" srcset=\"https:\/\/archive.sana.sy\/tr\/wp-content\/uploads\/2015\/05\/el-Esad-5-300x160.jpg 300w, https:\/\/archive.sana.sy\/tr\/wp-content\/uploads\/2015\/05\/el-Esad-5-150x80.jpg 150w, https:\/\/archive.sana.sy\/tr\/wp-content\/uploads\/2015\/05\/el-Esad-5.jpg 620w\" sizes=\"auto, (max-width: 300px) 100vw, 300px\" \/><\/a><\/p>\n<p>R.H.<\/p>\n","protected":false},"excerpt":{"rendered":"<p>Cumhurba\u015fkan\u0131 Be\u015f\u015far el Esad Sudan Cumhuriyetinin \u015eam\u2019a Atad\u0131\u011f\u0131 B\u00fcy\u00fckel\u00e7isi Halit Ahmet Muhammed Ali\u2019nin G\u00fcven Mektubunu Kabul Ediyor R.H.<\/p>\n","protected":false},"author":1,"featured_media":33306,"comment_status":"closed","ping_status":"closed","sticky":false,"template":"","format":"standard","meta":{"footnotes":""},"categories":[6459],"tags":[14542],"class_list":["post-33304","post","type-post","status-publish","format-standard","has-post-thumbnail","","category-sana-fotolarl","tag-cumhurbaskani-bessar-el-esad-sudan-cumhuriyetinin-sama-atadigi-buyukelcisi-halit-ahmet-muhammed-alinin-guven-mektubunu-kabul-ediyor"],"_links":{"self":[{"href":"https:\/\/archive.sana.sy\/tr\/index.php?rest_route=\/wp\/v2\/posts\/33304","targetHints":{"allow":["GET"]}}],"collection":[{"href":"https:\/\/archive.sana.sy\/tr\/index.php?rest_route=\/wp\/v2\/posts"}],"about":[{"href":"https:\/\/archive.sana.sy\/tr\/index.php?rest_route=\/wp\/v2\/types\/post"}],"author":[{"embeddable":true,"href":"https:\/\/archive.sana.sy\/tr\/index.php?rest_route=\/wp\/v2\/users\/1"}],"replies":[{"embeddable":true,"href":"https:\/\/archive.sana.sy\/tr\/index.php?rest_route=%2Fwp%2Fv2%2Fcomments&post=33304"}],"version-history":[{"count":0,"href":"https:\/\/archive.sana.sy\/tr\/index.php?rest_route=\/wp\/v2\/posts\/33304\/revisions"}],"wp:featuredmedia":[{"embeddable":true,"href":"https:\/\/archive.sana.sy\/tr\/index.php?rest_route=\/wp\/v2\/media\/33306"}],"wp:attachment":[{"href":"https:\/\/archive.sana.sy\/tr\/index.php?rest_route=%2Fwp%2Fv2%2Fmedia&parent=33304"}],"wp:term":[{"taxonomy":"category","embeddable":true,"href":"https:\/\/archive.sana.sy\/tr\/index.php?rest_route=%2Fwp%2Fv2%2Fcategories&post=33304"},{"taxonomy":"post_tag","embeddable":true,"href":"https:\/\/archive.sana.sy\/tr\/index.php?rest_route=%2Fwp%2Fv2%2Ftags&post=33304"}],"curies":[{"name":"wp","href":"https:\/\/api.w.org\/{rel}","templated":true}]}}