{"id":33314,"date":"2015-05-14T10:06:22","date_gmt":"2015-05-14T07:06:22","guid":{"rendered":"http:\/\/sana.sy\/tr\/?p=33314"},"modified":"2015-05-14T10:06:22","modified_gmt":"2015-05-14T07:06:22","slug":"hassun-genclik-arap-ulusunun-umududur","status":"publish","type":"post","link":"https:\/\/archive.sana.sy\/tr\/?p=33314","title":{"rendered":"Hassun: Gen\u00e7lik Arap Ulusunun Umududur"},"content":{"rendered":"<p>\u015eAM \u2013 Cumhuriyet M\u00fcft\u00fcs\u00fc Ahmet Bedrettin Hassun, Suriye&#8217;de ya\u015fanan son be\u015f y\u0131l\u0131n Suriyeli gen\u00e7ler a\u00e7\u0131s\u0131ndan bir direni\u015f, sab\u0131r ve ecdad\u0131n\u0131n vatan savunmas\u0131 y\u00fcr\u00fcy\u00fc\u015f\u00fcn\u00fc tamamlama s\u0131nav\u0131 te\u015fkil etti\u011fini dile getirdi.<\/p>\n<p>\u015eam \u00dcniversitesinden bir grup \u00f6\u011frenci ile d\u00fcn bir araya gelen Hassun, gen\u00e7li\u011fin Arap ulusunun umudu oldu\u011funu dile getirerek gen\u00e7lere tarihi yeniden okuyarak vatanlar\u0131n\u0131 ve d\u00fc\u015f\u00fcncelerini daha b\u00fcy\u00fck bir azim ve cesaretle savunma g\u00fcc\u00fc kazanma \u00e7a\u011fr\u0131s\u0131nda bulundu.<\/p>\n<p>Din ve Ahlak K\u00fclt\u00fcr\u00fc derslerinin okullarda daha aktif bir \u015fekilde yer almas\u0131 gere\u011fine i\u015faret eden Hassun, ahlaki ve y\u00fcce de\u011ferlerin yeni nesillerin bilincine kaz\u0131nmas\u0131n\u0131n \u00f6nemini vurgulad\u0131.<\/p>\n<p>\u00d6\u011frencilerinin e\u011fitim ve \u00f6\u011frenimlerini s\u00fcrd\u00fcrmelerinin ter\u00f6re kar\u015f\u0131 bir direni\u015f te\u015fkil etti\u011fine dikkat \u00e7eken Hassun, vatan d\u00fc\u015fmanlar\u0131n\u0131n s\u00fcrd\u00fcrd\u00fc\u011f\u00fc dezenformasyon sava\u015f\u0131n\u0131n as\u0131l hedefinin gen\u00e7li\u011fin bilincini kirletmek ve gen\u00e7 kesimin kendine olan g\u00fcvenini yitirmesini sa\u011flamak oldu\u011funu belirtti.<\/p>\n<p>https:\/\/www.youtube.com\/watch?v=kwHJf7T3elM<\/p>\n<p>F.B. &#8211; R.H.<\/p>\n","protected":false},"excerpt":{"rendered":"<p>\u015eAM \u2013 Cumhuriyet M\u00fcft\u00fcs\u00fc Ahmet Bedrettin Hassun, Suriye&#8217;de ya\u015fanan son be\u015f y\u0131l\u0131n Suriyeli gen\u00e7ler a\u00e7\u0131s\u0131ndan bir direni\u015f, sab\u0131r ve ecdad\u0131n\u0131n vatan savunmas\u0131 y\u00fcr\u00fcy\u00fc\u015f\u00fcn\u00fc tamamlama s\u0131nav\u0131 te\u015fkil etti\u011fini dile getirdi. \u015eam \u00dcniversitesinden bir grup \u00f6\u011frenci ile d\u00fcn bir araya gelen Hassun, gen\u00e7li\u011fin Arap ulusunun umudu oldu\u011funu dile getirerek gen\u00e7lere tarihi yeniden okuyarak vatanlar\u0131n\u0131 ve d\u00fc\u015f\u00fcncelerini daha &hellip;<\/p>\n","protected":false},"author":1,"featured_media":33315,"comment_status":"closed","ping_status":"closed","sticky":false,"template":"","format":"standard","meta":{"footnotes":""},"categories":[479,478],"tags":[14544,14546,14545],"class_list":["post-33314","post","type-post","status-publish","format-standard","has-post-thumbnail","","category-haberler-yerel","category-yerel","tag-hassun-genclik-arap-ulusunun-umududur-sam-cumhuriyet-muftusu-ahmet-bedrettin-hassun","tag-sabir-ve-ecdadinin-vatan-savunmasi-yuruyusunu-tamamlama-sinavi-teskil-ettigini-dile-getirdi","tag-suriyede-yasanan-son-bes-yilin-suriyeli-gencler-acisindan-bir-direnis"],"_links":{"self":[{"href":"https:\/\/archive.sana.sy\/tr\/index.php?rest_route=\/wp\/v2\/posts\/33314","targetHints":{"allow":["GET"]}}],"collection":[{"href":"https:\/\/archive.sana.sy\/tr\/index.php?rest_route=\/wp\/v2\/posts"}],"about":[{"href":"https:\/\/archive.sana.sy\/tr\/index.php?rest_route=\/wp\/v2\/types\/post"}],"author":[{"embeddable":true,"href":"https:\/\/archive.sana.sy\/tr\/index.php?rest_route=\/wp\/v2\/users\/1"}],"replies":[{"embeddable":true,"href":"https:\/\/archive.sana.sy\/tr\/index.php?rest_route=%2Fwp%2Fv2%2Fcomments&post=33314"}],"version-history":[{"count":0,"href":"https:\/\/archive.sana.sy\/tr\/index.php?rest_route=\/wp\/v2\/posts\/33314\/revisions"}],"wp:featuredmedia":[{"embeddable":true,"href":"https:\/\/archive.sana.sy\/tr\/index.php?rest_route=\/wp\/v2\/media\/33315"}],"wp:attachment":[{"href":"https:\/\/archive.sana.sy\/tr\/index.php?rest_route=%2Fwp%2Fv2%2Fmedia&parent=33314"}],"wp:term":[{"taxonomy":"category","embeddable":true,"href":"https:\/\/archive.sana.sy\/tr\/index.php?rest_route=%2Fwp%2Fv2%2Fcategories&post=33314"},{"taxonomy":"post_tag","embeddable":true,"href":"https:\/\/archive.sana.sy\/tr\/index.php?rest_route=%2Fwp%2Fv2%2Ftags&post=33314"}],"curies":[{"name":"wp","href":"https:\/\/api.w.org\/{rel}","templated":true}]}}