{"id":33317,"date":"2015-05-14T10:13:27","date_gmt":"2015-05-14T07:13:27","guid":{"rendered":"http:\/\/sana.sy\/tr\/?p=33317"},"modified":"2015-05-14T10:13:27","modified_gmt":"2015-05-14T07:13:27","slug":"ordu-birliklerimiz-dera-beled-el-kerak-ebu-bekir-el-siddik-camii-cevresi-ve-eski-gumrukte-duzenledigi-nitelikli-operasyonlar-sonucunda-teror-yuvalarini-etkisiz-hale-getirdi","status":"publish","type":"post","link":"https:\/\/archive.sana.sy\/tr\/?p=33317","title":{"rendered":"Ordu birliklerimiz Dera Beled el Kerak, Ebu Bekir el S\u0131dd\u0131k Camii \u00e7evresi ve eski g\u00fcmr\u00fckte d\u00fczenledi\u011fi nitelikli operasyonlar sonucunda ter\u00f6r yuvalar\u0131n\u0131 etkisiz hale getirdi."},"content":{"rendered":"<p>Ordu birliklerimiz Dera Beled el Kerak, Ebu Bekir el S\u0131dd\u0131k Camii \u00e7evresi ve eski g\u00fcmr\u00fckte d\u00fczenledi\u011fi nitelikli operasyonlar sonucunda ter\u00f6r yuvalar\u0131n\u0131 etkisiz hale getirdi.<\/p>\n","protected":false},"excerpt":{"rendered":"<p>Ordu birliklerimiz Dera Beled el Kerak, Ebu Bekir el S\u0131dd\u0131k Camii \u00e7evresi ve eski g\u00fcmr\u00fckte d\u00fczenledi\u011fi nitelikli operasyonlar sonucunda ter\u00f6r yuvalar\u0131n\u0131 etkisiz hale getirdi.<\/p>\n","protected":false},"author":1,"featured_media":0,"comment_status":"closed","ping_status":"closed","sticky":false,"template":"","format":"standard","meta":{"footnotes":""},"categories":[1],"tags":[14548,14547],"class_list":["post-33317","post","type-post","status-publish","format-standard","","category-news-not-sorted","tag-ebu-bekir-el-siddik-camii-cevresi-ve-eski-gumrukte-duzenledigi-nitelikli-operasyonlar-sonucunda-teror-yuvalarini-etkisiz-hale-getirdi","tag-ordu-birliklerimiz-dera-beled-el-kerak"],"_links":{"self":[{"href":"https:\/\/archive.sana.sy\/tr\/index.php?rest_route=\/wp\/v2\/posts\/33317","targetHints":{"allow":["GET"]}}],"collection":[{"href":"https:\/\/archive.sana.sy\/tr\/index.php?rest_route=\/wp\/v2\/posts"}],"about":[{"href":"https:\/\/archive.sana.sy\/tr\/index.php?rest_route=\/wp\/v2\/types\/post"}],"author":[{"embeddable":true,"href":"https:\/\/archive.sana.sy\/tr\/index.php?rest_route=\/wp\/v2\/users\/1"}],"replies":[{"embeddable":true,"href":"https:\/\/archive.sana.sy\/tr\/index.php?rest_route=%2Fwp%2Fv2%2Fcomments&post=33317"}],"version-history":[{"count":0,"href":"https:\/\/archive.sana.sy\/tr\/index.php?rest_route=\/wp\/v2\/posts\/33317\/revisions"}],"wp:attachment":[{"href":"https:\/\/archive.sana.sy\/tr\/index.php?rest_route=%2Fwp%2Fv2%2Fmedia&parent=33317"}],"wp:term":[{"taxonomy":"category","embeddable":true,"href":"https:\/\/archive.sana.sy\/tr\/index.php?rest_route=%2Fwp%2Fv2%2Fcategories&post=33317"},{"taxonomy":"post_tag","embeddable":true,"href":"https:\/\/archive.sana.sy\/tr\/index.php?rest_route=%2Fwp%2Fv2%2Ftags&post=33317"}],"curies":[{"name":"wp","href":"https:\/\/api.w.org\/{rel}","templated":true}]}}