{"id":33319,"date":"2015-05-14T10:20:07","date_gmt":"2015-05-14T07:20:07","guid":{"rendered":"http:\/\/sana.sy\/tr\/?p=33319"},"modified":"2015-05-14T10:20:07","modified_gmt":"2015-05-14T07:20:07","slug":"bolge-sakinlerinin-kahraman-birliklerimiz-ile-isbirligi-teroru-bertaraf-etti","status":"publish","type":"post","link":"https:\/\/archive.sana.sy\/tr\/?p=33319","title":{"rendered":"B\u00f6lge Sakinlerinin Kahraman Birliklerimiz \u0130le \u0130\u015fbirli\u011fi Ter\u00f6r\u00fc Bertaraf Etti"},"content":{"rendered":"<p>HOMS \u2013 Tedmur\u2019un do\u011fu k\u0131rsal\u0131nda yer alan El Sahine Beldesi ve el Amiriye K\u00f6y\u00fc sakinleri kahraman ordu birliklerimiz ile yapt\u0131klar\u0131 i\u015fbirli\u011fi sonucu beldelerine ve k\u00f6ylerine s\u0131zmaya \u00e7al\u0131\u015fan silahl\u0131 ter\u00f6r gruplar\u0131n\u0131 bertaraf etmeyi ba\u015fard\u0131lar.<\/p>\n<p>Homs Valisi Talal el Barazi SANA\u2019ya yapt\u0131\u011f\u0131 a\u00e7\u0131klamada I\u015e\u0130D ter\u00f6r \u00f6rg\u00fct\u00fcne ba\u011fl\u0131 silahl\u0131 ter\u00f6r gruplar\u0131n\u0131n el Sahine Beldesi ve Tedmur kendi civar\u0131na s\u0131zd\u0131klar\u0131na i\u015faret ederek b\u00f6lge sakinlerinin kahraman ordu birliklerimiz ile i\u015fbirli\u011fi i\u00e7erisinde hareket etmeleri sonucu ter\u00f6ristlerin hezimete u\u011frat\u0131ld\u0131\u011f\u0131n\u0131 beyan etti.<\/p>\n<p>B\u00f6lgede kahraman ordu birliklerimiz ile silahl\u0131 ter\u00f6r gruplar\u0131 aras\u0131nda s\u0131cak \u00e7at\u0131\u015fmalar\u0131n devam etti\u011fine i\u015faret eden Barazi, b\u00fcy\u00fck \u00e7o\u011funlu\u011fu yabanc\u0131 uyruklu olan ter\u00f6r gruplar\u0131na b\u00fcy\u00fck be\u015feri ve lojistik kay\u0131plar verdirildi\u011fini ekledi.<\/p>\n<p>SANA muhabiri b\u00f6lgede yapt\u0131\u011f\u0131 incelemeler ve sohbetlerden edindi\u011fi bilgiye g\u00f6re silahl\u0131 ter\u00f6r gruplar\u0131n\u0131n el Sahine Beldesi ve \u00e7evresinde katliamlar i\u015flediklerini bir\u00e7ok vatanda\u015f\u0131n evini yakarak zorla evlerini terk etmelerine neden olduklar\u0131n\u0131 aktard\u0131.<\/p>\n<p>F.B. &#8211; R.H.<\/p>\n","protected":false},"excerpt":{"rendered":"<p>HOMS \u2013 Tedmur\u2019un do\u011fu k\u0131rsal\u0131nda yer alan El Sahine Beldesi ve el Amiriye K\u00f6y\u00fc sakinleri kahraman ordu birliklerimiz ile yapt\u0131klar\u0131 i\u015fbirli\u011fi sonucu beldelerine ve k\u00f6ylerine s\u0131zmaya \u00e7al\u0131\u015fan silahl\u0131 ter\u00f6r gruplar\u0131n\u0131 bertaraf etmeyi ba\u015fard\u0131lar. Homs Valisi Talal el Barazi SANA\u2019ya yapt\u0131\u011f\u0131 a\u00e7\u0131klamada I\u015e\u0130D ter\u00f6r \u00f6rg\u00fct\u00fcne ba\u011fl\u0131 silahl\u0131 ter\u00f6r gruplar\u0131n\u0131n el Sahine Beldesi ve Tedmur kendi civar\u0131na &hellip;<\/p>\n","protected":false},"author":1,"featured_media":33320,"comment_status":"closed","ping_status":"closed","sticky":false,"template":"","format":"standard","meta":{"footnotes":""},"categories":[575],"tags":[],"class_list":["post-33319","post","type-post","status-publish","format-standard","has-post-thumbnail","","category-olaylar-ve-gercekler"],"_links":{"self":[{"href":"https:\/\/archive.sana.sy\/tr\/index.php?rest_route=\/wp\/v2\/posts\/33319","targetHints":{"allow":["GET"]}}],"collection":[{"href":"https:\/\/archive.sana.sy\/tr\/index.php?rest_route=\/wp\/v2\/posts"}],"about":[{"href":"https:\/\/archive.sana.sy\/tr\/index.php?rest_route=\/wp\/v2\/types\/post"}],"author":[{"embeddable":true,"href":"https:\/\/archive.sana.sy\/tr\/index.php?rest_route=\/wp\/v2\/users\/1"}],"replies":[{"embeddable":true,"href":"https:\/\/archive.sana.sy\/tr\/index.php?rest_route=%2Fwp%2Fv2%2Fcomments&post=33319"}],"version-history":[{"count":0,"href":"https:\/\/archive.sana.sy\/tr\/index.php?rest_route=\/wp\/v2\/posts\/33319\/revisions"}],"wp:featuredmedia":[{"embeddable":true,"href":"https:\/\/archive.sana.sy\/tr\/index.php?rest_route=\/wp\/v2\/media\/33320"}],"wp:attachment":[{"href":"https:\/\/archive.sana.sy\/tr\/index.php?rest_route=%2Fwp%2Fv2%2Fmedia&parent=33319"}],"wp:term":[{"taxonomy":"category","embeddable":true,"href":"https:\/\/archive.sana.sy\/tr\/index.php?rest_route=%2Fwp%2Fv2%2Fcategories&post=33319"},{"taxonomy":"post_tag","embeddable":true,"href":"https:\/\/archive.sana.sy\/tr\/index.php?rest_route=%2Fwp%2Fv2%2Ftags&post=33319"}],"curies":[{"name":"wp","href":"https:\/\/api.w.org\/{rel}","templated":true}]}}