{"id":3333,"date":"2014-06-18T12:31:28","date_gmt":"2014-06-18T09:31:28","guid":{"rendered":"http:\/\/sanasyria.org\/tr\/?p=3333"},"modified":"2014-06-19T12:54:34","modified_gmt":"2014-06-19T09:54:34","slug":"maliye-ve-muhasebe-calisanlari-sendikasinin-kurulmasi-karara-baglandi","status":"publish","type":"post","link":"https:\/\/archive.sana.sy\/tr\/?p=3333","title":{"rendered":"Maliye ve Muhasebe \u00c7al\u0131\u015fanlar\u0131 Sendikas\u0131n\u0131n Kurulmas\u0131 Karara Ba\u011fland\u0131"},"content":{"rendered":"<p><span style=\"color: #800000\">\u015eAM \u2013<\/span> Ba\u015fbakan Vail Halaki ba\u015fkanl\u0131\u011f\u0131nda d\u00fcn haftal\u0131k toplant\u0131s\u0131n\u0131 d\u00fczenleyen Bakanlar Kurulu, Maliye ve Muhasebe Mesleklerinde \u00c7al\u0131\u015fanlar\u0131 Sendikas\u0131n\u0131n kurulmas\u0131na ili\u015fkin tasar\u0131 karara ba\u011fland\u0131.<\/p>\n<p>Ba\u015fbakan Halaki; h\u00fck\u00fcmetin i\u00e7inde bulundu\u011fumuz ve ileriki s\u00fcre\u00e7lere d\u00f6n\u00fck \u00f6nceliklerinin; sanayi, tar\u0131m, hizmet ve idari sekt\u00f6rlerinin yeniden in\u015fas\u0131 ve \u00f6zel sekt\u00f6r\u00fcn g\u00fcc\u00fcn\u00fc peki\u015ftirmek olaca\u011f\u0131n\u0131 dile getirdi.<\/p>\n<p>\u00d6zel sekt\u00f6r\u00fcn g\u00fc\u00e7lendirilmesi kapsam\u0131nda Suriyeli i\u015fadamlar\u0131n\u0131n \u00fclke i\u00e7indeki yat\u0131r\u0131mlar\u0131n\u0131n desteklenece\u011fine de\u011finen Halaki; \u00fclke i\u00e7inde yap\u0131lacak yat\u0131r\u0131mlar\u0131n ulusal ekonomiyi g\u00fc\u00e7lendirmekle birlikte i\u00e7 pazar ihtiya\u00e7lar\u0131n\u0131 da kar\u015f\u0131layaca\u011f\u0131n\u0131 vurgulad\u0131.<\/p>\n<p>M\u00fcbarek Ramazan ay\u0131n\u0131n yakla\u015fmas\u0131na ili\u015fkin olarak da H\u00fck\u00fcmetin vatanda\u015flar\u0131n ya\u015fam ko\u015fullar\u0131n ve ekonomik durumu s\u0131k\u0131 bir \u015fekilde takip etti\u011fine i\u015faret eden Halaki; piyasadaki t\u00fcketim mallar\u0131n\u0131n g\u00fcnl\u00fck olarak fiyat ve yeterlilik bak\u0131m\u0131ndan denetlendi\u011fini ibraz etti.<\/p>\n<p><a href=\"http:\/\/sanasyria.org\/tr\/wp-content\/uploads\/2014\/06\/kabine-2.jpg\"><img loading=\"lazy\" decoding=\"async\" class=\"aligncenter wp-image-3335 size-full\" src=\"http:\/\/sanasyria.org\/tr\/wp-content\/uploads\/2014\/06\/kabine-2.jpg\" alt=\"kabine 2\" width=\"620\" height=\"330\" srcset=\"https:\/\/archive.sana.sy\/tr\/wp-content\/uploads\/2014\/06\/kabine-2.jpg 620w, https:\/\/archive.sana.sy\/tr\/wp-content\/uploads\/2014\/06\/kabine-2-150x79.jpg 150w, https:\/\/archive.sana.sy\/tr\/wp-content\/uploads\/2014\/06\/kabine-2-300x160.jpg 300w\" sizes=\"auto, (max-width: 620px) 100vw, 620px\" \/><\/a><\/p>\n","protected":false},"excerpt":{"rendered":"<p>\u015eAM \u2013 Ba\u015fbakan Vail Halaki ba\u015fkanl\u0131\u011f\u0131nda d\u00fcn haftal\u0131k toplant\u0131s\u0131n\u0131 d\u00fczenleyen Bakanlar Kurulu, Maliye ve Muhasebe Mesleklerinde \u00c7al\u0131\u015fanlar\u0131 Sendikas\u0131n\u0131n kurulmas\u0131na ili\u015fkin tasar\u0131 karara ba\u011fland\u0131. Ba\u015fbakan Halaki; h\u00fck\u00fcmetin i\u00e7inde bulundu\u011fumuz ve ileriki s\u00fcre\u00e7lere d\u00f6n\u00fck \u00f6nceliklerinin; sanayi, tar\u0131m, hizmet ve idari sekt\u00f6rlerinin yeniden in\u015fas\u0131 ve \u00f6zel sekt\u00f6r\u00fcn g\u00fcc\u00fcn\u00fc peki\u015ftirmek olaca\u011f\u0131n\u0131 dile getirdi. \u00d6zel sekt\u00f6r\u00fcn g\u00fc\u00e7lendirilmesi kapsam\u0131nda Suriyeli i\u015fadamlar\u0131n\u0131n &hellip;<\/p>\n","protected":false},"author":1,"featured_media":3334,"comment_status":"closed","ping_status":"closed","sticky":false,"template":"","format":"standard","meta":{"footnotes":""},"categories":[479,478],"tags":[732],"class_list":["post-3333","post","type-post","status-publish","format-standard","has-post-thumbnail","","category-haberler-yerel","category-yerel","tag-maliye-ve-muhasebe-calisanlari-sendikasinin-kurulmasi-karara-baglandi"],"_links":{"self":[{"href":"https:\/\/archive.sana.sy\/tr\/index.php?rest_route=\/wp\/v2\/posts\/3333","targetHints":{"allow":["GET"]}}],"collection":[{"href":"https:\/\/archive.sana.sy\/tr\/index.php?rest_route=\/wp\/v2\/posts"}],"about":[{"href":"https:\/\/archive.sana.sy\/tr\/index.php?rest_route=\/wp\/v2\/types\/post"}],"author":[{"embeddable":true,"href":"https:\/\/archive.sana.sy\/tr\/index.php?rest_route=\/wp\/v2\/users\/1"}],"replies":[{"embeddable":true,"href":"https:\/\/archive.sana.sy\/tr\/index.php?rest_route=%2Fwp%2Fv2%2Fcomments&post=3333"}],"version-history":[{"count":0,"href":"https:\/\/archive.sana.sy\/tr\/index.php?rest_route=\/wp\/v2\/posts\/3333\/revisions"}],"wp:featuredmedia":[{"embeddable":true,"href":"https:\/\/archive.sana.sy\/tr\/index.php?rest_route=\/wp\/v2\/media\/3334"}],"wp:attachment":[{"href":"https:\/\/archive.sana.sy\/tr\/index.php?rest_route=%2Fwp%2Fv2%2Fmedia&parent=3333"}],"wp:term":[{"taxonomy":"category","embeddable":true,"href":"https:\/\/archive.sana.sy\/tr\/index.php?rest_route=%2Fwp%2Fv2%2Fcategories&post=3333"},{"taxonomy":"post_tag","embeddable":true,"href":"https:\/\/archive.sana.sy\/tr\/index.php?rest_route=%2Fwp%2Fv2%2Ftags&post=3333"}],"curies":[{"name":"wp","href":"https:\/\/api.w.org\/{rel}","templated":true}]}}