{"id":3338,"date":"2014-06-18T12:36:23","date_gmt":"2014-06-18T09:36:23","guid":{"rendered":"http:\/\/sanasyria.org\/tr\/?p=3338"},"modified":"2014-06-18T12:37:09","modified_gmt":"2014-06-18T09:37:09","slug":"muhammed-rapor-radikal-tekfircilere-destek-mesajindan-ibarettir","status":"publish","type":"post","link":"https:\/\/archive.sana.sy\/tr\/?p=3338","title":{"rendered":"Muhammed: Rapor Radikal Tekfircilere Destek Mesaj\u0131ndan \u0130barettir"},"content":{"rendered":"<p><span style=\"color: #800000\">CENEVRE \u2013<\/span> BM\u2019nin Cenevre\u2019deki Ofisinde Suriye Cumhuriyeti Daimi Temsilcili\u011fi Maslahatg\u00fczar\u0131 Muhammet Muhammed; Uluslararas\u0131 Soru\u015fturma Komisyonunun, Suriye\u2019deki durumlara ili\u015fkin yay\u0131nlad\u0131\u011f\u0131 raporu ele\u015ftirdi.<\/p>\n<p>Cenevre\u2019de \u0130nsan Haklar\u0131 Komisyonunda Suriye\u2019deki Durumlara \u0130li\u015fkin Soru\u015fturma Komisyonu ile interaktif oturum s\u0131ras\u0131nda Suriye Cumhuriyeti taraf\u0131ndan yay\u0131nlanan beyanda; Komisyonun, Suriye d\u00fc\u015fmanlar\u0131n\u0131n ajandalar\u0131n\u0131 uygulamakta oldu\u011funu kan\u0131tlad\u0131\u011f\u0131 ifade edildi.<\/p>\n<p>Soru\u015fturma Komisyonunun \u00fcstlenmi\u015f oldu\u011fu bu misyonun ahlak d\u0131\u015f\u0131 olarak nitelendirildi\u011fi beyanda; bunun uluslararas\u0131 kanunlara ve BM duyulan g\u00fcveni zedeleyece\u011finin alt\u0131 \u00e7izildi.<\/p>\n<p>Konuyla ilgili a\u00e7\u0131klama yapan Muhammed; Raporun, Suriye halk\u0131na d\u00fc\u015fman g\u00fc\u00e7ler taraf\u0131ndan \u00e7arp\u0131t\u0131lm\u0131\u015f bilgiler do\u011frultusunda haz\u0131rlanm\u0131\u015f oldu\u011funa i\u015faret ederek raporu tarafl\u0131 ve politikle\u015ftirilmi\u015f olarak nitelendirdi.<\/p>\n<p>Raporda bulunan bilgilerin yalanc\u0131 g\u00f6rg\u00fc tan\u0131klar\u0131 ve sahte tan\u0131kl\u0131klara dayand\u0131\u011f\u0131na dikkat \u00e7eken Muhammed; komisyonun \u00fcstlendi\u011fi misyon ve haz\u0131rlam\u0131\u015f oldu\u011fu raporun radikal tekfircilere bir destek mesaj\u0131ndan ibaret oldu\u011funu vurgulad\u0131.<\/p>\n","protected":false},"excerpt":{"rendered":"<p>CENEVRE \u2013 BM\u2019nin Cenevre\u2019deki Ofisinde Suriye Cumhuriyeti Daimi Temsilcili\u011fi Maslahatg\u00fczar\u0131 Muhammet Muhammed; Uluslararas\u0131 Soru\u015fturma Komisyonunun, Suriye\u2019deki durumlara ili\u015fkin yay\u0131nlad\u0131\u011f\u0131 raporu ele\u015ftirdi. Cenevre\u2019de \u0130nsan Haklar\u0131 Komisyonunda Suriye\u2019deki Durumlara \u0130li\u015fkin Soru\u015fturma Komisyonu ile interaktif oturum s\u0131ras\u0131nda Suriye Cumhuriyeti taraf\u0131ndan yay\u0131nlanan beyanda; Komisyonun, Suriye d\u00fc\u015fmanlar\u0131n\u0131n ajandalar\u0131n\u0131 uygulamakta oldu\u011funu kan\u0131tlad\u0131\u011f\u0131 ifade edildi. Soru\u015fturma Komisyonunun \u00fcstlenmi\u015f oldu\u011fu bu misyonun ahlak &hellip;<\/p>\n","protected":false},"author":1,"featured_media":3339,"comment_status":"closed","ping_status":"closed","sticky":false,"template":"","format":"standard","meta":{"footnotes":""},"categories":[458,459,447],"tags":[733],"class_list":["post-3338","post","type-post","status-publish","format-standard","has-post-thumbnail","","category-dunya1","category-haberler-arap-uluslararasi-politika","category-politika","tag-muhammed-rapor-radikal-tekfircilere-destek-mesajindan-ibarettir"],"_links":{"self":[{"href":"https:\/\/archive.sana.sy\/tr\/index.php?rest_route=\/wp\/v2\/posts\/3338","targetHints":{"allow":["GET"]}}],"collection":[{"href":"https:\/\/archive.sana.sy\/tr\/index.php?rest_route=\/wp\/v2\/posts"}],"about":[{"href":"https:\/\/archive.sana.sy\/tr\/index.php?rest_route=\/wp\/v2\/types\/post"}],"author":[{"embeddable":true,"href":"https:\/\/archive.sana.sy\/tr\/index.php?rest_route=\/wp\/v2\/users\/1"}],"replies":[{"embeddable":true,"href":"https:\/\/archive.sana.sy\/tr\/index.php?rest_route=%2Fwp%2Fv2%2Fcomments&post=3338"}],"version-history":[{"count":0,"href":"https:\/\/archive.sana.sy\/tr\/index.php?rest_route=\/wp\/v2\/posts\/3338\/revisions"}],"wp:featuredmedia":[{"embeddable":true,"href":"https:\/\/archive.sana.sy\/tr\/index.php?rest_route=\/wp\/v2\/media\/3339"}],"wp:attachment":[{"href":"https:\/\/archive.sana.sy\/tr\/index.php?rest_route=%2Fwp%2Fv2%2Fmedia&parent=3338"}],"wp:term":[{"taxonomy":"category","embeddable":true,"href":"https:\/\/archive.sana.sy\/tr\/index.php?rest_route=%2Fwp%2Fv2%2Fcategories&post=3338"},{"taxonomy":"post_tag","embeddable":true,"href":"https:\/\/archive.sana.sy\/tr\/index.php?rest_route=%2Fwp%2Fv2%2Ftags&post=3338"}],"curies":[{"name":"wp","href":"https:\/\/api.w.org\/{rel}","templated":true}]}}