{"id":33403,"date":"2015-05-14T14:09:03","date_gmt":"2015-05-14T11:09:03","guid":{"rendered":"http:\/\/www.sana.sy\/tr\/?p=33403"},"modified":"2015-05-14T14:09:03","modified_gmt":"2015-05-14T11:09:03","slug":"teroristlere-silah-tasiyan-tirlara-iliskin-soru-onergesi-turkiye-meclisine-sunuldu","status":"publish","type":"post","link":"https:\/\/archive.sana.sy\/tr\/?p=33403","title":{"rendered":"Ter\u00f6ristlere Silah Ta\u015f\u0131yan TIR\u2019lara \u0130li\u015fkin Soru \u00d6nergesi T\u00fcrkiye Meclisine Sunuldu"},"content":{"rendered":"<p>ANKARA \u2013 T\u00fcrkiye&#8217;de CHP \u0130stanbul Milletvekili Mahmut Tanal, \u015eanl\u0131urfa \u0130l Emniyet M\u00fcd\u00fcrl\u00fc\u011f\u00fc bah\u00e7esinde \u2018Suriye&#8217;deki ter\u00f6ristlere g\u00f6nderilmek \u00fczere silah ve m\u00fchimmat y\u00fckl\u00fc olarak park edilen ve M\u0130T\u2019e ait oldu\u011fu belirtilen 3 TIR arac\u0131 konusunda meclise soru \u00f6nergesi sundu.<\/p>\n<p>S\u00f6zc\u00fc Gazetesinin aktard\u0131\u011f\u0131 haberde Tanal Erdo\u011fan rejiminin i\u00e7i\u015fleri bakan\u0131 Sebahattin \u00d6zt\u00fcrk\u2019\u00fcn yan\u0131tlamas\u0131 istemiyle meclise sundu\u011fu soru \u00f6nergesinde TIR\u2019lar\u0131n muhtevalar\u0131 hakk\u0131nda a\u00e7\u0131klama talep etti. Soru \u00f6nergesinde TIR ara\u00e7lar\u0131n\u0131n \u00f6n ve arka plakalar\u0131n\u0131n neden farkl\u0131 oldu\u011funu da soran Tanal; 7 May\u0131s 2015 tarihi saat 06:30 civar\u0131nda Ak\u00e7akale S\u0131n\u0131r Kap\u0131s\u0131 istikametine do\u011fru gitmelerinin nedenleri hakk\u0131nda da a\u00e7\u0131klama talep etti.<\/p>\n<p>TIR\u2019lar\u0131n yo\u011fun g\u00fcvenlik \u00f6nlemleriyle korunmalar\u0131 ve kimsenin onlara yakla\u015fmas\u0131na izin verilmememe nedenini sorgulayan Tanal, TIR\u2019lar\u0131n kime ait oldu\u011fu ve Suriye&#8217;de kime gittikleri sorular\u0131n\u0131n da Erdo\u011fan rejiminin i\u00e7i\u015fleri bakan\u0131 taraf\u0131ndan resmi bir \u015fekilde a\u00e7\u0131klanmas\u0131n\u0131 talep etti.<\/p>\n<p>A.A.<\/p>\n","protected":false},"excerpt":{"rendered":"<p>ANKARA \u2013 T\u00fcrkiye&#8217;de CHP \u0130stanbul Milletvekili Mahmut Tanal, \u015eanl\u0131urfa \u0130l Emniyet M\u00fcd\u00fcrl\u00fc\u011f\u00fc bah\u00e7esinde \u2018Suriye&#8217;deki ter\u00f6ristlere g\u00f6nderilmek \u00fczere silah ve m\u00fchimmat y\u00fckl\u00fc olarak park edilen ve M\u0130T\u2019e ait oldu\u011fu belirtilen 3 TIR arac\u0131 konusunda meclise soru \u00f6nergesi sundu. S\u00f6zc\u00fc Gazetesinin aktard\u0131\u011f\u0131 haberde Tanal Erdo\u011fan rejiminin i\u00e7i\u015fleri bakan\u0131 Sebahattin \u00d6zt\u00fcrk\u2019\u00fcn yan\u0131tlamas\u0131 istemiyle meclise sundu\u011fu soru \u00f6nergesinde TIR\u2019lar\u0131n &hellip;<\/p>\n","protected":false},"author":1,"featured_media":33404,"comment_status":"closed","ping_status":"closed","sticky":false,"template":"","format":"standard","meta":{"footnotes":""},"categories":[458,459,447,2554,2555],"tags":[14565],"class_list":["post-33403","post","type-post","status-publish","format-standard","has-post-thumbnail","","category-dunya1","category-haberler-arap-uluslararasi-politika","category-politika","category-suriye-ve-dunya","category-suriye-ve-turkiye","tag-ankara-turkiyede-chp-istanbul-milletvekili-mahmut-tanal"],"_links":{"self":[{"href":"https:\/\/archive.sana.sy\/tr\/index.php?rest_route=\/wp\/v2\/posts\/33403","targetHints":{"allow":["GET"]}}],"collection":[{"href":"https:\/\/archive.sana.sy\/tr\/index.php?rest_route=\/wp\/v2\/posts"}],"about":[{"href":"https:\/\/archive.sana.sy\/tr\/index.php?rest_route=\/wp\/v2\/types\/post"}],"author":[{"embeddable":true,"href":"https:\/\/archive.sana.sy\/tr\/index.php?rest_route=\/wp\/v2\/users\/1"}],"replies":[{"embeddable":true,"href":"https:\/\/archive.sana.sy\/tr\/index.php?rest_route=%2Fwp%2Fv2%2Fcomments&post=33403"}],"version-history":[{"count":0,"href":"https:\/\/archive.sana.sy\/tr\/index.php?rest_route=\/wp\/v2\/posts\/33403\/revisions"}],"wp:featuredmedia":[{"embeddable":true,"href":"https:\/\/archive.sana.sy\/tr\/index.php?rest_route=\/wp\/v2\/media\/33404"}],"wp:attachment":[{"href":"https:\/\/archive.sana.sy\/tr\/index.php?rest_route=%2Fwp%2Fv2%2Fmedia&parent=33403"}],"wp:term":[{"taxonomy":"category","embeddable":true,"href":"https:\/\/archive.sana.sy\/tr\/index.php?rest_route=%2Fwp%2Fv2%2Fcategories&post=33403"},{"taxonomy":"post_tag","embeddable":true,"href":"https:\/\/archive.sana.sy\/tr\/index.php?rest_route=%2Fwp%2Fv2%2Ftags&post=33403"}],"curies":[{"name":"wp","href":"https:\/\/api.w.org\/{rel}","templated":true}]}}