{"id":33406,"date":"2015-05-14T20:30:58","date_gmt":"2015-05-14T17:30:58","guid":{"rendered":"http:\/\/www.sana.sy\/tr\/?p=33406"},"modified":"2015-05-15T20:51:43","modified_gmt":"2015-05-15T17:51:43","slug":"brojerdi-hicbir-guc-iliskilerimizi-olumsuz-ekileyemez","status":"publish","type":"post","link":"https:\/\/archive.sana.sy\/tr\/?p=33406","title":{"rendered":"Brojerdi: Hi\u00e7bir G\u00fc\u00e7 \u0130li\u015fkilerimizi Olumsuz Ekileyemez"},"content":{"rendered":"<p>\u015eAM \u2013 Ba\u015fbakan Yard\u0131mc\u0131s\u0131 D\u0131\u015fi\u015fleri ve Gurbet\u00e7iler Bakan\u0131 Velid el Muallim \u0130ran \u015eura Meclisinde Milli G\u00fcvenlik ve D\u0131\u015f \u0130li\u015fkiler komitesi ba\u015fkan\u0131 Alauddin Brojerdi\u2019yi kendisine e\u015flik eden heyetle birlikte kabul etti.<\/p>\n<p><a href=\"http:\/\/www.sana.sy\/tr\/wp-content\/uploads\/2015\/05\/ANA_5343.jpg\"><img loading=\"lazy\" decoding=\"async\" class=\"alignright wp-image-33409 size-medium\" src=\"http:\/\/www.sana.sy\/tr\/wp-content\/uploads\/2015\/05\/ANA_5343-300x216.jpg\" alt=\"ANA_5343\" width=\"300\" height=\"216\" srcset=\"https:\/\/archive.sana.sy\/tr\/wp-content\/uploads\/2015\/05\/ANA_5343-300x216.jpg 300w, https:\/\/archive.sana.sy\/tr\/wp-content\/uploads\/2015\/05\/ANA_5343-150x108.jpg 150w, https:\/\/archive.sana.sy\/tr\/wp-content\/uploads\/2015\/05\/ANA_5343-1024x737.jpg 1024w\" sizes=\"auto, (max-width: 300px) 100vw, 300px\" \/><\/a>Suriye ve b\u00f6lge g\u00fcndeminin ele al\u0131nd\u0131\u011f\u0131 g\u00f6r\u00fc\u015fmede art\u0131k herkes taraf\u0131ndan bilinen ve b\u00f6lge halklar\u0131n\u0131n g\u00fcvenli\u011fini tehdit eden devletlerce destekli ter\u00f6ristlerin t\u0131rmanan tehditleri masaya yat\u0131r\u0131ld\u0131. \u0130ki taraf b\u00f6lgede kaos ve ter\u00f6r\u00fc yaymaya \u00e7al\u0131\u015fan s\u00f6z konusu devletler ve edat olarak kulland\u0131klar\u0131 ter\u00f6ristlerin Suriye halk\u0131 ve ordusunun ter\u00f6re kar\u015f\u0131 zaferlerini buland\u0131rmak amac\u0131yla y\u00fcr\u00fctt\u00fckleri medya sava\u015f\u0131n\u0131 da ele ald\u0131lar.<\/p>\n<p>Olanlar\u0131n ayr\u0131nt\u0131lar\u0131 hakk\u0131nda ayr\u0131nt\u0131l\u0131 a\u00e7\u0131klamalarda bulunan Muallim Suriye halk\u0131 ve ordusunun, ter\u00f6r ve destek\u00e7ilerini hezimete u\u011fratmada kat\u0131 azim ve kararl\u0131l\u0131klar\u0131n\u0131 kan\u0131tlad\u0131klar\u0131na dikkat \u00e7ekti.<\/p>\n<p>G\u00f6r\u00fc\u015fmede Brojerdi iki \u00fclke halklar\u0131 ve y\u00f6netimleri aras\u0131ndaki karde\u015flik ve dostluk ili\u015fkilerinin hi\u00e7bir kimsenin olumsuz bir \u015fekilde etkileyemeyece\u011fi kadar g\u00fc\u00e7l\u00fc oldu\u011funu belirtti. Brojerdi bu y\u00f6ndeki t\u00fcm \u00e7abalar\u0131n bo\u015f ve ba\u015far\u0131s\u0131z \u00e7abalar olarak kalaca\u011f\u0131n\u0131 s\u00f6yledi.<\/p>\n<p>G\u00f6r\u00fc\u015fmeye bakan yard\u0131mc\u0131s\u0131 Faysal Mikdat, Halk Meclisinde d\u0131\u015f ili\u015fkiler komitesi ba\u015fkan\u0131 Fadiya Diyb, ulusal uzla\u015fma komisyonu ba\u015fkan\u0131 \u00d6mer Osi, bakan m\u00fcste\u015far\u0131 Ahmet Arnus ve Asya Departman\u0131 \u015fefi Eyman Raad kat\u0131ld\u0131lar.<\/p>\n<p>A.A.<\/p>\n","protected":false},"excerpt":{"rendered":"<p>\u015eAM \u2013 Ba\u015fbakan Yard\u0131mc\u0131s\u0131 D\u0131\u015fi\u015fleri ve Gurbet\u00e7iler Bakan\u0131 Velid el Muallim \u0130ran \u015eura Meclisinde Milli G\u00fcvenlik ve D\u0131\u015f \u0130li\u015fkiler komitesi ba\u015fkan\u0131 Alauddin Brojerdi\u2019yi kendisine e\u015flik eden heyetle birlikte kabul etti. Suriye ve b\u00f6lge g\u00fcndeminin ele al\u0131nd\u0131\u011f\u0131 g\u00f6r\u00fc\u015fmede art\u0131k herkes taraf\u0131ndan bilinen ve b\u00f6lge halklar\u0131n\u0131n g\u00fcvenli\u011fini tehdit eden devletlerce destekli ter\u00f6ristlerin t\u0131rmanan tehditleri masaya yat\u0131r\u0131ld\u0131. \u0130ki &hellip;<\/p>\n","protected":false},"author":1,"featured_media":33407,"comment_status":"closed","ping_status":"closed","sticky":false,"template":"","format":"standard","meta":{"footnotes":""},"categories":[479,478],"tags":[],"class_list":["post-33406","post","type-post","status-publish","format-standard","has-post-thumbnail","","category-haberler-yerel","category-yerel"],"_links":{"self":[{"href":"https:\/\/archive.sana.sy\/tr\/index.php?rest_route=\/wp\/v2\/posts\/33406","targetHints":{"allow":["GET"]}}],"collection":[{"href":"https:\/\/archive.sana.sy\/tr\/index.php?rest_route=\/wp\/v2\/posts"}],"about":[{"href":"https:\/\/archive.sana.sy\/tr\/index.php?rest_route=\/wp\/v2\/types\/post"}],"author":[{"embeddable":true,"href":"https:\/\/archive.sana.sy\/tr\/index.php?rest_route=\/wp\/v2\/users\/1"}],"replies":[{"embeddable":true,"href":"https:\/\/archive.sana.sy\/tr\/index.php?rest_route=%2Fwp%2Fv2%2Fcomments&post=33406"}],"version-history":[{"count":0,"href":"https:\/\/archive.sana.sy\/tr\/index.php?rest_route=\/wp\/v2\/posts\/33406\/revisions"}],"wp:featuredmedia":[{"embeddable":true,"href":"https:\/\/archive.sana.sy\/tr\/index.php?rest_route=\/wp\/v2\/media\/33407"}],"wp:attachment":[{"href":"https:\/\/archive.sana.sy\/tr\/index.php?rest_route=%2Fwp%2Fv2%2Fmedia&parent=33406"}],"wp:term":[{"taxonomy":"category","embeddable":true,"href":"https:\/\/archive.sana.sy\/tr\/index.php?rest_route=%2Fwp%2Fv2%2Fcategories&post=33406"},{"taxonomy":"post_tag","embeddable":true,"href":"https:\/\/archive.sana.sy\/tr\/index.php?rest_route=%2Fwp%2Fv2%2Ftags&post=33406"}],"curies":[{"name":"wp","href":"https:\/\/api.w.org\/{rel}","templated":true}]}}