{"id":33419,"date":"2015-05-14T16:11:40","date_gmt":"2015-05-14T13:11:40","guid":{"rendered":"http:\/\/sana.sy\/tr\/?p=33419"},"modified":"2015-05-14T16:14:09","modified_gmt":"2015-05-14T13:14:09","slug":"tacikistanli-ozel-gucler-komutani-turkiye-uzerinden-iside-katildi","status":"publish","type":"post","link":"https:\/\/archive.sana.sy\/tr\/?p=33419","title":{"rendered":"Tacikistanl\u0131 \u00d6zel G\u00fc\u00e7ler Komutan\u0131 T\u00fcrkiye \u00dczerinden I\u015e\u0130D\u2019e Kat\u0131ld\u0131"},"content":{"rendered":"<p>DU\u015eANBE \u2013 Tacikistan \u0130\u00e7i\u015fleri Bakanl\u0131\u011f\u0131 bug\u00fcn, i\u00e7 g\u00fcvenlik g\u00fc\u00e7lerinde \u00f6zel g\u00fc\u00e7ler komutan\u0131 Albay G\u00fclmurat Halimov\u2019un \u00fclkeden ayr\u0131l\u0131p Suriye&#8217;de I\u015e\u0130D saflar\u0131na kat\u0131ld\u0131\u011f\u0131n\u0131 ilan etti.<\/p>\n<p>Tacikistan \u0130\u00e7i\u015fleri Bakanl\u0131\u011f\u0131nda resmi bir kaynak ba\u015fkent Du\u015fanbe\u2019de bas\u0131na yapt\u0131\u011f\u0131 a\u00e7\u0131klamada; Halimov\u2019un 1 May\u0131s tarihinde Moskova\u2019ya, 2 May\u0131s tarihinde de Moskova&#8217;dan yabanc\u0131 ter\u00f6ristlerin AKP h\u00fck\u00fcmeti deste\u011fi ile Suriye&#8217;ye girdikleri T\u00fcrkiye&#8217;ye ge\u00e7ti\u011fini belirtti. Kaynak Halimov\u2019un bu y\u0131l\u0131n balar\u0131ndan beri I\u015e\u0130D\u2019e b\u00fcy\u00fck ilgi g\u00f6sterdi\u011fini, internet \u00fczerinden bu \u00f6rg\u00fct\u00fcn karanl\u0131k ve tekfirci ideolojisini idrak etmeye, meslekta\u015flar\u0131n\u0131 da I\u015e\u0130D\u2019e kat\u0131lmaya te\u015fvik etti\u011fine dikkat \u00e7ekti.<\/p>\n<p>Halimov\u2019un T\u00fcrkiye \u00fczerinden Suriye&#8217;ye tek ba\u015f\u0131na gitmedi\u011fini belirten kaynak; onunla birlikte kendisine tabi olan onlarca ki\u015fiyi \u00f6rg\u00fctleyip beraberinde ald\u0131\u011f\u0131n\u0131 s\u00f6zlerine ekledi.<\/p>\n<p>A.A. &#8211; M.M.<\/p>\n","protected":false},"excerpt":{"rendered":"<p>DU\u015eANBE \u2013 Tacikistan \u0130\u00e7i\u015fleri Bakanl\u0131\u011f\u0131 bug\u00fcn, i\u00e7 g\u00fcvenlik g\u00fc\u00e7lerinde \u00f6zel g\u00fc\u00e7ler komutan\u0131 Albay G\u00fclmurat Halimov\u2019un \u00fclkeden ayr\u0131l\u0131p Suriye&#8217;de I\u015e\u0130D saflar\u0131na kat\u0131ld\u0131\u011f\u0131n\u0131 ilan etti. Tacikistan \u0130\u00e7i\u015fleri Bakanl\u0131\u011f\u0131nda resmi bir kaynak ba\u015fkent Du\u015fanbe\u2019de bas\u0131na yapt\u0131\u011f\u0131 a\u00e7\u0131klamada; Halimov\u2019un 1 May\u0131s tarihinde Moskova\u2019ya, 2 May\u0131s tarihinde de Moskova&#8217;dan yabanc\u0131 ter\u00f6ristlerin AKP h\u00fck\u00fcmeti deste\u011fi ile Suriye&#8217;ye girdikleri T\u00fcrkiye&#8217;ye ge\u00e7ti\u011fini belirtti. &hellip;<\/p>\n","protected":false},"author":1,"featured_media":33420,"comment_status":"closed","ping_status":"closed","sticky":false,"template":"","format":"standard","meta":{"footnotes":""},"categories":[458,459,447,2554,2555],"tags":[14569,14570,14568],"class_list":["post-33419","post","type-post","status-publish","format-standard","has-post-thumbnail","","category-dunya1","category-haberler-arap-uluslararasi-politika","category-politika","category-suriye-ve-dunya","category-suriye-ve-turkiye","tag-dusanbe-tacikistan-icisleri-bakanligi-bugun","tag-ic-guvenlik-guclerinde-ozel-gucler-komutani-albay-gulmurat-halimovun-ulkeden-ayrilip-suriyede-isid-saflarina-katildigini-ilan-etti","tag-tacikistanli-ozel-gucler-komutani-turkiye-uzerinden-iside-katildi"],"_links":{"self":[{"href":"https:\/\/archive.sana.sy\/tr\/index.php?rest_route=\/wp\/v2\/posts\/33419","targetHints":{"allow":["GET"]}}],"collection":[{"href":"https:\/\/archive.sana.sy\/tr\/index.php?rest_route=\/wp\/v2\/posts"}],"about":[{"href":"https:\/\/archive.sana.sy\/tr\/index.php?rest_route=\/wp\/v2\/types\/post"}],"author":[{"embeddable":true,"href":"https:\/\/archive.sana.sy\/tr\/index.php?rest_route=\/wp\/v2\/users\/1"}],"replies":[{"embeddable":true,"href":"https:\/\/archive.sana.sy\/tr\/index.php?rest_route=%2Fwp%2Fv2%2Fcomments&post=33419"}],"version-history":[{"count":0,"href":"https:\/\/archive.sana.sy\/tr\/index.php?rest_route=\/wp\/v2\/posts\/33419\/revisions"}],"wp:featuredmedia":[{"embeddable":true,"href":"https:\/\/archive.sana.sy\/tr\/index.php?rest_route=\/wp\/v2\/media\/33420"}],"wp:attachment":[{"href":"https:\/\/archive.sana.sy\/tr\/index.php?rest_route=%2Fwp%2Fv2%2Fmedia&parent=33419"}],"wp:term":[{"taxonomy":"category","embeddable":true,"href":"https:\/\/archive.sana.sy\/tr\/index.php?rest_route=%2Fwp%2Fv2%2Fcategories&post=33419"},{"taxonomy":"post_tag","embeddable":true,"href":"https:\/\/archive.sana.sy\/tr\/index.php?rest_route=%2Fwp%2Fv2%2Ftags&post=33419"}],"curies":[{"name":"wp","href":"https:\/\/api.w.org\/{rel}","templated":true}]}}