{"id":33436,"date":"2015-05-14T20:55:21","date_gmt":"2015-05-14T17:55:21","guid":{"rendered":"http:\/\/sana.sy\/tr\/?p=33436"},"modified":"2015-05-14T20:55:21","modified_gmt":"2015-05-14T17:55:21","slug":"kamisli-kirsalinda-yoksul-ve-teror-magduru-ailelere-insani-yardim-dagitildi","status":"publish","type":"post","link":"https:\/\/archive.sana.sy\/tr\/?p=33436","title":{"rendered":"Kam\u0131\u015fl\u0131 K\u0131rsal\u0131nda Yoksul ve Ter\u00f6r Ma\u011fduru Ailelere \u0130nsani Yard\u0131m Da\u011f\u0131t\u0131ld\u0131"},"content":{"rendered":"<p>HASEKE \u2013 \u0130hsan Hay\u0131r Cemiyeti bu ayba\u015f\u0131ndan beri Haseke iline tabi Kam\u0131\u015fl\u0131 k\u0131rsal\u0131n\u0131n do\u011fusu Tel Hamis, Cezea ve Tel Maruf beldelerinde ter\u00f6rden zarar g\u00f6ren ve yoksul ailelere muhtelif g\u0131da maddeleri i\u00e7eren 2000 insani yard\u0131m paketi da\u011f\u0131tt\u0131.<\/p>\n<p>Hay\u0131r Cemiyetinin Kam\u0131\u015fl\u0131 Kasabas\u0131ndaki sorumlusu Avad el Herru SANA\u2019ya a\u00e7\u0131klamas\u0131nda da\u011f\u0131t\u0131lan 22 kilograml\u0131k yard\u0131m paketlerinde bitkisel ya\u011f, makarna, konserve, \u015feker, sal\u00e7a, tuz, un, pirin\u00e7, mercimek, nohut ve bulgur maddelerinin bulundu\u011funu ifade etti.<\/p>\n<p>Herru; \u00f6n\u00fcm\u00fczdeki hafta i\u00e7inde yard\u0131m da\u011f\u0131tma \u00e7al\u0131\u015fmalar\u0131n\u0131n devam edece\u011fini a\u00e7\u0131klarken 2900 paketin daha da\u011f\u0131t\u0131laca\u011f\u0131na i\u015faret etti.<\/p>\n<p>\u0130hsan Hay\u0131r Cemiyetine tabi komiteler Kam\u0131\u015fl\u0131 k\u0131rsal\u0131n\u0131n do\u011fusuna d\u00fc\u015fen k\u00f6y ve beldelerde ter\u00f6r ma\u011fduru ve yoksul ailelerin ihtiya\u00e7lar\u0131n\u0131n kar\u015f\u0131lanmas\u0131 amac\u0131yla bu aileleri listeleme \u00e7al\u0131\u015fmalar\u0131na devam ediyor.<\/p>\n<p>M.M. &#8211; A.A.<\/p>\n","protected":false},"excerpt":{"rendered":"<p>HASEKE \u2013 \u0130hsan Hay\u0131r Cemiyeti bu ayba\u015f\u0131ndan beri Haseke iline tabi Kam\u0131\u015fl\u0131 k\u0131rsal\u0131n\u0131n do\u011fusu Tel Hamis, Cezea ve Tel Maruf beldelerinde ter\u00f6rden zarar g\u00f6ren ve yoksul ailelere muhtelif g\u0131da maddeleri i\u00e7eren 2000 insani yard\u0131m paketi da\u011f\u0131tt\u0131. Hay\u0131r Cemiyetinin Kam\u0131\u015fl\u0131 Kasabas\u0131ndaki sorumlusu Avad el Herru SANA\u2019ya a\u00e7\u0131klamas\u0131nda da\u011f\u0131t\u0131lan 22 kilograml\u0131k yard\u0131m paketlerinde bitkisel ya\u011f, makarna, konserve, &hellip;<\/p>\n","protected":false},"author":1,"featured_media":33437,"comment_status":"closed","ping_status":"closed","sticky":false,"template":"","format":"standard","meta":{"footnotes":""},"categories":[479,478],"tags":[14573],"class_list":["post-33436","post","type-post","status-publish","format-standard","has-post-thumbnail","","category-haberler-yerel","category-yerel","tag-kamisli-kirsalinda-yoksul-ve-teror-magduru-ailelere-insani-yardim-dagitildi"],"_links":{"self":[{"href":"https:\/\/archive.sana.sy\/tr\/index.php?rest_route=\/wp\/v2\/posts\/33436","targetHints":{"allow":["GET"]}}],"collection":[{"href":"https:\/\/archive.sana.sy\/tr\/index.php?rest_route=\/wp\/v2\/posts"}],"about":[{"href":"https:\/\/archive.sana.sy\/tr\/index.php?rest_route=\/wp\/v2\/types\/post"}],"author":[{"embeddable":true,"href":"https:\/\/archive.sana.sy\/tr\/index.php?rest_route=\/wp\/v2\/users\/1"}],"replies":[{"embeddable":true,"href":"https:\/\/archive.sana.sy\/tr\/index.php?rest_route=%2Fwp%2Fv2%2Fcomments&post=33436"}],"version-history":[{"count":0,"href":"https:\/\/archive.sana.sy\/tr\/index.php?rest_route=\/wp\/v2\/posts\/33436\/revisions"}],"wp:featuredmedia":[{"embeddable":true,"href":"https:\/\/archive.sana.sy\/tr\/index.php?rest_route=\/wp\/v2\/media\/33437"}],"wp:attachment":[{"href":"https:\/\/archive.sana.sy\/tr\/index.php?rest_route=%2Fwp%2Fv2%2Fmedia&parent=33436"}],"wp:term":[{"taxonomy":"category","embeddable":true,"href":"https:\/\/archive.sana.sy\/tr\/index.php?rest_route=%2Fwp%2Fv2%2Fcategories&post=33436"},{"taxonomy":"post_tag","embeddable":true,"href":"https:\/\/archive.sana.sy\/tr\/index.php?rest_route=%2Fwp%2Fv2%2Ftags&post=33436"}],"curies":[{"name":"wp","href":"https:\/\/api.w.org\/{rel}","templated":true}]}}