{"id":3346,"date":"2014-06-18T13:32:34","date_gmt":"2014-06-18T10:32:34","guid":{"rendered":"http:\/\/sanasyria.org\/tr\/?p=3346"},"modified":"2014-06-19T16:18:46","modified_gmt":"2014-06-19T13:18:46","slug":"3346","status":"publish","type":"post","link":"https:\/\/archive.sana.sy\/tr\/?p=3346","title":{"rendered":"\u015eanl\u0131 Vatan Topraklar\u0131 Ter\u00f6r ve Destek\u00e7ileri \u0130\u00e7in Mezar Oluyor"},"content":{"rendered":"<p><span style=\"color: #800000\">\u0130LLER \u2013<\/span> \u00dc\u00e7 y\u0131l\u0131 a\u015fk\u0131n bir s\u00fcredir \u00fclkenin d\u00f6rt bir yan\u0131nda ter\u00f6re kar\u015f\u0131 destans\u0131 bir m\u00fccadele sergileyen kahraman birliklerimiz; binlerce y\u0131l \u00f6ncesinden gelen uygarl\u0131k, vatanseverlik ve insanl\u0131k k\u00fclt\u00fcr\u00fcn\u00fcn k\u00f6k sald\u0131\u011f\u0131 \u015fanl\u0131 vatan topraklar\u0131n\u0131n ter\u00f6r ve destek\u00e7ileri i\u00e7in batakl\u0131k ve mezardan ba\u015fka bir \u015fey olamayaca\u011f\u0131n\u0131 kan\u0131tl\u0131yorlar.<\/p>\n<p><span style=\"color: #0000ff\">Ter\u00f6r \u015eam K\u0131rsal\u0131nda Kay\u0131p Vermeye Davam Ediyor<\/span><\/p>\n<p>Askeri bir kaynak kahraman ordu birliklerimizin \u015eam K\u0131rsal\u0131n\u0131n ba\u015fta \u011euta B\u00f6lgesi olmak \u00fczere bir\u00e7ok belde ve b\u00f6lgesinde silahl\u0131 ter\u00f6r gruplar\u0131na b\u00fcy\u00fck kay\u0131plar verdirmeye devam ettiklerini dile getirdi.<\/p>\n<p>Kaynak ayr\u0131ca daha \u00f6ncesinde silahl\u0131 ter\u00f6r gruplar\u0131 taraf\u0131ndan evlerinden ve topraklar\u0131ndan zorla tehcir ettirilen Hav\u015f Arap beldesi sakinlerinin, beldede g\u00fcvenlik ve istikrar\u0131n sa\u011flanmas\u0131yla, evlerine ve topraklar\u0131na d\u00f6nmeye ba\u015flad\u0131klar\u0131n\u0131 beyan etti.<\/p>\n<p>Kahraman bir birliklerimizin Mleyha ve Keferbata Beldeleri \u00e7evresinde bulunan tar\u0131m arazilerinde nitelikli operasyonlar\u0131n\u0131 s\u00fcrd\u00fcrd\u00fcklerine i\u015faret eden kaynak; buralarda meydana gelen \u00e7at\u0131\u015fmalarda \u00e7ok say\u0131da ter\u00f6ristin \u00f6l\u00fc ve yaral\u0131 d\u00fc\u015f\u00fcr\u00fcld\u00fc\u011f\u00fcn\u00fc belirtti.<\/p>\n<p>Csreyn Tar\u0131m arazilerinde bulunan bir ter\u00f6r yuvas\u0131n\u0131n, i\u00e7indeki silah ve ter\u00f6ristlerle birlikte yok edildi\u011fine de\u011finen kaynak; Zamelka Beldesinde de i\u00e7inde b\u00fcy\u00fck miktarda silah ve m\u00fchimmat bulunan bir ter\u00f6r yuvas\u0131n\u0131n imha edildi\u011fini aktard\u0131.<\/p>\n<p>Duma, Covbar, el Alali, Assal el Verd ve Darayya belde, b\u00f6lge ve semtlerinde d\u00fczenlenen operasyonlar kapsam\u0131nda onlarca ter\u00f6r grubunun eleba\u015flar\u0131yla birlikte \u00f6l\u00fc d\u00fc\u015f\u00fcr\u00fcld\u00fc\u011f\u00fcne dikkat \u00e7eken kaynak ayr\u0131ca buralarda da ter\u00f6ristlere ait b\u00fcy\u00fck miktarda silah ve m\u00fchimmat\u0131n imha edildi\u011fini ekledi.<\/p>\n<p><span style=\"color: #0000ff\">Dera ve K\u0131rsal\u0131nda Operasyonlar Ba\u015far\u0131yla Devam Ediyor<\/span><\/p>\n<p>Vatan koruyucular\u0131 ordu birliklerimiz Dera ve k\u0131rsal\u0131n\u0131n muhtelif b\u00f6lgelerinde \u00e7okuluslu ter\u00f6r \u00e7etelerine kar\u015f\u0131 operasyonlar\u0131n\u0131 ba\u015far\u0131yla s\u00fcrd\u00fcr\u00fcrken Etman Beldesinin bir\u00e7ok b\u00f6lgesinde bir\u00e7ok ter\u00f6r yuvas\u0131n\u0131 muhtevalar\u0131yla hedef al\u0131rken \u00e7ok say\u0131da ter\u00f6risti kulland\u0131klar\u0131 bir dozerle birlikte etkisiz hale getirdi.<\/p>\n<p>Dera \u2013 Tafas Karayolu \u00fczerinde bir ter\u00f6r grubunu t\u00fcm \u00fcyeleriyle etkisiz hale getiren ordu birliklerimiz Zamrayn \u2013 Semlin yol ay\u0131r\u0131m\u0131nda da bir\u00e7ok ter\u00f6risti \u00f6l\u00fc yaral\u0131 d\u00fc\u015f\u00fcrd\u00fc.<\/p>\n<p>Ordu birliklerimiz Dera Beled B\u00f6lgesine ek olarak Tebba Beldesi ile Beyiyat Beldesi aras\u0131nda ter\u00f6r yuvalar\u0131n\u0131 i\u00e7indeki ter\u00f6ristler ve ara\u00e7larla birlikte etkisiz hale getirdi.<\/p>\n<p><span style=\"color: #0000ff\">Halep ve K\u0131rsal\u0131nda Onlarca Ter\u00f6rist \u00d6ld\u00fcr\u00fcld\u00fc<\/span><\/p>\n<p>Askeri bir kaynak ordu birliklerimizin Halep ve k\u0131rsal\u0131nda Leyramun, Gazeteciler Cemiyeti, Bostan el Kasr, Beni Zeyd, Reytan, Hanano, Meslimiye, Marei ve Mayer b\u00f6lgelerinde aralar\u0131nda yabanc\u0131lar\u0131n bulundu\u011fu onlarca tekfirci ve hain ter\u00f6risti \u00f6l\u00fc yaral\u0131 d\u00fc\u015f\u00fcrd\u00fcklerini belirtti.<\/p>\n<p>Kaynak vatan koruyucular\u0131m\u0131z\u0131n Zerba, Meslimiye, \u015ekeyf, Haydariye, Cbeyn Tepesi, Sanayi, ve Plas b\u00f6lgelerinde ter\u00f6ristlere ait bir k\u0131sm\u0131 z\u0131rhl\u0131 ve a\u011f\u0131r makineli silahlarla donat\u0131lm\u0131\u015f olmak \u00fczere \u00e7ok say\u0131da ara\u00e7lar\u0131n\u0131 imha ettiklerini s\u00f6yledi.<\/p>\n<p><span style=\"color: #0000ff\">\u0130dlib K\u0131rsal\u0131nda \u00d6ld\u00fcr\u00fclen Ter\u00f6ristlerin Geneli Yabanc\u0131<\/span><\/p>\n<p>Vatan koruyucular\u0131 ordu birliklerimiz \u0130dlib k\u0131rsal\u0131n\u0131n Muntaf K\u00f6y\u00fc yak\u0131nlar\u0131nda \u2018\u0130slami Cephe\u2019 adl\u0131 tekfirci ter\u00f6r olu\u015fumuna tabi bir ter\u00f6r yuvas\u0131n\u0131 muhtevalar\u0131yla hedef alarak geneli yabanc\u0131lardan olu\u015fan \u00e7ok say\u0131da ter\u00f6risti etkisiz hale getirdi. Operasyonda a\u011f\u0131r makineli silahla donat\u0131lm\u0131\u015f bir ara\u00e7lar\u0131 da imha edildi.<\/p>\n<p><span style=\"color: #0000ff\">Homs K\u0131rsal\u0131nda \u00c7ok Say\u0131da Ter\u00f6ristle Birlikte Dozerleri \u0130mha Edildi<\/span><\/p>\n<p>Ordu birliklerimiz Homs k\u0131rsal\u0131n\u0131n Sultaniye, Resten ve Hasya b\u00f6lgelerinin muhtelif yerlerinde ter\u00f6r yuvalar\u0131 ve k\u00fcmelenme yerlerini hedef ald\u0131.<br \/>\nAskeri kaynak operasyonlarda \u00e7ok say\u0131da ter\u00f6ristin ara\u00e7 ve te\u00e7hizatlar\u0131yla etkisiz hale getirildiklerini aktar\u0131rken, kulland\u0131klar\u0131 bir dozerin de imha edildi\u011fini s\u00f6yledi.<\/p>\n<div style=\"width: 618px;\" class=\"wp-video\"><!--[if lt IE 9]><script>document.createElement('video');<\/script><![endif]-->\n<video class=\"wp-video-shortcode\" id=\"video-3346-1\" width=\"618\" height=\"348\" preload=\"metadata\" controls=\"controls\"><source type=\"video\/x-flv\" src=\"http:\/\/sanasyria.org\/tr\/wp-content\/uploads\/2014\/06\/\u062a\u0642\u0631\u064a\u0631-\u064a\u0627\u0631\u0627-\u0627\u0633\u0645\u0627\u0639\u064a\u0644-..-\u0631\u064a\u0641-\u062d\u0644\u0628-\u0627\u0644\u062c\u0646\u0648\u0628\u064a-\u0627\u0644\u0634\u0631\u0642\u064a.flv?_=1\" \/><a href=\"http:\/\/sanasyria.org\/tr\/wp-content\/uploads\/2014\/06\/\u062a\u0642\u0631\u064a\u0631-\u064a\u0627\u0631\u0627-\u0627\u0633\u0645\u0627\u0639\u064a\u0644-..-\u0631\u064a\u0641-\u062d\u0644\u0628-\u0627\u0644\u062c\u0646\u0648\u0628\u064a-\u0627\u0644\u0634\u0631\u0642\u064a.flv\">http:\/\/sanasyria.org\/tr\/wp-content\/uploads\/2014\/06\/\u062a\u0642\u0631\u064a\u0631-\u064a\u0627\u0631\u0627-\u0627\u0633\u0645\u0627\u0639\u064a\u0644-..-\u0631\u064a\u0641-\u062d\u0644\u0628-\u0627\u0644\u062c\u0646\u0648\u0628\u064a-\u0627\u0644\u0634\u0631\u0642\u064a.flv<\/a><\/video><\/div>\n<p>&nbsp;<\/p>\n","protected":false},"excerpt":{"rendered":"<p>\u0130LLER \u2013 \u00dc\u00e7 y\u0131l\u0131 a\u015fk\u0131n bir s\u00fcredir \u00fclkenin d\u00f6rt bir yan\u0131nda ter\u00f6re kar\u015f\u0131 destans\u0131 bir m\u00fccadele sergileyen kahraman birliklerimiz; binlerce y\u0131l \u00f6ncesinden gelen uygarl\u0131k, vatanseverlik ve insanl\u0131k k\u00fclt\u00fcr\u00fcn\u00fcn k\u00f6k sald\u0131\u011f\u0131 \u015fanl\u0131 vatan topraklar\u0131n\u0131n ter\u00f6r ve destek\u00e7ileri i\u00e7in batakl\u0131k ve mezardan ba\u015fka bir \u015fey olamayaca\u011f\u0131n\u0131 kan\u0131tl\u0131yorlar. Ter\u00f6r \u015eam K\u0131rsal\u0131nda Kay\u0131p Vermeye Davam Ediyor Askeri bir kaynak &hellip;<\/p>\n","protected":false},"author":1,"featured_media":3351,"comment_status":"closed","ping_status":"closed","sticky":false,"template":"","format":"standard","meta":{"footnotes":""},"categories":[479,575,478],"tags":[746],"class_list":["post-3346","post","type-post","status-publish","format-standard","has-post-thumbnail","","category-haberler-yerel","category-olaylar-ve-gercekler","category-yerel","tag-sanli-vatan-topraklari-teror-ve-destekcileri-icin-mezar-oluyor"],"_links":{"self":[{"href":"https:\/\/archive.sana.sy\/tr\/index.php?rest_route=\/wp\/v2\/posts\/3346","targetHints":{"allow":["GET"]}}],"collection":[{"href":"https:\/\/archive.sana.sy\/tr\/index.php?rest_route=\/wp\/v2\/posts"}],"about":[{"href":"https:\/\/archive.sana.sy\/tr\/index.php?rest_route=\/wp\/v2\/types\/post"}],"author":[{"embeddable":true,"href":"https:\/\/archive.sana.sy\/tr\/index.php?rest_route=\/wp\/v2\/users\/1"}],"replies":[{"embeddable":true,"href":"https:\/\/archive.sana.sy\/tr\/index.php?rest_route=%2Fwp%2Fv2%2Fcomments&post=3346"}],"version-history":[{"count":0,"href":"https:\/\/archive.sana.sy\/tr\/index.php?rest_route=\/wp\/v2\/posts\/3346\/revisions"}],"wp:featuredmedia":[{"embeddable":true,"href":"https:\/\/archive.sana.sy\/tr\/index.php?rest_route=\/wp\/v2\/media\/3351"}],"wp:attachment":[{"href":"https:\/\/archive.sana.sy\/tr\/index.php?rest_route=%2Fwp%2Fv2%2Fmedia&parent=3346"}],"wp:term":[{"taxonomy":"category","embeddable":true,"href":"https:\/\/archive.sana.sy\/tr\/index.php?rest_route=%2Fwp%2Fv2%2Fcategories&post=3346"},{"taxonomy":"post_tag","embeddable":true,"href":"https:\/\/archive.sana.sy\/tr\/index.php?rest_route=%2Fwp%2Fv2%2Ftags&post=3346"}],"curies":[{"name":"wp","href":"https:\/\/api.w.org\/{rel}","templated":true}]}}