{"id":33466,"date":"2015-05-15T20:57:06","date_gmt":"2015-05-15T17:57:06","guid":{"rendered":"http:\/\/sana.sy\/tr\/?p=33466"},"modified":"2015-05-15T20:59:43","modified_gmt":"2015-05-15T17:59:43","slug":"mikdat-terore-karsi-zaferlerin-asil-kucaklayicisi-suriye-halkidir","status":"publish","type":"post","link":"https:\/\/archive.sana.sy\/tr\/?p=33466","title":{"rendered":"Mikdat: Ter\u00f6re Kar\u015f\u0131 Zaferlerin As\u0131l Kucaklay\u0131c\u0131s\u0131 Suriye Halk\u0131d\u0131r"},"content":{"rendered":"<p>\u015eAM \u2013 D\u0131\u015fi\u015fleri ve Gurbet\u00e7iler Bakan\u0131 Yard\u0131mc\u0131s\u0131 Faysal el Mikdat, Suriye&#8217;nin direnmeye devam etti\u011fini ve ter\u00f6re kar\u015f\u0131 kazan\u0131lan zaferlerin as\u0131l kucaklay\u0131c\u0131s\u0131n\u0131n halk\u0131n kendisi oldu\u011funu ifade etti.<\/p>\n<p>El Manar Televizyonuna d\u00fcn ak\u015fam bir r\u00f6portaj veren Mikdat, Suriye&#8217;nin kazanaca\u011f\u0131 \u015fanl\u0131 zaferin ter\u00f6r ve katliam\u0131 kullanarak siyasi ama\u00e7lar\u0131na ula\u015fmaya \u00e7al\u0131\u015fan herkese \u00e7ok sert bir ders te\u015fkil edece\u011fini dile getirdi.<\/p>\n<p>Kimi taraflar\u0131n Suriye direni\u015finin k\u0131r\u0131lmas\u0131 y\u00f6n\u00fcnde planlar ve hayaller kurdu\u011funa i\u015faret eden Mikdat, her g\u00fcn ba\u015far\u0131lar\u0131na yenilerini ekleyen kahraman ordu birliklerimiz kar\u015f\u0131s\u0131nda bu plan ve hezimetlerin uzun s\u00fcre \u00f6ncesinden hezimete u\u011frad\u0131\u011f\u0131n\u0131n alt\u0131n\u0131 \u00e7izdi.<\/p>\n<p>Suudi Arabistan ve Katar\u2019\u0131n Suriye&#8217;de olaylar\u0131n ba\u015flad\u0131\u011f\u0131 g\u00fcnden itibaren silahl\u0131 ter\u00f6r gruplar\u0131n\u0131 finanse ettiklerine dikkat \u00e7eken Mikdat, silahl\u0131 ter\u00f6r gruplar\u0131n\u0131n askeri ve katliam e\u011fitimlerini T\u00fcrkiye\u2019de ald\u0131klar\u0131n\u0131n ve \u0130srail\u2019in bu ter\u00f6r gruplar\u0131na her t\u00fcrl\u00fc yard\u0131m ve deste\u011fi sa\u011flad\u0131\u011f\u0131n\u0131n alt\u0131n\u0131 \u00e7izdi.<\/p>\n<p>Suriye halk\u0131n\u0131n kan\u0131n\u0131n ak\u0131t\u0131lmas\u0131 su\u00e7una \u00dcrd\u00fcn \u0130ktidar\u0131n\u0131n da tam bir \u015fekilde kar\u0131\u015fm\u0131\u015f oldu\u011funu dile getiren Mikdat, \u00dcrd\u00fcn iktidar\u0131n\u0131n halk\u0131n\u0131 da ayn\u0131 su\u00e7a ortak etme \u00e7abas\u0131nda oldu\u011funu ancak \u00dcrd\u00fcn halk\u0131n\u0131n bu oyuna gelmedi\u011fini ibraz etti.<\/p>\n<p>F.B. &#8211; M.M.<\/p>\n","protected":false},"excerpt":{"rendered":"<p>\u015eAM \u2013 D\u0131\u015fi\u015fleri ve Gurbet\u00e7iler Bakan\u0131 Yard\u0131mc\u0131s\u0131 Faysal el Mikdat, Suriye&#8217;nin direnmeye devam etti\u011fini ve ter\u00f6re kar\u015f\u0131 kazan\u0131lan zaferlerin as\u0131l kucaklay\u0131c\u0131s\u0131n\u0131n halk\u0131n kendisi oldu\u011funu ifade etti. El Manar Televizyonuna d\u00fcn ak\u015fam bir r\u00f6portaj veren Mikdat, Suriye&#8217;nin kazanaca\u011f\u0131 \u015fanl\u0131 zaferin ter\u00f6r ve katliam\u0131 kullanarak siyasi ama\u00e7lar\u0131na ula\u015fmaya \u00e7al\u0131\u015fan herkese \u00e7ok sert bir ders te\u015fkil edece\u011fini dile &hellip;<\/p>\n","protected":false},"author":1,"featured_media":24146,"comment_status":"closed","ping_status":"closed","sticky":false,"template":"","format":"standard","meta":{"footnotes":""},"categories":[479,447,2554,2555,478],"tags":[14583],"class_list":["post-33466","post","type-post","status-publish","format-standard","has-post-thumbnail","","category-haberler-yerel","category-politika","category-suriye-ve-dunya","category-suriye-ve-turkiye","category-yerel","tag-mikdat-terore-karsi-zaferlerin-asil-kucaklayicisi-suriye-halkidir"],"_links":{"self":[{"href":"https:\/\/archive.sana.sy\/tr\/index.php?rest_route=\/wp\/v2\/posts\/33466","targetHints":{"allow":["GET"]}}],"collection":[{"href":"https:\/\/archive.sana.sy\/tr\/index.php?rest_route=\/wp\/v2\/posts"}],"about":[{"href":"https:\/\/archive.sana.sy\/tr\/index.php?rest_route=\/wp\/v2\/types\/post"}],"author":[{"embeddable":true,"href":"https:\/\/archive.sana.sy\/tr\/index.php?rest_route=\/wp\/v2\/users\/1"}],"replies":[{"embeddable":true,"href":"https:\/\/archive.sana.sy\/tr\/index.php?rest_route=%2Fwp%2Fv2%2Fcomments&post=33466"}],"version-history":[{"count":0,"href":"https:\/\/archive.sana.sy\/tr\/index.php?rest_route=\/wp\/v2\/posts\/33466\/revisions"}],"wp:featuredmedia":[{"embeddable":true,"href":"https:\/\/archive.sana.sy\/tr\/index.php?rest_route=\/wp\/v2\/media\/24146"}],"wp:attachment":[{"href":"https:\/\/archive.sana.sy\/tr\/index.php?rest_route=%2Fwp%2Fv2%2Fmedia&parent=33466"}],"wp:term":[{"taxonomy":"category","embeddable":true,"href":"https:\/\/archive.sana.sy\/tr\/index.php?rest_route=%2Fwp%2Fv2%2Fcategories&post=33466"},{"taxonomy":"post_tag","embeddable":true,"href":"https:\/\/archive.sana.sy\/tr\/index.php?rest_route=%2Fwp%2Fv2%2Ftags&post=33466"}],"curies":[{"name":"wp","href":"https:\/\/api.w.org\/{rel}","templated":true}]}}