{"id":33475,"date":"2015-05-16T09:39:05","date_gmt":"2015-05-16T06:39:05","guid":{"rendered":"http:\/\/sana.sy\/tr\/?p=33475"},"modified":"2015-05-16T09:39:05","modified_gmt":"2015-05-16T06:39:05","slug":"askeri-kaynak-ordu-birliklerimizin-kunaytra-kirsali-tel-mesharanin-guneyinde-nusra-cephesinden-bazi-teroristleri-oldurduklerini-ellerindeki-agir-taramali-silahla-donanimli-bir-araclarini-da","status":"publish","type":"post","link":"https:\/\/archive.sana.sy\/tr\/?p=33475","title":{"rendered":"Askeri kaynak, ordu birliklerimizin Kunaytra k\u0131rsal\u0131 Tel Meshara\u2019n\u0131n g\u00fcneyinde Nusra Cephesinden baz\u0131 ter\u00f6ristleri \u00f6ld\u00fcrd\u00fcklerini ellerindeki a\u011f\u0131r taramal\u0131 silahla donan\u0131ml\u0131 bir ara\u00e7lar\u0131n\u0131 da imha ettiklerini s\u00f6yledi."},"content":{"rendered":"<p>Askeri kaynak, ordu birliklerimizin Kunaytra k\u0131rsal\u0131 Tel Meshara\u2019n\u0131n g\u00fcneyinde Nusra Cephesinden baz\u0131 ter\u00f6ristleri \u00f6ld\u00fcrd\u00fcklerini ellerindeki a\u011f\u0131r taramal\u0131 silahla donan\u0131ml\u0131 bir ara\u00e7lar\u0131n\u0131 da imha ettiklerini s\u00f6yledi.<\/p>\n","protected":false},"excerpt":{"rendered":"<p>Askeri kaynak, ordu birliklerimizin Kunaytra k\u0131rsal\u0131 Tel Meshara\u2019n\u0131n g\u00fcneyinde Nusra Cephesinden baz\u0131 ter\u00f6ristleri \u00f6ld\u00fcrd\u00fcklerini ellerindeki a\u011f\u0131r taramal\u0131 silahla donan\u0131ml\u0131 bir ara\u00e7lar\u0131n\u0131 da imha ettiklerini s\u00f6yledi.<\/p>\n","protected":false},"author":1,"featured_media":0,"comment_status":"closed","ping_status":"closed","sticky":false,"template":"","format":"standard","meta":{"footnotes":""},"categories":[1],"tags":[1031],"class_list":["post-33475","post","type-post","status-publish","format-standard","","category-news-not-sorted","tag-askeri-kaynak"],"_links":{"self":[{"href":"https:\/\/archive.sana.sy\/tr\/index.php?rest_route=\/wp\/v2\/posts\/33475","targetHints":{"allow":["GET"]}}],"collection":[{"href":"https:\/\/archive.sana.sy\/tr\/index.php?rest_route=\/wp\/v2\/posts"}],"about":[{"href":"https:\/\/archive.sana.sy\/tr\/index.php?rest_route=\/wp\/v2\/types\/post"}],"author":[{"embeddable":true,"href":"https:\/\/archive.sana.sy\/tr\/index.php?rest_route=\/wp\/v2\/users\/1"}],"replies":[{"embeddable":true,"href":"https:\/\/archive.sana.sy\/tr\/index.php?rest_route=%2Fwp%2Fv2%2Fcomments&post=33475"}],"version-history":[{"count":0,"href":"https:\/\/archive.sana.sy\/tr\/index.php?rest_route=\/wp\/v2\/posts\/33475\/revisions"}],"wp:attachment":[{"href":"https:\/\/archive.sana.sy\/tr\/index.php?rest_route=%2Fwp%2Fv2%2Fmedia&parent=33475"}],"wp:term":[{"taxonomy":"category","embeddable":true,"href":"https:\/\/archive.sana.sy\/tr\/index.php?rest_route=%2Fwp%2Fv2%2Fcategories&post=33475"},{"taxonomy":"post_tag","embeddable":true,"href":"https:\/\/archive.sana.sy\/tr\/index.php?rest_route=%2Fwp%2Fv2%2Ftags&post=33475"}],"curies":[{"name":"wp","href":"https:\/\/api.w.org\/{rel}","templated":true}]}}