{"id":33476,"date":"2015-05-16T09:35:50","date_gmt":"2015-05-16T06:35:50","guid":{"rendered":"http:\/\/sana.sy\/tr\/?p=33476"},"modified":"2015-05-16T09:35:50","modified_gmt":"2015-05-16T06:35:50","slug":"misir-ifta-evi-isid-teror-orgutu-tekfiri-fetvalarinin-fitneyi-koruklemek-ve-kanlarin-helal-kilinmasina-davettir","status":"publish","type":"post","link":"https:\/\/archive.sana.sy\/tr\/?p=33476","title":{"rendered":"M\u0131s\u0131r \u0130fta Evi, I\u015e\u0130D Ter\u00f6r \u00d6rg\u00fct\u00fc Tekfiri Fetvalar\u0131n\u0131n, Fitneyi K\u00f6r\u00fcklemek ve Kanlar\u0131n Helal K\u0131l\u0131nmas\u0131na Davettir"},"content":{"rendered":"<p>KAH\u0130RE \u2013 M\u0131s\u0131r \u0130fta Evi, I\u015e\u0130D ter\u00f6r \u00f6rg\u00fct\u00fc liderlerinin silah ta\u015f\u0131ma ve kan ak\u0131tma \u00e7a\u011fr\u0131lar\u0131n\u0131n, muhtelif davalar alt\u0131nda tek bir toplumun evlatlar\u0131 aras\u0131nda kan ve mallar\u0131n helal k\u0131l\u0131nmas\u0131yla fitne ve gerginlikler yaratma daveti oldu\u011funu belirtti.<\/p>\n<p>\u0130fta Evi \u201cM\u0131s\u0131r Haberleri\u201d sitesinin yay\u0131nlad\u0131\u011f\u0131 beyanlar\u0131nda, y\u0131k\u0131c\u0131 ve \u00f6ld\u00fcr\u00fcc\u00fc davetlerle i\u015fbirli\u011fi ve teatide bulunmaktan uyararak, silah ta\u015f\u0131ma ve kan ak\u0131tman\u0131n daha fazla kaos, y\u0131k\u0131m, haklar\u0131n kaybolmas\u0131 ve g\u00fcvenli insanlar\u0131n g\u00f6\u00e7 ettirilmesinden ba\u015fa i\u015fe yaramayaca\u011f\u0131n\u0131 vurgulad\u0131.<\/p>\n<p>\u0130fta Evi, ter\u00f6r \u00f6rg\u00fctlerinin fesat\u00e7\u0131l\u0131\u011f\u0131 getirme, \u00e7\u0131karlar\u0131 yok etme ve y\u0131kmaya \u0131srarc\u0131 oldu\u011funa i\u015faret etti.<\/p>\n<p>M\u0131s\u0131r \u0130fta Evi ayr\u0131ca, I\u015e\u0130D ter\u00f6r \u00f6rg\u00fct\u00fcn\u00fcn M\u00fcsl\u00fcmanlar\u0131 \u00f6ld\u00fcrme ve evlerinden etmeyi kapsayan su\u00e7lar\u0131na dikkat \u00e7ekti.<\/p>\n<p>S.\u015e<\/p>\n","protected":false},"excerpt":{"rendered":"<p>KAH\u0130RE \u2013 M\u0131s\u0131r \u0130fta Evi, I\u015e\u0130D ter\u00f6r \u00f6rg\u00fct\u00fc liderlerinin silah ta\u015f\u0131ma ve kan ak\u0131tma \u00e7a\u011fr\u0131lar\u0131n\u0131n, muhtelif davalar alt\u0131nda tek bir toplumun evlatlar\u0131 aras\u0131nda kan ve mallar\u0131n helal k\u0131l\u0131nmas\u0131yla fitne ve gerginlikler yaratma daveti oldu\u011funu belirtti. \u0130fta Evi \u201cM\u0131s\u0131r Haberleri\u201d sitesinin yay\u0131nlad\u0131\u011f\u0131 beyanlar\u0131nda, y\u0131k\u0131c\u0131 ve \u00f6ld\u00fcr\u00fcc\u00fc davetlerle i\u015fbirli\u011fi ve teatide bulunmaktan uyararak, silah ta\u015f\u0131ma ve kan &hellip;<\/p>\n","protected":false},"author":1,"featured_media":33477,"comment_status":"closed","ping_status":"closed","sticky":false,"template":"","format":"standard","meta":{"footnotes":""},"categories":[458,459,447],"tags":[14586,14585,14584],"class_list":["post-33476","post","type-post","status-publish","format-standard","has-post-thumbnail","","category-dunya1","category-haberler-arap-uluslararasi-politika","category-politika","tag-fitneyi-koruklemek-ve-kanlarin-helal-kilinmasina-davettir","tag-isid-teror-orgutu-tekfiri-fetvalarinin","tag-misir-ifta-evi"],"_links":{"self":[{"href":"https:\/\/archive.sana.sy\/tr\/index.php?rest_route=\/wp\/v2\/posts\/33476","targetHints":{"allow":["GET"]}}],"collection":[{"href":"https:\/\/archive.sana.sy\/tr\/index.php?rest_route=\/wp\/v2\/posts"}],"about":[{"href":"https:\/\/archive.sana.sy\/tr\/index.php?rest_route=\/wp\/v2\/types\/post"}],"author":[{"embeddable":true,"href":"https:\/\/archive.sana.sy\/tr\/index.php?rest_route=\/wp\/v2\/users\/1"}],"replies":[{"embeddable":true,"href":"https:\/\/archive.sana.sy\/tr\/index.php?rest_route=%2Fwp%2Fv2%2Fcomments&post=33476"}],"version-history":[{"count":0,"href":"https:\/\/archive.sana.sy\/tr\/index.php?rest_route=\/wp\/v2\/posts\/33476\/revisions"}],"wp:featuredmedia":[{"embeddable":true,"href":"https:\/\/archive.sana.sy\/tr\/index.php?rest_route=\/wp\/v2\/media\/33477"}],"wp:attachment":[{"href":"https:\/\/archive.sana.sy\/tr\/index.php?rest_route=%2Fwp%2Fv2%2Fmedia&parent=33476"}],"wp:term":[{"taxonomy":"category","embeddable":true,"href":"https:\/\/archive.sana.sy\/tr\/index.php?rest_route=%2Fwp%2Fv2%2Fcategories&post=33476"},{"taxonomy":"post_tag","embeddable":true,"href":"https:\/\/archive.sana.sy\/tr\/index.php?rest_route=%2Fwp%2Fv2%2Ftags&post=33476"}],"curies":[{"name":"wp","href":"https:\/\/api.w.org\/{rel}","templated":true}]}}