{"id":33480,"date":"2015-05-16T10:08:14","date_gmt":"2015-05-16T07:08:14","guid":{"rendered":"http:\/\/sana.sy\/tr\/?p=33480"},"modified":"2015-05-16T15:08:25","modified_gmt":"2015-05-16T12:08:25","slug":"ordu-ve-direnisin-kalamundaki-basarilari-israil-icin-buyuk-hasardir-zafer-tek-ve-nihai-secenektir","status":"publish","type":"post","link":"https:\/\/archive.sana.sy\/tr\/?p=33480","title":{"rendered":"Ordu ve Direni\u015fin Kalamun\u2019daki Ba\u015far\u0131lar\u0131 \u0130srail \u0130\u00e7in B\u00fcy\u00fck Hasard\u0131r.. Zafer Tek ve Nihai Se\u00e7enektir"},"content":{"rendered":"<p>\u015eAM \u2013 Enformasyon Bakan\u0131 Omran el Zubi, Suriye Arap Ordusu ve L\u00fcbnan direni\u015finin Kalamun\u2019da sa\u011flad\u0131\u011f\u0131 ba\u015far\u0131lar\u0131n, \u0130srail i\u00e7in b\u00fcy\u00fck hasar te\u015fkil etti\u011fini belirterek, zaferin bizim i\u00e7in tek ve nihai se\u00e7enek oldu\u011funu vurgulad\u0131.<\/p>\n<p>Zubi, el Menar Televizyona verdi\u011fi deme\u00e7te, Kalamun\u2019daki \u00e7at\u0131\u015fman\u0131n devlet ve halk olarak L\u00fcbnan\u2019a hizmet etti\u011fini, ter\u00f6rist \u00f6rg\u00fctlerin L\u00fcbnan\u2019\u0131n g\u00fcvenli\u011fini ve karde\u015f L\u00fcbnan halk\u0131n\u0131n hayat\u0131n\u0131 bozmak i\u00e7in L\u00fcbnan\u2019a s\u0131zmalar\u0131na s\u0131n\u0131r koydu\u011funu belirterek, Kalamun\u2019un kuzey, g\u00fcney ve do\u011fusunu \u00e7evreleyen b\u00f6lgelere daha fazla himaye temin etti\u011fini s\u00f6yledi.<\/p>\n<p>Zubi, Suriye Arap ordusu ve L\u00fcbnan direni\u015finin Kalamun\u2019da sava\u015ft\u0131klar\u0131 ter\u00f6ristlerin e\u011fitimli olduklar\u0131n\u0131, ellerinde geli\u015fmi\u015f silahlar\u0131n ve T\u00fcrkiye, \u0130srail, Suudi Arabistan veya Katar olsun askeri idarelerinin bulundu\u011funu idrak ettiklerini a\u00e7\u0131klad\u0131.<\/p>\n<p>Bakan Zubi, yo\u011fun T\u00fcrk ate\u015fi deste\u011fi vas\u0131tas\u0131yla Cisru\u015f\u015fu\u011fur Kentine giren binlerce ter\u00f6ristin, T\u00fcrkiye topraklar\u0131 kanal\u0131yla girdiklerini, hangi binan\u0131n d\u00fc\u015fece\u011fini, kimin ba\u015f\u0131n\u0131n \u00fczerine d\u00fc\u015fece\u011fini, nas\u0131l y\u0131k\u0131laca\u011f\u0131n\u0131 ve insanlar\u0131n nas\u0131l \u00f6lece\u011finden kesinlikle ilgilendiremedi\u011fini lakin, bu durumlar\u0131n birinci derecede Suriye devletini ve silahl\u0131 kuvvetlerini ilgilendirdi\u011fini ve bu y\u00fczden \u00e7at\u0131\u015fman\u0131n bu kentin idari il s\u0131n\u0131rlar\u0131 dahilinde olmamas\u0131 i\u00e7in Suriye g\u00fc\u00e7lerinin \u00e7\u0131kt\u0131\u011f\u0131n\u0131 a\u00e7\u0131klad\u0131.<\/p>\n<p>S.\u015e<\/p>\n","protected":false},"excerpt":{"rendered":"<p>\u015eAM \u2013 Enformasyon Bakan\u0131 Omran el Zubi, Suriye Arap Ordusu ve L\u00fcbnan direni\u015finin Kalamun\u2019da sa\u011flad\u0131\u011f\u0131 ba\u015far\u0131lar\u0131n, \u0130srail i\u00e7in b\u00fcy\u00fck hasar te\u015fkil etti\u011fini belirterek, zaferin bizim i\u00e7in tek ve nihai se\u00e7enek oldu\u011funu vurgulad\u0131. Zubi, el Menar Televizyona verdi\u011fi deme\u00e7te, Kalamun\u2019daki \u00e7at\u0131\u015fman\u0131n devlet ve halk olarak L\u00fcbnan\u2019a hizmet etti\u011fini, ter\u00f6rist \u00f6rg\u00fctlerin L\u00fcbnan\u2019\u0131n g\u00fcvenli\u011fini ve karde\u015f L\u00fcbnan halk\u0131n\u0131n &hellip;<\/p>\n","protected":false},"author":1,"featured_media":33481,"comment_status":"closed","ping_status":"closed","sticky":false,"template":"","format":"standard","meta":{"footnotes":""},"categories":[479,447,2554,2555,478],"tags":[14587],"class_list":["post-33480","post","type-post","status-publish","format-standard","has-post-thumbnail","","category-haberler-yerel","category-politika","category-suriye-ve-dunya","category-suriye-ve-turkiye","category-yerel","tag-ordu-ve-direnisin-kalamundaki-basarilari-israil-icin-buyuk-hasardir-zafer-tek-ve-nihai-secenektir"],"_links":{"self":[{"href":"https:\/\/archive.sana.sy\/tr\/index.php?rest_route=\/wp\/v2\/posts\/33480","targetHints":{"allow":["GET"]}}],"collection":[{"href":"https:\/\/archive.sana.sy\/tr\/index.php?rest_route=\/wp\/v2\/posts"}],"about":[{"href":"https:\/\/archive.sana.sy\/tr\/index.php?rest_route=\/wp\/v2\/types\/post"}],"author":[{"embeddable":true,"href":"https:\/\/archive.sana.sy\/tr\/index.php?rest_route=\/wp\/v2\/users\/1"}],"replies":[{"embeddable":true,"href":"https:\/\/archive.sana.sy\/tr\/index.php?rest_route=%2Fwp%2Fv2%2Fcomments&post=33480"}],"version-history":[{"count":0,"href":"https:\/\/archive.sana.sy\/tr\/index.php?rest_route=\/wp\/v2\/posts\/33480\/revisions"}],"wp:featuredmedia":[{"embeddable":true,"href":"https:\/\/archive.sana.sy\/tr\/index.php?rest_route=\/wp\/v2\/media\/33481"}],"wp:attachment":[{"href":"https:\/\/archive.sana.sy\/tr\/index.php?rest_route=%2Fwp%2Fv2%2Fmedia&parent=33480"}],"wp:term":[{"taxonomy":"category","embeddable":true,"href":"https:\/\/archive.sana.sy\/tr\/index.php?rest_route=%2Fwp%2Fv2%2Fcategories&post=33480"},{"taxonomy":"post_tag","embeddable":true,"href":"https:\/\/archive.sana.sy\/tr\/index.php?rest_route=%2Fwp%2Fv2%2Ftags&post=33480"}],"curies":[{"name":"wp","href":"https:\/\/api.w.org\/{rel}","templated":true}]}}