{"id":33489,"date":"2015-05-16T10:50:24","date_gmt":"2015-05-16T07:50:24","guid":{"rendered":"http:\/\/sana.sy\/tr\/?p=33489"},"modified":"2015-05-16T10:50:24","modified_gmt":"2015-05-16T07:50:24","slug":"askeri-kaynak-ordu-birliklerimizin-suveyda-kuzeydogu-kirsalindaki-tel-asfara-sizma-girisiminde-bulunan-isid-teroristleri-saflarinda-bir-cok-teroristi-oldurduklerini-soyledi","status":"publish","type":"post","link":"https:\/\/archive.sana.sy\/tr\/?p=33489","title":{"rendered":"Askeri kaynak, ordu birliklerimizin S\u00fcveyda kuzeydo\u011fu k\u0131rsal\u0131ndaki Tel Asfar\u2019a s\u0131zma giri\u015fiminde bulunan I\u015e\u0130D ter\u00f6ristleri saflar\u0131nda bir \u00e7ok ter\u00f6risti \u00f6ld\u00fcrd\u00fcklerini s\u00f6yledi."},"content":{"rendered":"<p>Askeri kaynak, ordu birliklerimizin S\u00fcveyda kuzeydo\u011fu k\u0131rsal\u0131ndaki Tel Asfar\u2019a s\u0131zma giri\u015fiminde bulunan I\u015e\u0130D ter\u00f6ristleri saflar\u0131nda bir \u00e7ok ter\u00f6risti \u00f6ld\u00fcrd\u00fcklerini s\u00f6yledi.<\/p>\n","protected":false},"excerpt":{"rendered":"<p>Askeri kaynak, ordu birliklerimizin S\u00fcveyda kuzeydo\u011fu k\u0131rsal\u0131ndaki Tel Asfar\u2019a s\u0131zma giri\u015fiminde bulunan I\u015e\u0130D ter\u00f6ristleri saflar\u0131nda bir \u00e7ok ter\u00f6risti \u00f6ld\u00fcrd\u00fcklerini s\u00f6yledi.<\/p>\n","protected":false},"author":1,"featured_media":0,"comment_status":"closed","ping_status":"closed","sticky":false,"template":"","format":"standard","meta":{"footnotes":""},"categories":[1],"tags":[1031,14589],"class_list":["post-33489","post","type-post","status-publish","format-standard","","category-news-not-sorted","tag-askeri-kaynak","tag-ordu-birliklerimizin-suveyda-kuzeydogu-kirsalindaki-tel-asfara-sizma-girisiminde-bulunan-isid-teroristleri-saflarinda-bir-cok-teroristi-oldurduklerini-soyledi"],"_links":{"self":[{"href":"https:\/\/archive.sana.sy\/tr\/index.php?rest_route=\/wp\/v2\/posts\/33489","targetHints":{"allow":["GET"]}}],"collection":[{"href":"https:\/\/archive.sana.sy\/tr\/index.php?rest_route=\/wp\/v2\/posts"}],"about":[{"href":"https:\/\/archive.sana.sy\/tr\/index.php?rest_route=\/wp\/v2\/types\/post"}],"author":[{"embeddable":true,"href":"https:\/\/archive.sana.sy\/tr\/index.php?rest_route=\/wp\/v2\/users\/1"}],"replies":[{"embeddable":true,"href":"https:\/\/archive.sana.sy\/tr\/index.php?rest_route=%2Fwp%2Fv2%2Fcomments&post=33489"}],"version-history":[{"count":0,"href":"https:\/\/archive.sana.sy\/tr\/index.php?rest_route=\/wp\/v2\/posts\/33489\/revisions"}],"wp:attachment":[{"href":"https:\/\/archive.sana.sy\/tr\/index.php?rest_route=%2Fwp%2Fv2%2Fmedia&parent=33489"}],"wp:term":[{"taxonomy":"category","embeddable":true,"href":"https:\/\/archive.sana.sy\/tr\/index.php?rest_route=%2Fwp%2Fv2%2Fcategories&post=33489"},{"taxonomy":"post_tag","embeddable":true,"href":"https:\/\/archive.sana.sy\/tr\/index.php?rest_route=%2Fwp%2Fv2%2Ftags&post=33489"}],"curies":[{"name":"wp","href":"https:\/\/api.w.org\/{rel}","templated":true}]}}