{"id":33491,"date":"2015-05-16T11:09:42","date_gmt":"2015-05-16T08:09:42","guid":{"rendered":"http:\/\/sana.sy\/tr\/?p=33491"},"modified":"2015-05-16T11:09:42","modified_gmt":"2015-05-16T08:09:42","slug":"askeri-kaynak-ordu-birliklerimizin-homs-kirsali-furuklos-yonundeki-um-el-tebabir-koyunun-kuzey-dogusunda-yer-alan-ebla-gaz-hattina-saldiri-girisiminde-bulunan-isid-teror-orgutunden-cok-sayid","status":"publish","type":"post","link":"https:\/\/archive.sana.sy\/tr\/?p=33491","title":{"rendered":"Askeri kaynak, ordu birliklerimizin Homs k\u0131rsal\u0131 Furuklos y\u00f6n\u00fcndeki Um el Tebabir K\u00f6y\u00fc\u2019n\u00fcn kuzey do\u011fusunda yer alan Ebla Gaz hatt\u0131na sald\u0131r\u0131 giri\u015fiminde bulunan I\u015e\u0130D ter\u00f6r \u00f6rg\u00fct\u00fcnden \u00e7ok say\u0131da ter\u00f6risti \u00f6ld\u00fcrd\u00fcklerini belirtti."},"content":{"rendered":"<p>Askeri kaynak, ordu birliklerimizin Homs k\u0131rsal\u0131 Furuklos y\u00f6n\u00fcndeki Um el Tebabir K\u00f6y\u00fc\u2019n\u00fcn kuzey do\u011fusunda yer alan Ebla Gaz hatt\u0131na sald\u0131r\u0131 giri\u015fiminde bulunan I\u015e\u0130D ter\u00f6r \u00f6rg\u00fct\u00fcnden \u00e7ok say\u0131da ter\u00f6risti \u00f6ld\u00fcrd\u00fcklerini belirtti.<\/p>\n","protected":false},"excerpt":{"rendered":"<p>Askeri kaynak, ordu birliklerimizin Homs k\u0131rsal\u0131 Furuklos y\u00f6n\u00fcndeki Um el Tebabir K\u00f6y\u00fc\u2019n\u00fcn kuzey do\u011fusunda yer alan Ebla Gaz hatt\u0131na sald\u0131r\u0131 giri\u015fiminde bulunan I\u015e\u0130D ter\u00f6r \u00f6rg\u00fct\u00fcnden \u00e7ok say\u0131da ter\u00f6risti \u00f6ld\u00fcrd\u00fcklerini belirtti.<\/p>\n","protected":false},"author":1,"featured_media":0,"comment_status":"closed","ping_status":"closed","sticky":false,"template":"","format":"standard","meta":{"footnotes":""},"categories":[1],"tags":[1031],"class_list":["post-33491","post","type-post","status-publish","format-standard","","category-news-not-sorted","tag-askeri-kaynak"],"_links":{"self":[{"href":"https:\/\/archive.sana.sy\/tr\/index.php?rest_route=\/wp\/v2\/posts\/33491","targetHints":{"allow":["GET"]}}],"collection":[{"href":"https:\/\/archive.sana.sy\/tr\/index.php?rest_route=\/wp\/v2\/posts"}],"about":[{"href":"https:\/\/archive.sana.sy\/tr\/index.php?rest_route=\/wp\/v2\/types\/post"}],"author":[{"embeddable":true,"href":"https:\/\/archive.sana.sy\/tr\/index.php?rest_route=\/wp\/v2\/users\/1"}],"replies":[{"embeddable":true,"href":"https:\/\/archive.sana.sy\/tr\/index.php?rest_route=%2Fwp%2Fv2%2Fcomments&post=33491"}],"version-history":[{"count":0,"href":"https:\/\/archive.sana.sy\/tr\/index.php?rest_route=\/wp\/v2\/posts\/33491\/revisions"}],"wp:attachment":[{"href":"https:\/\/archive.sana.sy\/tr\/index.php?rest_route=%2Fwp%2Fv2%2Fmedia&parent=33491"}],"wp:term":[{"taxonomy":"category","embeddable":true,"href":"https:\/\/archive.sana.sy\/tr\/index.php?rest_route=%2Fwp%2Fv2%2Fcategories&post=33491"},{"taxonomy":"post_tag","embeddable":true,"href":"https:\/\/archive.sana.sy\/tr\/index.php?rest_route=%2Fwp%2Fv2%2Ftags&post=33491"}],"curies":[{"name":"wp","href":"https:\/\/api.w.org\/{rel}","templated":true}]}}