{"id":33526,"date":"2015-05-16T12:39:22","date_gmt":"2015-05-16T09:39:22","guid":{"rendered":"http:\/\/sana.sy\/tr\/?p=33526"},"modified":"2015-05-16T16:45:17","modified_gmt":"2015-05-16T13:45:17","slug":"el-bassit-bolgesinde-2-ton-uyusturucu-madde-ele-gecirildi","status":"publish","type":"post","link":"https:\/\/archive.sana.sy\/tr\/?p=33526","title":{"rendered":"Bassit B\u00f6lgesinde 2 Ton Uyu\u015fturucu Madde Ele Ge\u00e7irildi"},"content":{"rendered":"<p>LAZK\u0130YE \u2013 Limanlar Genel M\u00fcd\u00fcrl\u00fc\u011f\u00fc devriyeleri d\u00fcn Lazkiye sahilinde T\u00fcrkiye s\u0131n\u0131rlar\u0131na yak\u0131n Bassit B\u00f6lgesi sahillerinde deniz sular\u0131nda y\u00fczen \u00e7antalara konulmu\u015f yakla\u015f\u0131k 2 bin kg uyu\u015fturucu madde ele ge\u00e7irdi.<\/p>\n<p>Limanlar Genel M\u00fcd\u00fcr\u00fc Meysem el Yusuf SANA muhabirine bug\u00fcn yapt\u0131\u011f\u0131 a\u00e7\u0131klamada; Bassit b\u00f6lgesinde m\u00fcd\u00fcrl\u00fc\u011fe ba\u011fl\u0131 devriyenin d\u00fcn ak\u015fam sahil yak\u0131nlar\u0131nda su \u00fcst\u00fcnde y\u00fczen deri \u00e7antalar\u0131n bulundu\u011funu fark ettiklerini s\u00f6yledi. Yusuf \u00e7antalar\u0131n devriyeler taraf\u0131ndan sahile \u00e7\u0131kar\u0131lmalar\u0131 ard\u0131ndan i\u00e7lerinde naylon ile s\u0131k\u0131 bir \u015fekilde izole edilmi\u015f yakla\u015f\u0131k 2 bin kg uyu\u015fturucu madde \u00e7\u0131kt\u0131\u011f\u0131n\u0131 a\u00e7\u0131klad\u0131. Bulunan uyu\u015fturucunun 1200 kilosunun Captagon hap oldu\u011funu s\u00f6yleyen Yusuf; 800 kg\u2019\u0131n\u0131n ise esrar hamuru oldu\u011funu s\u00f6yledi.<\/p>\n<p>Kendi y\u00f6n\u00fcnden Lazkiye Valisi \u0130brahim H\u0131z\u0131r el Salim, gazetecilere verdi\u011fi deme\u00e7te; ter\u00f6r\u00fc destekleyen ve Suriye halk\u0131na d\u00fc\u015fman \u00fclkelerin s\u00f6z konusu uyu\u015fturucu maddeleri ihra\u00e7 ettiklerine i\u015faret etti.<\/p>\n<p>Bilinece\u011fi \u00fczere Suriye&#8217;de d\u0131\u015f destekli radikal ve vatan haini ter\u00f6r \u00e7etelerinin b\u00fcy\u00fck \u00e7o\u011funlu\u011fu uyu\u015fturucu kullan\u0131yor.<\/p>\n<div id='gallery-1' class='gallery galleryid-33526 gallery-columns-3 gallery-size-thumbnail'><figure class='gallery-item'>\n\t\t\t<div class='gallery-icon landscape'>\n\t\t\t\t<a href='https:\/\/archive.sana.sy\/tr\/wp-content\/uploads\/2015\/05\/Bassitte-Ele-Ge\u00e7irilen-Uyu\u015fturucu-Maddeler-4.jpg'><img loading=\"lazy\" decoding=\"async\" width=\"150\" height=\"120\" src=\"https:\/\/archive.sana.sy\/tr\/wp-content\/uploads\/2015\/05\/Bassitte-Ele-Ge\u00e7irilen-Uyu\u015fturucu-Maddeler-4-150x120.jpg\" class=\"attachment-thumbnail size-thumbnail\" alt=\"\" srcset=\"https:\/\/archive.sana.sy\/tr\/wp-content\/uploads\/2015\/05\/Bassitte-Ele-Ge\u00e7irilen-Uyu\u015fturucu-Maddeler-4-150x120.jpg 150w, https:\/\/archive.sana.sy\/tr\/wp-content\/uploads\/2015\/05\/Bassitte-Ele-Ge\u00e7irilen-Uyu\u015fturucu-Maddeler-4-300x241.jpg 300w, https:\/\/archive.sana.sy\/tr\/wp-content\/uploads\/2015\/05\/Bassitte-Ele-Ge\u00e7irilen-Uyu\u015fturucu-Maddeler-4-1024x821.jpg 1024w\" sizes=\"auto, (max-width: 150px) 100vw, 150px\" \/><\/a>\n\t\t\t<\/div><\/figure><figure class='gallery-item'>\n\t\t\t<div class='gallery-icon landscape'>\n\t\t\t\t<a href='https:\/\/archive.sana.sy\/tr\/wp-content\/uploads\/2015\/05\/Bassitte-Ele-Ge\u00e7irilen-Uyu\u015fturucu-Maddeler-3.jpg'><img loading=\"lazy\" decoding=\"async\" width=\"150\" height=\"138\" src=\"https:\/\/archive.sana.sy\/tr\/wp-content\/uploads\/2015\/05\/Bassitte-Ele-Ge\u00e7irilen-Uyu\u015fturucu-Maddeler-3-150x138.jpg\" class=\"attachment-thumbnail size-thumbnail\" alt=\"\" srcset=\"https:\/\/archive.sana.sy\/tr\/wp-content\/uploads\/2015\/05\/Bassitte-Ele-Ge\u00e7irilen-Uyu\u015fturucu-Maddeler-3-150x138.jpg 150w, https:\/\/archive.sana.sy\/tr\/wp-content\/uploads\/2015\/05\/Bassitte-Ele-Ge\u00e7irilen-Uyu\u015fturucu-Maddeler-3-300x275.jpg 300w, https:\/\/archive.sana.sy\/tr\/wp-content\/uploads\/2015\/05\/Bassitte-Ele-Ge\u00e7irilen-Uyu\u015fturucu-Maddeler-3-1024x940.jpg 1024w\" sizes=\"auto, (max-width: 150px) 100vw, 150px\" \/><\/a>\n\t\t\t<\/div><\/figure><figure class='gallery-item'>\n\t\t\t<div class='gallery-icon landscape'>\n\t\t\t\t<a href='https:\/\/archive.sana.sy\/tr\/wp-content\/uploads\/2015\/05\/Bassitte-Ele-Ge\u00e7irilen-Uyu\u015fturucu-Maddeler-2.jpg'><img loading=\"lazy\" decoding=\"async\" width=\"150\" height=\"111\" src=\"https:\/\/archive.sana.sy\/tr\/wp-content\/uploads\/2015\/05\/Bassitte-Ele-Ge\u00e7irilen-Uyu\u015fturucu-Maddeler-2-150x111.jpg\" class=\"attachment-thumbnail size-thumbnail\" alt=\"\" srcset=\"https:\/\/archive.sana.sy\/tr\/wp-content\/uploads\/2015\/05\/Bassitte-Ele-Ge\u00e7irilen-Uyu\u015fturucu-Maddeler-2-150x111.jpg 150w, https:\/\/archive.sana.sy\/tr\/wp-content\/uploads\/2015\/05\/Bassitte-Ele-Ge\u00e7irilen-Uyu\u015fturucu-Maddeler-2-300x223.jpg 300w, https:\/\/archive.sana.sy\/tr\/wp-content\/uploads\/2015\/05\/Bassitte-Ele-Ge\u00e7irilen-Uyu\u015fturucu-Maddeler-2-1024x759.jpg 1024w\" sizes=\"auto, (max-width: 150px) 100vw, 150px\" \/><\/a>\n\t\t\t<\/div><\/figure><figure class='gallery-item'>\n\t\t\t<div class='gallery-icon landscape'>\n\t\t\t\t<a href='https:\/\/archive.sana.sy\/tr\/wp-content\/uploads\/2015\/05\/Bassitte-Ele-Ge\u00e7irilen-Uyu\u015fturucu-Maddeler-1.jpg'><img loading=\"lazy\" decoding=\"async\" width=\"150\" height=\"84\" src=\"https:\/\/archive.sana.sy\/tr\/wp-content\/uploads\/2015\/05\/Bassitte-Ele-Ge\u00e7irilen-Uyu\u015fturucu-Maddeler-1-150x84.jpg\" class=\"attachment-thumbnail size-thumbnail\" alt=\"\" srcset=\"https:\/\/archive.sana.sy\/tr\/wp-content\/uploads\/2015\/05\/Bassitte-Ele-Ge\u00e7irilen-Uyu\u015fturucu-Maddeler-1-150x84.jpg 150w, https:\/\/archive.sana.sy\/tr\/wp-content\/uploads\/2015\/05\/Bassitte-Ele-Ge\u00e7irilen-Uyu\u015fturucu-Maddeler-1-300x169.jpg 300w, https:\/\/archive.sana.sy\/tr\/wp-content\/uploads\/2015\/05\/Bassitte-Ele-Ge\u00e7irilen-Uyu\u015fturucu-Maddeler-1-1024x576.jpg 1024w\" sizes=\"auto, (max-width: 150px) 100vw, 150px\" \/><\/a>\n\t\t\t<\/div><\/figure><figure class='gallery-item'>\n\t\t\t<div class='gallery-icon landscape'>\n\t\t\t\t<a href='https:\/\/archive.sana.sy\/tr\/wp-content\/uploads\/2015\/05\/Bassitte-Ele-Ge\u00e7irilen-Uyu\u015fturucu-Maddeler.jpg'><img loading=\"lazy\" decoding=\"async\" width=\"150\" height=\"84\" src=\"https:\/\/archive.sana.sy\/tr\/wp-content\/uploads\/2015\/05\/Bassitte-Ele-Ge\u00e7irilen-Uyu\u015fturucu-Maddeler-150x84.jpg\" class=\"attachment-thumbnail size-thumbnail\" alt=\"\" srcset=\"https:\/\/archive.sana.sy\/tr\/wp-content\/uploads\/2015\/05\/Bassitte-Ele-Ge\u00e7irilen-Uyu\u015fturucu-Maddeler-150x84.jpg 150w, https:\/\/archive.sana.sy\/tr\/wp-content\/uploads\/2015\/05\/Bassitte-Ele-Ge\u00e7irilen-Uyu\u015fturucu-Maddeler-300x169.jpg 300w, https:\/\/archive.sana.sy\/tr\/wp-content\/uploads\/2015\/05\/Bassitte-Ele-Ge\u00e7irilen-Uyu\u015fturucu-Maddeler-1024x576.jpg 1024w\" sizes=\"auto, (max-width: 150px) 100vw, 150px\" \/><\/a>\n\t\t\t<\/div><\/figure>\n\t\t<\/div>\n\n<p>S.\u015e<\/p>\n","protected":false},"excerpt":{"rendered":"<p>LAZK\u0130YE \u2013 Limanlar Genel M\u00fcd\u00fcrl\u00fc\u011f\u00fc devriyeleri d\u00fcn Lazkiye sahilinde T\u00fcrkiye s\u0131n\u0131rlar\u0131na yak\u0131n Bassit B\u00f6lgesi sahillerinde deniz sular\u0131nda y\u00fczen \u00e7antalara konulmu\u015f yakla\u015f\u0131k 2 bin kg uyu\u015fturucu madde ele ge\u00e7irdi. Limanlar Genel M\u00fcd\u00fcr\u00fc Meysem el Yusuf SANA muhabirine bug\u00fcn yapt\u0131\u011f\u0131 a\u00e7\u0131klamada; Bassit b\u00f6lgesinde m\u00fcd\u00fcrl\u00fc\u011fe ba\u011fl\u0131 devriyenin d\u00fcn ak\u015fam sahil yak\u0131nlar\u0131nda su \u00fcst\u00fcnde y\u00fczen deri \u00e7antalar\u0131n bulundu\u011funu fark &hellip;<\/p>\n","protected":false},"author":1,"featured_media":33520,"comment_status":"closed","ping_status":"closed","sticky":false,"template":"","format":"standard","meta":{"footnotes":""},"categories":[485,596,486,479,575,2554,2555,478],"tags":[14593],"class_list":["post-33526","post","type-post","status-publish","format-standard","has-post-thumbnail","","category-is-ve-sermaye","category-fotografli-raporlar","category-haberler-is-ve-sermaye","category-haberler-yerel","category-olaylar-ve-gercekler","category-suriye-ve-dunya","category-suriye-ve-turkiye","category-yerel","tag-el-bassit-bolgesinde-2-ton-uyusturucu-madde-ele-gecirildi"],"_links":{"self":[{"href":"https:\/\/archive.sana.sy\/tr\/index.php?rest_route=\/wp\/v2\/posts\/33526","targetHints":{"allow":["GET"]}}],"collection":[{"href":"https:\/\/archive.sana.sy\/tr\/index.php?rest_route=\/wp\/v2\/posts"}],"about":[{"href":"https:\/\/archive.sana.sy\/tr\/index.php?rest_route=\/wp\/v2\/types\/post"}],"author":[{"embeddable":true,"href":"https:\/\/archive.sana.sy\/tr\/index.php?rest_route=\/wp\/v2\/users\/1"}],"replies":[{"embeddable":true,"href":"https:\/\/archive.sana.sy\/tr\/index.php?rest_route=%2Fwp%2Fv2%2Fcomments&post=33526"}],"version-history":[{"count":0,"href":"https:\/\/archive.sana.sy\/tr\/index.php?rest_route=\/wp\/v2\/posts\/33526\/revisions"}],"wp:featuredmedia":[{"embeddable":true,"href":"https:\/\/archive.sana.sy\/tr\/index.php?rest_route=\/wp\/v2\/media\/33520"}],"wp:attachment":[{"href":"https:\/\/archive.sana.sy\/tr\/index.php?rest_route=%2Fwp%2Fv2%2Fmedia&parent=33526"}],"wp:term":[{"taxonomy":"category","embeddable":true,"href":"https:\/\/archive.sana.sy\/tr\/index.php?rest_route=%2Fwp%2Fv2%2Fcategories&post=33526"},{"taxonomy":"post_tag","embeddable":true,"href":"https:\/\/archive.sana.sy\/tr\/index.php?rest_route=%2Fwp%2Fv2%2Ftags&post=33526"}],"curies":[{"name":"wp","href":"https:\/\/api.w.org\/{rel}","templated":true}]}}