{"id":33534,"date":"2015-05-16T21:10:46","date_gmt":"2015-05-16T18:10:46","guid":{"rendered":"http:\/\/sana.sy\/tr\/?p=33534"},"modified":"2015-05-17T14:58:24","modified_gmt":"2015-05-17T11:58:24","slug":"sizma-girisimleri-cokertiliyor-onlarca-terorist-olduruluyor","status":"publish","type":"post","link":"https:\/\/archive.sana.sy\/tr\/?p=33534","title":{"rendered":"S\u0131zma Giri\u015fimleri \u00c7\u00f6kertiliyor, Onlarca Ter\u00f6rist \u00d6ld\u00fcr\u00fcl\u00fcyor"},"content":{"rendered":"<p>\u0130LLER: D\u0131\u015f g\u00fc\u00e7ler taraf\u0131ndan destekli tekfiri ter\u00f6r \u00e7etelerinin a\u011f\u0131r kay\u0131plar\u0131 b\u00fct\u00fcn cephelerde s\u00fcr\u00fcyor.<\/p>\n<p><span style=\"color: #0000ff\">\u015eAM :<\/span><\/p>\n<p>SANA muhabiri; ordu birliklerimizin \u015eam k\u0131rsal\u0131n\u0131n Duma Kasabas\u0131 civar\u0131nda yer alan Tel Kurdi \u00e7iftliklerinde ter\u00f6ristlerin yuva ve k\u00fcmelenme yerlerine kar\u015f\u0131 d\u00fczenlenen nitelikli operasyonlar\u0131 s\u00fcrd\u00fcrerek aralar\u0131nda Libyal\u0131lar\u0131n da bulundu\u011fu \u00e7ok say\u0131da ter\u00f6risti \u00f6ld\u00fcrd\u00fc\u011f\u00fcn\u00fc ifade etti.<\/p>\n<p>Muhabir; \u015eam K\u0131rsal\u0131n\u0131n, Ayn Terma, Covbar Semti, Zemelka ve Erbin b\u00f6lgelerinde ise ordu birliklerimizin ter\u00f6r \u00f6rg\u00fctlerine ait siper ve karargahlar\u0131 hedef alarak ter\u00f6r saflar\u0131na a\u011f\u0131r kay\u0131plar verdirdiklerini belirtti.<\/p>\n<p>Harasta\u2019n\u0131n Kuzey \u00e7iftliklerinde ordu birliklerimizin ter\u00f6r grubuyla \u00e7at\u0131\u015fmaya girdiklerini aktaran muhabirimiz;silahl\u0131 ter\u00f6r gruplar\u0131n t\u00fcm \u00fcyelerini \u00f6l\u00fc ve yaral\u0131 d\u00fc\u015f\u00fcr\u00fcp uzaktan patlatmak \u00fczere haz\u0131rlanm\u0131\u015f ve \u00e7iftlik yollar\u0131na yerle\u015ftirilen bir\u00e7ok bomba d\u00fczene\u011fini etkisiz hale getirdiklerini s\u00f6zlerine ekledi.<\/p>\n<p>Di\u011fer yandan ordu birliklerimiz Ne\u015f\u015fabiye B\u00f6lgesinde bir arac\u0131 ta\u015f\u0131d\u0131\u011f\u0131 ter\u00f6rist ve cephaneyle birlikte imha etmelerine e\u015f zamanl\u0131 olarak Zebadani B\u00f6lgesinde ter\u00f6r \u00f6rg\u00fctlerinin \u00fcyelerini takip etmeyi s\u00fcrd\u00fcr\u00fcp \u00e7ok say\u0131da ter\u00f6risti \u00f6l\u00fc ve yaral\u0131 d\u00fc\u015f\u00fcrd\u00fcler.<\/p>\n<p><span style=\"color: #0000ff\">S\u00dcVEYDA:<\/span><\/p>\n<p>Askeri kaynak, ordu birliklerimizin S\u00fcveyda kuzeydo\u011fu k\u0131rsal\u0131 Badiye taraflar\u0131ndaki Tel Asfar\u2019a y\u00f6nelik bir ter\u00f6r grubunun s\u0131zma giri\u015fimini \u00e7\u00f6kerttiklerini s\u00f6yledi.<\/p>\n<p>Kaynak SANA\u2019ya a\u00e7\u0131klamas\u0131nda, S\u00fcveyda kentinden 45 km uzakl\u0131kta bulunan el Tell \u00e7evresinde ya\u015fanan \u00e7at\u0131\u015fmada ter\u00f6rist grubun t\u00fcm elemanlar\u0131n\u0131n \u00f6l\u00fc ve yaral\u0131 d\u00fc\u015f\u00fcr\u00fcld\u00fc\u011f\u00fcn\u00fc s\u00f6yledi.<\/p>\n<p>Askeri kaynak; ordu birliklerimizin S\u00fcveyda k\u0131rsal\u0131n\u0131n bat\u0131s\u0131nda Dama Beldesinin civar\u0131nda, a\u011f\u0131r makineli silahlarla donat\u0131lm\u0131\u015f bir ter\u00f6r bir grubunu bertaraf ederek havzalar\u0131nda bulunan bir\u00e7ok arac\u0131 da imha ettiklerini s\u00f6yledi.<\/p>\n<p><span style=\"color: #0000ff\">HOMS:<\/span><\/p>\n<p>Askeri kaynak, ordu birliklerimizin Homs k\u0131rsal\u0131 Furuklos y\u00f6n\u00fcndeki Um el Tebabir K\u00f6y\u00fc\u2019n\u00fcn kuzey do\u011fusunda yer alan Ebla Gaz hatt\u0131na sald\u0131r\u0131 giri\u015fiminde bulunan I\u015e\u0130D ter\u00f6r \u00f6rg\u00fct\u00fcnde \u00e7ok say\u0131da ter\u00f6risti \u00f6ld\u00fcrd\u00fcklerini belirtti.<\/p>\n<p>Ordu birliklerimizin Tedmur k\u0131rsal\u0131 Arak Petrol Platformunun civar\u0131, 3. \u0130stasyon ve \u00c7iftlikler B\u00f6lgesinde I\u015e\u0130D tekfircileriyle \u015fiddetli \u00e7at\u0131\u015fmalara girdiklerini s\u00f6yleyen kaynak; I\u015e\u0130D \u00f6rg\u00fct\u00fcnden b\u00fcy\u00fck say\u0131da ter\u00f6risti \u00f6ld\u00fcrd\u00fcklerini s\u00f6zlerine ekledi.<\/p>\n<p>Ordu birliklerimiz Tedmur k\u0131rsal\u0131 \u015eair Da\u011f\u0131 y\u00f6n\u00fcne d\u00fc\u015fen Karat el Tavahin B\u00f6lgesinde ter\u00f6ristlere ait a\u011f\u0131r makineli silahla donat\u0131lm\u0131\u015f bir arac\u0131 muhtevalar\u0131yla birlikte imha etti.<\/p>\n<p>Homs k\u0131rsal\u0131n\u0131n do\u011fusu Kuzey M\u015feyrfe, Um Sahric, Mesada ve Racm el Kasr k\u00f6ylerinde ise \u00e7ok say\u0131da ter\u00f6risti \u00f6l\u00fc ve yaral\u0131 d\u00fc\u015f\u00fcren ordu birliklerimiz silah ve m\u00fchimmat\u0131n\u0131 da imha etti.<\/p>\n<p>Bu arada ordu birliklerimiz Homs k\u0131rsal\u0131n\u0131n kuzeyi Resten Kasabas\u0131nda Nusra Cephesinin yuva ve siperlerini hedef alarak y\u00fcksek say\u0131da ter\u00f6risti \u00f6l\u00fc ve yaral\u0131 d\u00fc\u015f\u00fcrd\u00fc.<\/p>\n<p>Homs k\u0131rsal\u0131n\u0131n do\u011fusu Arak, Cezl ve Hil petrol platformlar\u0131n\u0131n \u00e7evrelerine ilaveten el Duvr Barikat\u0131 civar\u0131nda da hava g\u00fc\u00e7lerimiz I\u015e\u0130D \u00e7etelerinden onlarca ter\u00f6risti cephane ve silahlar\u0131yla birlikte etkisizle\u015ftirdi.<\/p>\n<p>Ayr\u0131ca ordu birliklerimiz Tedmur\u2019un do\u011fusundaki 3. \u0130stasyonda I\u015e\u0130D\u2019ten ter\u00f6r gruplar\u0131n\u0131n s\u0131zma giri\u015fimlerini \u00e7\u00f6kerterek 5 z\u0131rhl\u0131 arac\u0131 imha edip yabanc\u0131 uyruklu onlarca ter\u00f6risti \u00f6ld\u00fcrd\u00fc.<\/p>\n<p><span style=\"color: #0000ff\">KUNAYTRA:<\/span><\/p>\n<p>Askeri kaynak ordu birliklerimizin Tel Meshara\u2019n\u0131n g\u00fcneyinde Nusra Cephesi \u015femsiyesi alt\u0131nda olan, aralar\u0131nda s\u00f6zde Ahrarul \u015eam \u0130slami Hareketi ve el Furkan Alaylar\u0131 adl\u0131 ter\u00f6r \u00f6rg\u00fctlerinin bulundu\u011fu tekfiri ter\u00f6r \u00f6rg\u00fctleri yuvalar\u0131na y\u00f6nelik ba\u015far\u0131l\u0131 operasyonlar d\u00fczenlediklerini s\u00f6yledi.<\/p>\n<p>Kaynak, operasyon sonucunda \u00e7ok say\u0131da ter\u00f6ristin \u00f6l\u00fc d\u00fc\u015f\u00fcr\u00fcld\u00fc\u011f\u00fcn\u00fc, a\u011f\u0131r taramal\u0131 silahla donat\u0131lm\u0131\u015f bir ara\u00e7lar\u0131n\u0131 da imha ettiklerini belirtti.<\/p>\n<p>Bu esnada tekfiri ter\u00f6r \u00f6rg\u00fctleri sosyal payla\u015f\u0131m sitelerinde, Kunaytra\u2019da s\u00f6zde birinci orduya tabi As\u2019ad el Golani adl\u0131 ter\u00f6ristin bulundu\u011fu bir \u00e7ok elemanlar\u0131n\u0131n \u00f6ld\u00fc\u011f\u00fcn\u00fc itiraf etti.<\/p>\n<p><span style=\"color: #0000ff\">DERA:<\/span><\/p>\n<p>Askeri kaynak, ordu birliklerimizin Dera Kenti kuzeyindeki Dael Beldesinde izlenen bir ter\u00f6rist gruba y\u00f6nelik d\u00fczenledikleri nitelikli operasyon sonucunda, \u00e7ok say\u0131da ter\u00f6ristin \u00f6l\u00fc ve yaral\u0131 d\u00fc\u015f\u00fcr\u00fcld\u00fcklerini, ellerindeki silah ve cephanenin de imha edildi\u011fini ifade etti.<\/p>\n<p>Bu arada tekfiri ter\u00f6r \u00f6rg\u00fctleri sosyal payla\u015f\u0131m sitelerinde, aralar\u0131nda At\u0131f el Cibavi, Ali el Mhasine, Bessam el Hariri ve \u0130mad el Hasan\u2019\u0131n bulundu\u011fu \u00e7ok say\u0131da ter\u00f6ristin \u00f6ld\u00fc\u011f\u00fcn\u00fc ve a\u011f\u0131r darbelere maruz kald\u0131klar\u0131n\u0131 itiraf ettiler.<\/p>\n<p>Ordu birliklerimizin Dera Beled\u2019in Kerk Semti ve Becabica Mahallesinde ter\u00f6ristlerin yuva ve karargahlar\u0131na kar\u015f\u0131 nitelikli operasyonlar\u0131n\u0131 s\u00fcrd\u00fcrd\u00fcklerini aktaran kaynak; bir\u00e7ok ter\u00f6risti \u00f6l\u00fc ve yaral\u0131 d\u00fc\u015f\u00fcr\u00fcp havzalar\u0131nda bulunan silah ve m\u00fchimmat\u0131 imha ettiklerine dikkat \u00e7ekti.<\/p>\n<p>Ordu birliklerimiz Sanameyn B\u00f6lgesi Su Kaynaklar\u0131 ve Tel Katibe B\u00f6lgesindeki askeri nokta\u2019ya y\u00f6nelik Nusra Cephesinin s\u0131zma giri\u015fimlerini \u00e7\u00f6kertti.<\/p>\n<p>Dera k\u0131rsal\u0131nda Faki askeri barikat\u0131na sald\u0131ran tekfircilere kar\u015f\u0131 koyan ordu birliklerimiz sald\u0131rganlar\u0131n genelini ara\u00e7 ve silahlar\u0131yla etkisizle\u015ftirdi. (video)<\/p>\n<p>Birliklerimiz, Nusra Cephesi ter\u00f6ristlerinin kulland\u0131\u011f\u0131 birka\u00e7 z\u0131rhl\u0131 ara\u00e7 ile a\u011f\u0131r taramal\u0131 silahlar\u0131n monte edildi\u011fi ara\u00e7lar\u0131yla birlikte aralar\u0131nda 4 eleba\u015f\u0131n\u0131n bulundu\u011fu \u00e7ok say\u0131da ter\u00f6risti \u00f6ld\u00fcrd\u00fc.<\/p>\n<p>https:\/\/www.youtube.com\/watch?v=pSTug2kQAJQ<\/p>\n<p><span style=\"color: #0000ff\">HAMA :<\/span><\/p>\n<p>Askeri kaynak; ordu birliklerimizin Hama k\u0131rsal\u0131n\u0131n do\u011fusu Sabbura \u2013 Eseriye ekseninde ter\u00f6r gruplar\u0131n\u0131n s\u0131zma giri\u015fimlerini \u00e7\u00f6kertmeleri sonucunda \u00e7ok say\u0131da ter\u00f6risti \u00f6l\u00fc ve yaral\u0131 d\u00fc\u015f\u00fcrd\u00fcklerini ifade etti.<\/p>\n<p>Kaynak; Hama k\u0131rsal\u0131n\u0131n Latamina Beldesinde ise Nusra Cephesine ait yuva ve k\u00fcmelenme yerlerini hedef alan ordu birliklerimizin \u00e7ok say\u0131da ter\u00f6risti \u00f6l\u00fc ve yaral\u0131 d\u00fc\u015f\u00fcr\u00fcp ara\u00e7, cephane ve silahlar\u0131n\u0131 da imha ettiklerine dikkat \u00e7ekti.<\/p>\n<p><span style=\"color: #0000ff\">\u0130DL\u0130B :<\/span><\/p>\n<p>Askeri kaynak; ordu birliklerimizden \u00f6zel gruplar\u0131n \u0130dlib k\u0131rsal\u0131 Cebel el Arbain B\u00f6lgesinde ter\u00f6ristlerin mevkilerine bir dizi bombard\u0131man ger\u00e7ekle\u015ftirdiklerini ifade etti.<\/p>\n<p>Kaynak; kahraman birliklerimizin ter\u00f6r yuvalar\u0131na y\u00f6nelik d\u00fczenledikleri bombard\u0131man sonucunda Nusra Cephesine ait cephane ve silahlar\u0131ndan b\u00fcy\u00fck miktar\u0131 imha edilip \u00e7ok say\u0131da ter\u00f6ristin \u00f6l\u00fc ve yaral\u0131 d\u00fc\u015f\u00fcr\u00fcld\u00fc\u011f\u00fcn\u00fc belirtti.<\/p>\n<p>Ordu birliklerimiz \u0130dlib k\u0131rsal\u0131 Maar Tabia Beldesinde ter\u00f6ristlerin bir\u00e7ok mevkiini muhtevalar\u0131yla imha etti. Operasyonlarda 7 z\u0131rhl\u0131 arac\u0131n yan\u0131 s\u0131ra a\u011f\u0131r silahlarla donat\u0131lm\u0131\u015f bir\u00e7ok arac\u0131 imha edilirken onlarca ter\u00f6ristin \u00f6ld\u00fc\u011f\u00fc bildirildi.\u200f<\/p>\n<p style=\"text-align: center\"><strong><span style=\"color: #0000ff\">DERA:<\/span><\/strong><\/p>\n<div id='gallery-1' class='gallery galleryid-33534 gallery-columns-2 gallery-size-medium'><figure class='gallery-item'>\n\t\t\t<div class='gallery-icon landscape'>\n\t\t\t\t<a href='https:\/\/archive.sana.sy\/tr\/wp-content\/uploads\/2015\/05\/\u062d\u0627\u062c\u0632-\u0627\u0644\u0641\u0642\u064a\u0639.Still002.jpg'><img loading=\"lazy\" decoding=\"async\" width=\"300\" height=\"226\" src=\"https:\/\/archive.sana.sy\/tr\/wp-content\/uploads\/2015\/05\/\u062d\u0627\u062c\u0632-\u0627\u0644\u0641\u0642\u064a\u0639.Still002-300x226.jpg\" class=\"attachment-medium size-medium\" alt=\"\" srcset=\"https:\/\/archive.sana.sy\/tr\/wp-content\/uploads\/2015\/05\/\u062d\u0627\u062c\u0632-\u0627\u0644\u0641\u0642\u064a\u0639.Still002-300x226.jpg 300w, https:\/\/archive.sana.sy\/tr\/wp-content\/uploads\/2015\/05\/\u062d\u0627\u062c\u0632-\u0627\u0644\u0641\u0642\u064a\u0639.Still002-150x113.jpg 150w, https:\/\/archive.sana.sy\/tr\/wp-content\/uploads\/2015\/05\/\u062d\u0627\u062c\u0632-\u0627\u0644\u0641\u0642\u064a\u0639.Still002.jpg 720w\" sizes=\"auto, (max-width: 300px) 100vw, 300px\" \/><\/a>\n\t\t\t<\/div><\/figure><figure class='gallery-item'>\n\t\t\t<div class='gallery-icon landscape'>\n\t\t\t\t<a href='https:\/\/archive.sana.sy\/tr\/wp-content\/uploads\/2015\/05\/\u062d\u0627\u062c\u0632-\u0627\u0644\u0641\u0642\u064a\u0639.Still003.jpg'><img loading=\"lazy\" decoding=\"async\" width=\"300\" height=\"223\" src=\"https:\/\/archive.sana.sy\/tr\/wp-content\/uploads\/2015\/05\/\u062d\u0627\u062c\u0632-\u0627\u0644\u0641\u0642\u064a\u0639.Still003-300x223.jpg\" class=\"attachment-medium size-medium\" alt=\"\" srcset=\"https:\/\/archive.sana.sy\/tr\/wp-content\/uploads\/2015\/05\/\u062d\u0627\u062c\u0632-\u0627\u0644\u0641\u0642\u064a\u0639.Still003-300x223.jpg 300w, https:\/\/archive.sana.sy\/tr\/wp-content\/uploads\/2015\/05\/\u062d\u0627\u062c\u0632-\u0627\u0644\u0641\u0642\u064a\u0639.Still003-150x112.jpg 150w, https:\/\/archive.sana.sy\/tr\/wp-content\/uploads\/2015\/05\/\u062d\u0627\u062c\u0632-\u0627\u0644\u0641\u0642\u064a\u0639.Still003.jpg 698w\" sizes=\"auto, (max-width: 300px) 100vw, 300px\" \/><\/a>\n\t\t\t<\/div><\/figure><figure class='gallery-item'>\n\t\t\t<div class='gallery-icon landscape'>\n\t\t\t\t<a href='https:\/\/archive.sana.sy\/tr\/wp-content\/uploads\/2015\/05\/\u062d\u0627\u062c\u0632-\u0627\u0644\u0641\u0642\u064a\u0639.Still004.jpg'><img loading=\"lazy\" decoding=\"async\" width=\"300\" height=\"187\" src=\"https:\/\/archive.sana.sy\/tr\/wp-content\/uploads\/2015\/05\/\u062d\u0627\u062c\u0632-\u0627\u0644\u0641\u0642\u064a\u0639.Still004-300x187.jpg\" class=\"attachment-medium size-medium\" alt=\"\" srcset=\"https:\/\/archive.sana.sy\/tr\/wp-content\/uploads\/2015\/05\/\u062d\u0627\u062c\u0632-\u0627\u0644\u0641\u0642\u064a\u0639.Still004-300x187.jpg 300w, https:\/\/archive.sana.sy\/tr\/wp-content\/uploads\/2015\/05\/\u062d\u0627\u062c\u0632-\u0627\u0644\u0641\u0642\u064a\u0639.Still004-150x93.jpg 150w, https:\/\/archive.sana.sy\/tr\/wp-content\/uploads\/2015\/05\/\u062d\u0627\u062c\u0632-\u0627\u0644\u0641\u0642\u064a\u0639.Still004.jpg 636w\" sizes=\"auto, (max-width: 300px) 100vw, 300px\" \/><\/a>\n\t\t\t<\/div><\/figure><figure class='gallery-item'>\n\t\t\t<div class='gallery-icon landscape'>\n\t\t\t\t<a href='https:\/\/archive.sana.sy\/tr\/wp-content\/uploads\/2015\/05\/\u062d\u0627\u062c\u0632-\u0627\u0644\u0641\u0642\u064a\u0639.Still005.jpg'><img loading=\"lazy\" decoding=\"async\" width=\"300\" height=\"167\" src=\"https:\/\/archive.sana.sy\/tr\/wp-content\/uploads\/2015\/05\/\u062d\u0627\u062c\u0632-\u0627\u0644\u0641\u0642\u064a\u0639.Still005-300x167.jpg\" class=\"attachment-medium size-medium\" alt=\"\" srcset=\"https:\/\/archive.sana.sy\/tr\/wp-content\/uploads\/2015\/05\/\u062d\u0627\u062c\u0632-\u0627\u0644\u0641\u0642\u064a\u0639.Still005-300x167.jpg 300w, https:\/\/archive.sana.sy\/tr\/wp-content\/uploads\/2015\/05\/\u062d\u0627\u062c\u0632-\u0627\u0644\u0641\u0642\u064a\u0639.Still005-150x84.jpg 150w, https:\/\/archive.sana.sy\/tr\/wp-content\/uploads\/2015\/05\/\u062d\u0627\u062c\u0632-\u0627\u0644\u0641\u0642\u064a\u0639.Still005.jpg 630w\" sizes=\"auto, (max-width: 300px) 100vw, 300px\" \/><\/a>\n\t\t\t<\/div><\/figure>\n\t\t<\/div>\n\n<p>M.M. &#8211; S.\u015e. &#8211; A.A. &#8211; R.H.<\/p>\n","protected":false},"excerpt":{"rendered":"<p>\u0130LLER: D\u0131\u015f g\u00fc\u00e7ler taraf\u0131ndan destekli tekfiri ter\u00f6r \u00e7etelerinin a\u011f\u0131r kay\u0131plar\u0131 b\u00fct\u00fcn cephelerde s\u00fcr\u00fcyor. \u015eAM : SANA muhabiri; ordu birliklerimizin \u015eam k\u0131rsal\u0131n\u0131n Duma Kasabas\u0131 civar\u0131nda yer alan Tel Kurdi \u00e7iftliklerinde ter\u00f6ristlerin yuva ve k\u00fcmelenme yerlerine kar\u015f\u0131 d\u00fczenlenen nitelikli operasyonlar\u0131 s\u00fcrd\u00fcrerek aralar\u0131nda Libyal\u0131lar\u0131n da bulundu\u011fu \u00e7ok say\u0131da ter\u00f6risti \u00f6ld\u00fcrd\u00fc\u011f\u00fcn\u00fc ifade etti. Muhabir; \u015eam K\u0131rsal\u0131n\u0131n, Ayn Terma, Covbar &hellip;<\/p>\n","protected":false},"author":1,"featured_media":33545,"comment_status":"closed","ping_status":"closed","sticky":false,"template":"","format":"standard","meta":{"footnotes":""},"categories":[575],"tags":[14598,14597],"class_list":["post-33534","post","type-post","status-publish","format-standard","has-post-thumbnail","","category-olaylar-ve-gercekler","tag-onlarca-terorist-olduruluyor","tag-sizma-girisimleri-cokertiliyor"],"_links":{"self":[{"href":"https:\/\/archive.sana.sy\/tr\/index.php?rest_route=\/wp\/v2\/posts\/33534","targetHints":{"allow":["GET"]}}],"collection":[{"href":"https:\/\/archive.sana.sy\/tr\/index.php?rest_route=\/wp\/v2\/posts"}],"about":[{"href":"https:\/\/archive.sana.sy\/tr\/index.php?rest_route=\/wp\/v2\/types\/post"}],"author":[{"embeddable":true,"href":"https:\/\/archive.sana.sy\/tr\/index.php?rest_route=\/wp\/v2\/users\/1"}],"replies":[{"embeddable":true,"href":"https:\/\/archive.sana.sy\/tr\/index.php?rest_route=%2Fwp%2Fv2%2Fcomments&post=33534"}],"version-history":[{"count":0,"href":"https:\/\/archive.sana.sy\/tr\/index.php?rest_route=\/wp\/v2\/posts\/33534\/revisions"}],"wp:featuredmedia":[{"embeddable":true,"href":"https:\/\/archive.sana.sy\/tr\/index.php?rest_route=\/wp\/v2\/media\/33545"}],"wp:attachment":[{"href":"https:\/\/archive.sana.sy\/tr\/index.php?rest_route=%2Fwp%2Fv2%2Fmedia&parent=33534"}],"wp:term":[{"taxonomy":"category","embeddable":true,"href":"https:\/\/archive.sana.sy\/tr\/index.php?rest_route=%2Fwp%2Fv2%2Fcategories&post=33534"},{"taxonomy":"post_tag","embeddable":true,"href":"https:\/\/archive.sana.sy\/tr\/index.php?rest_route=%2Fwp%2Fv2%2Ftags&post=33534"}],"curies":[{"name":"wp","href":"https:\/\/api.w.org\/{rel}","templated":true}]}}