{"id":33567,"date":"2015-05-16T17:15:22","date_gmt":"2015-05-16T14:15:22","guid":{"rendered":"http:\/\/sana.sy\/tr\/?p=33567"},"modified":"2015-05-16T17:16:02","modified_gmt":"2015-05-16T14:16:02","slug":"teror-ceteleri-siyonist-cetelerin-yaptiklarini-tekrarliyor","status":"publish","type":"post","link":"https:\/\/archive.sana.sy\/tr\/?p=33567","title":{"rendered":"Ter\u00f6r \u00c7eteleri Siyonist \u00c7etelerin Yapt\u0131klar\u0131n\u0131 Tekrarl\u0131yor"},"content":{"rendered":"<p>\u015eAM \u2013 Uluslararas\u0131 Kud\u00fcs Suriye Kurumu y\u00f6netim kurulu Nekbe\u2019nin 67. Y\u0131ld\u00f6n\u00fcm\u00fc m\u00fcnasebetiyle bug\u00fcn \u015eam\u2019daki Dama Rose Otelde topland\u0131.<\/p>\n<p>Oturum kat\u0131l\u0131mc\u0131lar\u0131 Filistin davas\u0131n\u0131n her daim Suriye&#8217;nin merkezi davas\u0131 olarak kalaca\u011f\u0131n\u0131 belirtirken, Suriye&#8217;de muhtelif adland\u0131rmalar at\u0131ndaki radikal ve hain ter\u00f6r \u00f6rg\u00fctleri ile Siyonist \u0130srail&#8217;in rolleri aras\u0131ndaki b\u00fct\u00fcnle\u015fmeye vurgu yapt\u0131.<\/p>\n<p>Cumhurba\u015fkanl\u0131\u011f\u0131 Siyasi ve Bas\u0131n Dan\u0131\u015fman\u0131 Uluslararas\u0131 Kud\u00fcs Suriye Kurumu Y\u00f6netim kurulu ba\u015fkan\u0131 B\u00fcseyna \u015eaban; b\u00f6lgede ya\u015fanmakta olan olaylar\u0131n temel cevherinin Arap \u0130srail \u00e7at\u0131\u015fmas\u0131 oldu\u011funa \u0131\u015f\u0131k tuttu. \u015eaban Suriye&#8217;nin tarihte oldu\u011fu gibi her daim Filistin davas\u0131n\u0131 desteklemeye devam edece\u011fini s\u00f6yledi.<\/p>\n<p><a href=\"http:\/\/sana.sy\/tr\/wp-content\/uploads\/2015\/05\/\u015eaban1.jpg\"><img loading=\"lazy\" decoding=\"async\" class=\"alignright wp-image-33571 size-medium\" src=\"http:\/\/sana.sy\/tr\/wp-content\/uploads\/2015\/05\/\u015eaban1-300x160.jpg\" alt=\"\u015eaban\" width=\"300\" height=\"160\" srcset=\"https:\/\/archive.sana.sy\/tr\/wp-content\/uploads\/2015\/05\/\u015eaban1-300x160.jpg 300w, https:\/\/archive.sana.sy\/tr\/wp-content\/uploads\/2015\/05\/\u015eaban1-150x80.jpg 150w, https:\/\/archive.sana.sy\/tr\/wp-content\/uploads\/2015\/05\/\u015eaban1.jpg 620w\" sizes=\"auto, (max-width: 300px) 100vw, 300px\" \/><\/a>G\u00fcn\u00fcm\u00fczde evrensen bir ter\u00f6re kar\u015f\u0131 maruz kalan Suriye, Irak ve Yemen\u2019i desteklemenin b\u00f6lge halklar\u0131n\u0131 destekleme niteli\u011finde oldu\u011funu belirten \u015eaban; b\u00f6lge devletlerini hedef alan bu planlar\u0131n arkas\u0131ndaki hedeflere dikkat \u00e7ekti. \u015eaban yeni \u2018nekbelerin\u2019 olmamas\u0131 i\u00e7in b\u00f6lge halklar\u0131n\u0131 Filistinlileri topraklar\u0131ndan ve t\u00fcm me\u015fru haklar\u0131ndan meneden nekbenin y\u0131l d\u00f6n\u00fcm\u00fcn\u00fc unutulmayacak \u015fekilde anmaya davet etti.<\/p>\n<p>B\u00f6lge halklar\u0131n\u0131 birlik beraberli\u011fe \u00e7a\u011f\u0131ran \u015eaban; ter\u00f6r ve radikalli\u011fe, siyonist ve s\u00f6m\u00fcr\u00fcc\u00fc planlara kar\u015f\u0131 saf birli\u011finin \u00f6nemini belirtti.<\/p>\n<p>\u015eaban \u0130srail&#8217;in 1945 y\u0131l\u0131nda Filistin topraklar\u0131nda Filistin halk\u0131na y\u00f6nelik katliam ve tehcir politikas\u0131n\u0131n ayn\u0131s\u0131n\u0131n g\u00fcn\u00fcm\u00fczde kimi devletler taraf\u0131ndan desteklenen ter\u00f6r \u00e7eteleri taraf\u0131ndan t\u0131pat\u0131p izlendi\u011finin alt\u0131n\u0131 \u00e7izdi. Muhtelif adland\u0131rmalar alt\u0131ndaki tekfirci ve vatan hainlerinden ibaret bu ter\u00f6r \u00e7etelerinin Suriye ve Irak\u2019ta y\u00fcz binlerce aileyi topraklar\u0131ndan ve evlerinden tehcir ettiklerini belirten \u015eaban; k\u00fclt\u00fcrel miras ve zenginliklerin yan\u0131 s\u0131ra kutsall\u0131klar\u0131n\u0131 da kas\u0131tl\u0131 bir \u015fekilde sabote etmeye \u00e7al\u0131\u015ft\u0131klar\u0131na dikkat \u00e7ekti.<\/p>\n<p>\u015eaban Bat\u0131l\u0131 planlar kapsam\u0131nda y\u00fcr\u00fct\u00fclen bu insanl\u0131k d\u0131\u015f\u0131 vah\u015fetlerde b\u00f6lgesel kimi devletlerin edat olarak kullan\u0131lmalar\u0131n\u0131n yan\u0131 s\u0131ra bu devletleri y\u00f6neten rejimler ve yanda\u015f medyalar\u0131n\u0131n Suriye&#8217;deki olaylar\u0131 \u00e7arp\u0131tmalar\u0131 ve ter\u00f6r\u00fc desteklemelerinin de b\u00f6lge halklar\u0131n\u0131 ciddi bir tehlikeyle kar\u015f\u0131 kar\u015f\u0131ya b\u0131rakt\u0131\u011f\u0131n\u0131 s\u00f6yledi.<\/p>\n<p>Bu arada Siyonist \u0130srail 15 May\u0131s 1948 y\u0131l\u0131nda d\u00f6nemin i\u015fgalci \u0130ngiliz otoriteleri ile i\u015fbirli\u011fi i\u00e7inde ter\u00f6r \u00e7eteleri te\u015fkil edip silahland\u0131rmalar\u0131 ard\u0131ndan, masum ve silahs\u0131z Filistinli k\u00f6y ve beldelere sald\u0131rd\u0131. Sald\u0131r\u0131larda geneli \u00e7ocuk, ya\u015fl\u0131 ve kad\u0131nlardan binlerce Filistinli\u011fi katletmeleri, evlerini m\u00fclklerini gasp edip ya\u011fmalamalar\u0131yla birlikte d\u00fcnyan\u0131n muhtelif b\u00f6lgelerinden toplad\u0131klar\u0131 siyonist yerle\u015fimcilere vermeleri ard\u0131ndan y\u00fcz binlerce Filistinli kom\u015fu devletlere ka\u00e7mak zorunda kald\u0131. Filistin tarihinde t\u00fcm bu olaylar \u2018nekbe\u2019 ad\u0131yla biliniyor.<\/p>\n<p>A.A. &#8211; M.M.<\/p>\n","protected":false},"excerpt":{"rendered":"<p>\u015eAM \u2013 Uluslararas\u0131 Kud\u00fcs Suriye Kurumu y\u00f6netim kurulu Nekbe\u2019nin 67. Y\u0131ld\u00f6n\u00fcm\u00fc m\u00fcnasebetiyle bug\u00fcn \u015eam\u2019daki Dama Rose Otelde topland\u0131. Oturum kat\u0131l\u0131mc\u0131lar\u0131 Filistin davas\u0131n\u0131n her daim Suriye&#8217;nin merkezi davas\u0131 olarak kalaca\u011f\u0131n\u0131 belirtirken, Suriye&#8217;de muhtelif adland\u0131rmalar at\u0131ndaki radikal ve hain ter\u00f6r \u00f6rg\u00fctleri ile Siyonist \u0130srail&#8217;in rolleri aras\u0131ndaki b\u00fct\u00fcnle\u015fmeye vurgu yapt\u0131. Cumhurba\u015fkanl\u0131\u011f\u0131 Siyasi ve Bas\u0131n Dan\u0131\u015fman\u0131 Uluslararas\u0131 Kud\u00fcs Suriye &hellip;<\/p>\n","protected":false},"author":1,"featured_media":33568,"comment_status":"closed","ping_status":"closed","sticky":false,"template":"","format":"standard","meta":{"footnotes":""},"categories":[479,447,478],"tags":[14604],"class_list":["post-33567","post","type-post","status-publish","format-standard","has-post-thumbnail","","category-haberler-yerel","category-politika","category-yerel","tag-teror-ceteleri-siyonist-cetelerin-yaptiklarini-tekrarliyor"],"_links":{"self":[{"href":"https:\/\/archive.sana.sy\/tr\/index.php?rest_route=\/wp\/v2\/posts\/33567","targetHints":{"allow":["GET"]}}],"collection":[{"href":"https:\/\/archive.sana.sy\/tr\/index.php?rest_route=\/wp\/v2\/posts"}],"about":[{"href":"https:\/\/archive.sana.sy\/tr\/index.php?rest_route=\/wp\/v2\/types\/post"}],"author":[{"embeddable":true,"href":"https:\/\/archive.sana.sy\/tr\/index.php?rest_route=\/wp\/v2\/users\/1"}],"replies":[{"embeddable":true,"href":"https:\/\/archive.sana.sy\/tr\/index.php?rest_route=%2Fwp%2Fv2%2Fcomments&post=33567"}],"version-history":[{"count":0,"href":"https:\/\/archive.sana.sy\/tr\/index.php?rest_route=\/wp\/v2\/posts\/33567\/revisions"}],"wp:featuredmedia":[{"embeddable":true,"href":"https:\/\/archive.sana.sy\/tr\/index.php?rest_route=\/wp\/v2\/media\/33568"}],"wp:attachment":[{"href":"https:\/\/archive.sana.sy\/tr\/index.php?rest_route=%2Fwp%2Fv2%2Fmedia&parent=33567"}],"wp:term":[{"taxonomy":"category","embeddable":true,"href":"https:\/\/archive.sana.sy\/tr\/index.php?rest_route=%2Fwp%2Fv2%2Fcategories&post=33567"},{"taxonomy":"post_tag","embeddable":true,"href":"https:\/\/archive.sana.sy\/tr\/index.php?rest_route=%2Fwp%2Fv2%2Ftags&post=33567"}],"curies":[{"name":"wp","href":"https:\/\/api.w.org\/{rel}","templated":true}]}}