{"id":33573,"date":"2015-05-16T17:23:10","date_gmt":"2015-05-16T14:23:10","guid":{"rendered":"http:\/\/sana.sy\/tr\/?p=33573"},"modified":"2015-05-16T17:23:10","modified_gmt":"2015-05-16T14:23:10","slug":"homsta-facia-onlendi","status":"publish","type":"post","link":"https:\/\/archive.sana.sy\/tr\/?p=33573","title":{"rendered":"Homs\u2019ta Facia \u00d6nlendi"},"content":{"rendered":"<p>HOMS \u2013 Vatan koruyucular\u0131m\u0131za tabi bomba uzmanlar\u0131 bug\u00fcn Homs Kentinin Ermen Semtinde park halinde bulunan bombal\u0131 bir arac\u0131 etkisiz hale getirdi.<\/p>\n<p>Homs Valili\u011finde bir kaynak, semt ahalisinin semtlerinde park halinde \u015f\u00fcpheli bir arac\u0131 bildirmeleri ard\u0131ndan bomba uzmanlar\u0131n\u0131n derhal harekete ge\u00e7tiklerini s\u00f6yledi. Kaynak 120 kg \u015fiddetli etkiye sahip C \u2013 4\u2019a ilaveten 150 kg muhtelif t\u00fcr patlay\u0131c\u0131yla havaya u\u00e7urulmak \u00fczere haz\u0131rlanm\u0131\u015f arac\u0131n uzman ekipler taraf\u0131ndan ba\u015far\u0131yla etkisizle\u015ftirildi\u011fini aktard\u0131. Arac\u0131n karma\u015f\u0131k bir elektronik devreyle uzaktan patlat\u0131lmak \u00fczere haz\u0131rlanm\u0131\u015f oldu\u011funa dikkat \u00e7eken kaynak; arac\u0131 haz\u0131rlay\u0131p parkeden ter\u00f6ristler hakk\u0131nda soru\u015fturman\u0131n ba\u015flat\u0131ld\u0131\u011f\u0131n\u0131 s\u00f6zlerine ekledi.<\/p>\n<p>Bu arada ter\u00f6r \u00e7eteleri Homs Kentinin muhtelif sivil yerle\u015fim alanlar\u0131nda ger\u00e7ekle\u015ftirdikleri bombal\u0131 ter\u00f6r eylemleriyle geneli \u00e7ocuk ve kad\u0131nlardan olu\u015fan y\u00fcksek say\u0131da vatanda\u015f\u0131n \u015fehit ve yaral\u0131 d\u00fc\u015fmelerine yol a\u00e7m\u0131\u015flard\u0131.<\/p>\n<p>A.A. &#8211; M.M.<\/p>\n","protected":false},"excerpt":{"rendered":"<p>HOMS \u2013 Vatan koruyucular\u0131m\u0131za tabi bomba uzmanlar\u0131 bug\u00fcn Homs Kentinin Ermen Semtinde park halinde bulunan bombal\u0131 bir arac\u0131 etkisiz hale getirdi. Homs Valili\u011finde bir kaynak, semt ahalisinin semtlerinde park halinde \u015f\u00fcpheli bir arac\u0131 bildirmeleri ard\u0131ndan bomba uzmanlar\u0131n\u0131n derhal harekete ge\u00e7tiklerini s\u00f6yledi. Kaynak 120 kg \u015fiddetli etkiye sahip C \u2013 4\u2019a ilaveten 150 kg muhtelif t\u00fcr &hellip;<\/p>\n","protected":false},"author":1,"featured_media":33574,"comment_status":"closed","ping_status":"closed","sticky":false,"template":"","format":"standard","meta":{"footnotes":""},"categories":[479,575,478],"tags":[14606,14605],"class_list":["post-33573","post","type-post","status-publish","format-standard","has-post-thumbnail","","category-haberler-yerel","category-olaylar-ve-gercekler","category-yerel","tag-homs-vatan-koruyucularimiza-tabi-bomba-uzmanlari-bugun-homs-kentinin-ermen-semtinde-park-halinde-bulunan-bombali-bir-araci-etkisiz-hale-getirdi","tag-homsta-facia-onlendi"],"_links":{"self":[{"href":"https:\/\/archive.sana.sy\/tr\/index.php?rest_route=\/wp\/v2\/posts\/33573","targetHints":{"allow":["GET"]}}],"collection":[{"href":"https:\/\/archive.sana.sy\/tr\/index.php?rest_route=\/wp\/v2\/posts"}],"about":[{"href":"https:\/\/archive.sana.sy\/tr\/index.php?rest_route=\/wp\/v2\/types\/post"}],"author":[{"embeddable":true,"href":"https:\/\/archive.sana.sy\/tr\/index.php?rest_route=\/wp\/v2\/users\/1"}],"replies":[{"embeddable":true,"href":"https:\/\/archive.sana.sy\/tr\/index.php?rest_route=%2Fwp%2Fv2%2Fcomments&post=33573"}],"version-history":[{"count":0,"href":"https:\/\/archive.sana.sy\/tr\/index.php?rest_route=\/wp\/v2\/posts\/33573\/revisions"}],"wp:featuredmedia":[{"embeddable":true,"href":"https:\/\/archive.sana.sy\/tr\/index.php?rest_route=\/wp\/v2\/media\/33574"}],"wp:attachment":[{"href":"https:\/\/archive.sana.sy\/tr\/index.php?rest_route=%2Fwp%2Fv2%2Fmedia&parent=33573"}],"wp:term":[{"taxonomy":"category","embeddable":true,"href":"https:\/\/archive.sana.sy\/tr\/index.php?rest_route=%2Fwp%2Fv2%2Fcategories&post=33573"},{"taxonomy":"post_tag","embeddable":true,"href":"https:\/\/archive.sana.sy\/tr\/index.php?rest_route=%2Fwp%2Fv2%2Ftags&post=33573"}],"curies":[{"name":"wp","href":"https:\/\/api.w.org\/{rel}","templated":true}]}}