{"id":33577,"date":"2015-05-16T20:45:17","date_gmt":"2015-05-16T17:45:17","guid":{"rendered":"http:\/\/sana.sy\/tr\/?p=33577"},"modified":"2015-05-16T20:45:17","modified_gmt":"2015-05-16T17:45:17","slug":"98-kanun-kacagi-silahlariyla-teslim-oldu","status":"publish","type":"post","link":"https:\/\/archive.sana.sy\/tr\/?p=33577","title":{"rendered":"98 Kanun Ka\u00e7a\u011f\u0131 Silahlar\u0131yla Teslim Oldu"},"content":{"rendered":"<p>\u015eAM \u2013 \u015eam ve \u015eam k\u0131rsal\u0131n\u0131n muhtelif b\u00f6lgelerinden bug\u00fcn 98 kanun ka\u00e7a\u011f\u0131 silahlar\u0131yla birlikte g\u00fcvenlik kurumlar\u0131na teslim oldu.<\/p>\n<p>Ulusal uzla\u015fma \u00e7abalar\u0131 kapsam\u0131nda teslim olan kanun ka\u00e7aklar\u0131, vatana kar\u015f\u0131 ter\u00f6r saflar\u0131nda yer almaktan duyduklar\u0131 pi\u015fmanl\u0131\u011f\u0131 ifade ederken, af karar\u0131ndan faydalanma ve normal ya\u015famlar\u0131na d\u00f6nme isteklerini dile getirdiler.<\/p>\n<p>M.M.<\/p>\n","protected":false},"excerpt":{"rendered":"<p>\u015eAM \u2013 \u015eam ve \u015eam k\u0131rsal\u0131n\u0131n muhtelif b\u00f6lgelerinden bug\u00fcn 98 kanun ka\u00e7a\u011f\u0131 silahlar\u0131yla birlikte g\u00fcvenlik kurumlar\u0131na teslim oldu. Ulusal uzla\u015fma \u00e7abalar\u0131 kapsam\u0131nda teslim olan kanun ka\u00e7aklar\u0131, vatana kar\u015f\u0131 ter\u00f6r saflar\u0131nda yer almaktan duyduklar\u0131 pi\u015fmanl\u0131\u011f\u0131 ifade ederken, af karar\u0131ndan faydalanma ve normal ya\u015famlar\u0131na d\u00f6nme isteklerini dile getirdiler. M.M.<\/p>\n","protected":false},"author":1,"featured_media":33578,"comment_status":"closed","ping_status":"closed","sticky":false,"template":"","format":"standard","meta":{"footnotes":""},"categories":[479,575,478],"tags":[14607],"class_list":["post-33577","post","type-post","status-publish","format-standard","has-post-thumbnail","","category-haberler-yerel","category-olaylar-ve-gercekler","category-yerel","tag-98-kanun-kacagi-silahlariyla-teslim-oldu"],"_links":{"self":[{"href":"https:\/\/archive.sana.sy\/tr\/index.php?rest_route=\/wp\/v2\/posts\/33577","targetHints":{"allow":["GET"]}}],"collection":[{"href":"https:\/\/archive.sana.sy\/tr\/index.php?rest_route=\/wp\/v2\/posts"}],"about":[{"href":"https:\/\/archive.sana.sy\/tr\/index.php?rest_route=\/wp\/v2\/types\/post"}],"author":[{"embeddable":true,"href":"https:\/\/archive.sana.sy\/tr\/index.php?rest_route=\/wp\/v2\/users\/1"}],"replies":[{"embeddable":true,"href":"https:\/\/archive.sana.sy\/tr\/index.php?rest_route=%2Fwp%2Fv2%2Fcomments&post=33577"}],"version-history":[{"count":0,"href":"https:\/\/archive.sana.sy\/tr\/index.php?rest_route=\/wp\/v2\/posts\/33577\/revisions"}],"wp:featuredmedia":[{"embeddable":true,"href":"https:\/\/archive.sana.sy\/tr\/index.php?rest_route=\/wp\/v2\/media\/33578"}],"wp:attachment":[{"href":"https:\/\/archive.sana.sy\/tr\/index.php?rest_route=%2Fwp%2Fv2%2Fmedia&parent=33577"}],"wp:term":[{"taxonomy":"category","embeddable":true,"href":"https:\/\/archive.sana.sy\/tr\/index.php?rest_route=%2Fwp%2Fv2%2Fcategories&post=33577"},{"taxonomy":"post_tag","embeddable":true,"href":"https:\/\/archive.sana.sy\/tr\/index.php?rest_route=%2Fwp%2Fv2%2Ftags&post=33577"}],"curies":[{"name":"wp","href":"https:\/\/api.w.org\/{rel}","templated":true}]}}