{"id":33581,"date":"2015-05-16T21:12:52","date_gmt":"2015-05-16T18:12:52","guid":{"rendered":"http:\/\/sana.sy\/tr\/?p=33581"},"modified":"2015-05-16T21:12:52","modified_gmt":"2015-05-16T18:12:52","slug":"halaki-ulkede-yasanan-kosullarin-suiistimal-edilmesine-izin-vermeyecegiz","status":"publish","type":"post","link":"https:\/\/archive.sana.sy\/tr\/?p=33581","title":{"rendered":"Halaki: \u00dclkede Ya\u015fanan Ko\u015fullar\u0131n Suiistimal Edilmesine \u0130zin Vermeyece\u011fiz"},"content":{"rendered":"<p>\u015eAM \u2013 Ba\u015fbakan Vail el Halaki, H\u00fck\u00fcmetin, kriz t\u00fcccarlar\u0131na \u00fclkede ya\u015fanmakta olan zor ko\u015fullar\u0131 suiistimal ederek t\u00fcketim ve erzak \u00fcr\u00fcnlerini vatanda\u015flara pahal\u0131ya satmalar\u0131na izin vermeyece\u011fini ifade etti.<\/p>\n<p>Halaki bug\u00fcn piyasalardaki mallar\u0131n fiyatlar\u0131n\u0131n denetlenmesi ve pozitif m\u00fcdahale kurumlar\u0131n\u0131n rollerini aktifle\u015ftirmeye ili\u015fkin d\u00fczenledi\u011fi toplant\u0131da, fiyatlar\u0131n denetlenmesi, t\u00fcketicinin korunmas\u0131 ve yolsuzlukla m\u00fccadelenin \u00f6nemini vurgulad\u0131.<\/p>\n<p>Ramazan ay\u0131n\u0131n yakla\u015fmas\u0131 m\u00fcnasebetiyle piyasalarda uygun fiyat ve kaliteli \u00fcr\u00fcn pazarlama \u00e7a\u011fr\u0131s\u0131nda bulunan Halaki, \u0130\u00e7 Ticaret ve T\u00fcketiciyi Koruma Bakanl\u0131\u011f\u0131ndan piyasa ve fiyatlarla ilgili denetim devriyelerini artt\u0131rmas\u0131 talebinde bulundu.<\/p>\n<p>\u0130\u00e7 Ticaret ve T\u00fcketiciyi Koruma Bakan\u0131 Hassan Macid Safiye, fiyatlar\u0131n rastgele y\u00fckselmesinin \u00f6nlenmesi ile ilgili al\u0131nan icraatlar hakk\u0131nda bilgi vererek t\u00fcketicilerin b\u00fct\u00fcn ihtiya\u00e7lar\u0131n\u0131 kar\u015f\u0131layacak \u00fcr\u00fcnlerin piyasada temin edilmesine verilen \u00f6nemi vurgulad\u0131.<\/p>\n<p>F.B. &#8211; M.M.<\/p>\n","protected":false},"excerpt":{"rendered":"<p>\u015eAM \u2013 Ba\u015fbakan Vail el Halaki, H\u00fck\u00fcmetin, kriz t\u00fcccarlar\u0131na \u00fclkede ya\u015fanmakta olan zor ko\u015fullar\u0131 suiistimal ederek t\u00fcketim ve erzak \u00fcr\u00fcnlerini vatanda\u015flara pahal\u0131ya satmalar\u0131na izin vermeyece\u011fini ifade etti. Halaki bug\u00fcn piyasalardaki mallar\u0131n fiyatlar\u0131n\u0131n denetlenmesi ve pozitif m\u00fcdahale kurumlar\u0131n\u0131n rollerini aktifle\u015ftirmeye ili\u015fkin d\u00fczenledi\u011fi toplant\u0131da, fiyatlar\u0131n denetlenmesi, t\u00fcketicinin korunmas\u0131 ve yolsuzlukla m\u00fccadelenin \u00f6nemini vurgulad\u0131. Ramazan ay\u0131n\u0131n yakla\u015fmas\u0131 m\u00fcnasebetiyle &hellip;<\/p>\n","protected":false},"author":1,"featured_media":33582,"comment_status":"closed","ping_status":"closed","sticky":false,"template":"","format":"standard","meta":{"footnotes":""},"categories":[479,478],"tags":[14608],"class_list":["post-33581","post","type-post","status-publish","format-standard","has-post-thumbnail","","category-haberler-yerel","category-yerel","tag-halaki-ulkede-yasanan-kosullarin-suiistimal-edilmesine-izin-vermeyecegiz"],"_links":{"self":[{"href":"https:\/\/archive.sana.sy\/tr\/index.php?rest_route=\/wp\/v2\/posts\/33581","targetHints":{"allow":["GET"]}}],"collection":[{"href":"https:\/\/archive.sana.sy\/tr\/index.php?rest_route=\/wp\/v2\/posts"}],"about":[{"href":"https:\/\/archive.sana.sy\/tr\/index.php?rest_route=\/wp\/v2\/types\/post"}],"author":[{"embeddable":true,"href":"https:\/\/archive.sana.sy\/tr\/index.php?rest_route=\/wp\/v2\/users\/1"}],"replies":[{"embeddable":true,"href":"https:\/\/archive.sana.sy\/tr\/index.php?rest_route=%2Fwp%2Fv2%2Fcomments&post=33581"}],"version-history":[{"count":0,"href":"https:\/\/archive.sana.sy\/tr\/index.php?rest_route=\/wp\/v2\/posts\/33581\/revisions"}],"wp:featuredmedia":[{"embeddable":true,"href":"https:\/\/archive.sana.sy\/tr\/index.php?rest_route=\/wp\/v2\/media\/33582"}],"wp:attachment":[{"href":"https:\/\/archive.sana.sy\/tr\/index.php?rest_route=%2Fwp%2Fv2%2Fmedia&parent=33581"}],"wp:term":[{"taxonomy":"category","embeddable":true,"href":"https:\/\/archive.sana.sy\/tr\/index.php?rest_route=%2Fwp%2Fv2%2Fcategories&post=33581"},{"taxonomy":"post_tag","embeddable":true,"href":"https:\/\/archive.sana.sy\/tr\/index.php?rest_route=%2Fwp%2Fv2%2Ftags&post=33581"}],"curies":[{"name":"wp","href":"https:\/\/api.w.org\/{rel}","templated":true}]}}