{"id":3362,"date":"2014-06-18T14:05:37","date_gmt":"2014-06-18T11:05:37","guid":{"rendered":"http:\/\/sanasyria.org\/tr\/?p=3362"},"modified":"2014-06-19T11:58:13","modified_gmt":"2014-06-19T08:58:13","slug":"yong-halkin-el-esada-duydugu-baglilik-dusmanlara-buyuk-bir-darbe-oldu","status":"publish","type":"post","link":"https:\/\/archive.sana.sy\/tr\/?p=3362","title":{"rendered":"Yong: Halk\u0131n el Esad\u2019a Duydu\u011fu Ba\u011fl\u0131l\u0131k D\u00fc\u015fmanlara B\u00fcy\u00fck Bir Darbe Oldu"},"content":{"rendered":"<p><span style=\"color: #800000\">\u015eAM \u2013<\/span> Kore Demokratik Halk Cumhuriyeti D\u0131\u015fi\u015fleri Bakan\u0131 Ri Soo Yong; Suriye ve Demokratik Kore halklar\u0131 aras\u0131ndaki ili\u015fkinin silah arkada\u015fl\u0131\u011f\u0131 ve m\u00fccadele ortakl\u0131\u011f\u0131na dayand\u0131\u011f\u0131n\u0131 ifade etti.<\/p>\n<p>D\u00fcn Cdeyde Yabus S\u0131n\u0131r kap\u0131s\u0131nda D\u0131\u015fi\u015fleri ve Gurbet\u00e7iler Bakan\u0131 Yard\u0131mc\u0131s\u0131 Faysal Mikdat taraf\u0131ndan kar\u015f\u0131lanan Yong\u2019un ilk c\u00fcmleleri \u201cSuriye halk\u0131 evlatlar\u0131n\u0131n d\u00fcnyada az bulunan direni\u015f\u00e7ilerdir \u00e7\u00fcnk\u00fc \u00fclkelerini ve vatanlar\u0131n\u0131 kahramanl\u0131kla ve cesaretle savunuyorlar\u2026\u201d \u015feklinde oldu.<\/p>\n<p>Bat\u0131l\u0131 devletlerin Suriye\u2019ye kar\u015f\u0131 komplocu tutumlar\u0131n\u0131 s\u00fcrd\u00fcrd\u00fcklerine de\u011finen Yong; tarihin, zulme kar\u015f\u0131 m\u00fccadelede adaletin mutlak zaferine i\u015faret etti\u011fini vurgulad\u0131.<\/p>\n<p>Kore Halk\u0131 Ba\u015fkan\u0131 Kim Jong Un\u2019un Suriye\u2019ye mutlaka bir ziyaret d\u00fczenlenmesi gerekti\u011fi y\u00f6nlendirmesinde bulunmas\u0131na istinaden Suriye\u2019de bulundu\u011funa de\u011finen Yong; Cumhurba\u015fkan\u0131 Be\u015f\u015far el Esad\u2019\u0131n cumhurba\u015fkanl\u0131\u011f\u0131 se\u00e7imlerini kazanmas\u0131n\u0131 kutlamaktan dolay\u0131 b\u00fcy\u00fck mutluluk duydu\u011funu beyan etti.<\/p>\n<p>Yong; el Esad\u2019\u0131n cumhurba\u015fkanl\u0131\u011f\u0131 se\u00e7imlerini kazanmas\u0131n\u0131n ya\u015fanan zor ko\u015fullara ra\u011fmen halk\u0131n kendisine g\u00fcvendi\u011finin en net ifadesi oldu\u011funu vurgulad\u0131.<\/p>\n<p>\u00d6te yandan D\u0131\u015fi\u015fleri ve Gurbet\u00e7iler Bakan\u0131 Yard\u0131mc\u0131s\u0131 Mikdat; iki \u00fclke ve halk\u0131n emperyalizme kar\u015f\u0131 m\u00fccadelede m\u00fcttefik olduklar\u0131na i\u015faret ederek Demokratik Kore halk\u0131n\u0131n tarihi boyunca komplolara kar\u015f\u0131 direni\u015finin memnuniyet ve ilham verici olu\u011funun alt\u0131n\u0131 \u00e7izdi.<\/p>\n<p>\u015eam\u2019da Sheraton Otelindeki ikamet yerine ula\u015fan Yang burada yapt\u0131\u011f\u0131 a\u00e7\u0131klamada; Suriye halk\u0131n\u0131n Cumhurba\u015fkan\u0131 el Esad\u2019a duydu\u011fu g\u00fcven ve ba\u011fl\u0131l\u0131\u011f\u0131n iki \u00fclkenin d\u00fc\u015fmanlar\u0131na ciddi bir darbe indirmi\u015f oldu\u011funu ifade etti.<\/p>\n<p><a href=\"http:\/\/sanasyria.org\/tr\/wp-content\/uploads\/2014\/06\/kore-d\u0131\u015fi\u015fleri-bakan\u0131-2.jpg\"><img loading=\"lazy\" decoding=\"async\" class=\"aligncenter wp-image-3366 size-full\" src=\"http:\/\/sanasyria.org\/tr\/wp-content\/uploads\/2014\/06\/kore-d\u0131\u015fi\u015fleri-bakan\u0131-2.jpg\" alt=\"kore d\u0131\u015fi\u015fleri bakan\u0131 2\" width=\"620\" height=\"330\" srcset=\"https:\/\/archive.sana.sy\/tr\/wp-content\/uploads\/2014\/06\/kore-d\u0131\u015fi\u015fleri-bakan\u0131-2.jpg 620w, https:\/\/archive.sana.sy\/tr\/wp-content\/uploads\/2014\/06\/kore-d\u0131\u015fi\u015fleri-bakan\u0131-2-150x79.jpg 150w, https:\/\/archive.sana.sy\/tr\/wp-content\/uploads\/2014\/06\/kore-d\u0131\u015fi\u015fleri-bakan\u0131-2-300x160.jpg 300w\" sizes=\"auto, (max-width: 620px) 100vw, 620px\" \/><\/a><\/p>\n","protected":false},"excerpt":{"rendered":"<p>\u015eAM \u2013 Kore Demokratik Halk Cumhuriyeti D\u0131\u015fi\u015fleri Bakan\u0131 Ri Soo Yong; Suriye ve Demokratik Kore halklar\u0131 aras\u0131ndaki ili\u015fkinin silah arkada\u015fl\u0131\u011f\u0131 ve m\u00fccadele ortakl\u0131\u011f\u0131na dayand\u0131\u011f\u0131n\u0131 ifade etti. D\u00fcn Cdeyde Yabus S\u0131n\u0131r kap\u0131s\u0131nda D\u0131\u015fi\u015fleri ve Gurbet\u00e7iler Bakan\u0131 Yard\u0131mc\u0131s\u0131 Faysal Mikdat taraf\u0131ndan kar\u015f\u0131lanan Yong\u2019un ilk c\u00fcmleleri \u201cSuriye halk\u0131 evlatlar\u0131n\u0131n d\u00fcnyada az bulunan direni\u015f\u00e7ilerdir \u00e7\u00fcnk\u00fc \u00fclkelerini ve vatanlar\u0131n\u0131 kahramanl\u0131kla &hellip;<\/p>\n","protected":false},"author":1,"featured_media":3364,"comment_status":"closed","ping_status":"closed","sticky":false,"template":"","format":"standard","meta":{"footnotes":""},"categories":[479,447,478],"tags":[737],"class_list":["post-3362","post","type-post","status-publish","format-standard","has-post-thumbnail","","category-haberler-yerel","category-politika","category-yerel","tag-yong-halkin-el-esada-duydugu-baglilik-dusmanlara-buyuk-bir-darbe-oldu"],"_links":{"self":[{"href":"https:\/\/archive.sana.sy\/tr\/index.php?rest_route=\/wp\/v2\/posts\/3362","targetHints":{"allow":["GET"]}}],"collection":[{"href":"https:\/\/archive.sana.sy\/tr\/index.php?rest_route=\/wp\/v2\/posts"}],"about":[{"href":"https:\/\/archive.sana.sy\/tr\/index.php?rest_route=\/wp\/v2\/types\/post"}],"author":[{"embeddable":true,"href":"https:\/\/archive.sana.sy\/tr\/index.php?rest_route=\/wp\/v2\/users\/1"}],"replies":[{"embeddable":true,"href":"https:\/\/archive.sana.sy\/tr\/index.php?rest_route=%2Fwp%2Fv2%2Fcomments&post=3362"}],"version-history":[{"count":0,"href":"https:\/\/archive.sana.sy\/tr\/index.php?rest_route=\/wp\/v2\/posts\/3362\/revisions"}],"wp:featuredmedia":[{"embeddable":true,"href":"https:\/\/archive.sana.sy\/tr\/index.php?rest_route=\/wp\/v2\/media\/3364"}],"wp:attachment":[{"href":"https:\/\/archive.sana.sy\/tr\/index.php?rest_route=%2Fwp%2Fv2%2Fmedia&parent=3362"}],"wp:term":[{"taxonomy":"category","embeddable":true,"href":"https:\/\/archive.sana.sy\/tr\/index.php?rest_route=%2Fwp%2Fv2%2Fcategories&post=3362"},{"taxonomy":"post_tag","embeddable":true,"href":"https:\/\/archive.sana.sy\/tr\/index.php?rest_route=%2Fwp%2Fv2%2Ftags&post=3362"}],"curies":[{"name":"wp","href":"https:\/\/api.w.org\/{rel}","templated":true}]}}