{"id":3372,"date":"2014-06-18T15:11:54","date_gmt":"2014-06-18T12:11:54","guid":{"rendered":"http:\/\/sanasyria.org\/tr\/?p=3372"},"modified":"2014-06-18T15:12:22","modified_gmt":"2014-06-18T12:12:22","slug":"iki-ulke-ve-halklari-ayni-safta-mucadele-ediyor","status":"publish","type":"post","link":"https:\/\/archive.sana.sy\/tr\/?p=3372","title":{"rendered":"\u0130ki \u00dclke ve Halklar\u0131 Ayn\u0131 Safta M\u00fccadele Ediyor"},"content":{"rendered":"<p><span style=\"color: #800000\">\u015eAM \u2013<\/span> Ba\u015fbakan vail el Halaki Suriye ve Demokratik Kore\u2019nin d\u00fcnya despotlu\u011fu, emperyalizmi, Siyonizm ve ABD\u2019ye kar\u015f\u0131 m\u00fccadelede ayn\u0131 safta yer ald\u0131klar\u0131na dikkat \u00e7ekti.<\/p>\n<p>Demokratik Kore D\u0131\u015fi\u015fleri Bakan\u0131 Ri Su Yong ile bug\u00fcn bir araya gelen Halaki; d\u00fcnya despot ve emperyalist g\u00fc\u00e7lerin halklar\u0131n hak ve egemenliklerini gasp ettiklerini, olanak ve zenginliklerine el koymaya \u00e7al\u0131\u015ft\u0131klar\u0131n\u0131, g\u00fcvenlik ve istikrarlar\u0131n\u0131 sabote ettiklerini, ba\u011f\u0131ms\u0131z ve egemen devletlerin i\u00e7i\u015flerine m\u00fcdahale ettiklerini ve bu devletlerde ter\u00f6r\u00fc yayd\u0131klar\u0131na dikkat \u00e7ekti.<\/p>\n<p>Halaki Suriye ve Demokratik Kore halklar\u0131n\u0131n m\u00fccadeleci \u00f6zellikleriyle birlikte bir\u00e7ok konuda kendilerine yeterlili\u011fe \u00e7aba harcamalar\u0131n\u0131n ABD ve m\u00fcttefiklerinin planlar\u0131n\u0131 frenlemeye yol a\u00e7t\u0131\u011f\u0131n\u0131 s\u00f6yledi.<\/p>\n<p>Demokratik Kore D\u0131\u015fi\u015fleri Bakan\u0131 g\u00f6r\u00fc\u015fmede h\u00fck\u00fcmetinin Suriye ile muhtelif alanlarda i\u015fbirli\u011fi ve ortak \u00e7al\u0131\u015fmalar\u0131 geni\u015fletme ve derinle\u015ftirme \u00f6zen ve arzusunu ifade etti.<\/p>\n<p><a href=\"http:\/\/sanasyria.org\/tr\/wp-content\/uploads\/2014\/06\/halaki-2.jpg\"><img loading=\"lazy\" decoding=\"async\" class=\"aligncenter wp-image-3374 size-full\" src=\"http:\/\/sanasyria.org\/tr\/wp-content\/uploads\/2014\/06\/halaki-2.jpg\" alt=\"halaki 2\" width=\"620\" height=\"330\" srcset=\"https:\/\/archive.sana.sy\/tr\/wp-content\/uploads\/2014\/06\/halaki-2.jpg 620w, https:\/\/archive.sana.sy\/tr\/wp-content\/uploads\/2014\/06\/halaki-2-150x79.jpg 150w, https:\/\/archive.sana.sy\/tr\/wp-content\/uploads\/2014\/06\/halaki-2-300x160.jpg 300w\" sizes=\"auto, (max-width: 620px) 100vw, 620px\" \/><\/a><\/p>\n","protected":false},"excerpt":{"rendered":"<p>\u015eAM \u2013 Ba\u015fbakan vail el Halaki Suriye ve Demokratik Kore\u2019nin d\u00fcnya despotlu\u011fu, emperyalizmi, Siyonizm ve ABD\u2019ye kar\u015f\u0131 m\u00fccadelede ayn\u0131 safta yer ald\u0131klar\u0131na dikkat \u00e7ekti. Demokratik Kore D\u0131\u015fi\u015fleri Bakan\u0131 Ri Su Yong ile bug\u00fcn bir araya gelen Halaki; d\u00fcnya despot ve emperyalist g\u00fc\u00e7lerin halklar\u0131n hak ve egemenliklerini gasp ettiklerini, olanak ve zenginliklerine el koymaya \u00e7al\u0131\u015ft\u0131klar\u0131n\u0131, g\u00fcvenlik &hellip;<\/p>\n","protected":false},"author":1,"featured_media":3373,"comment_status":"closed","ping_status":"closed","sticky":false,"template":"","format":"standard","meta":{"footnotes":""},"categories":[479,447,478],"tags":[738],"class_list":["post-3372","post","type-post","status-publish","format-standard","has-post-thumbnail","","category-haberler-yerel","category-politika","category-yerel","tag-iki-ulke-ve-halklari-ayni-safta-mucadele-ediyor"],"_links":{"self":[{"href":"https:\/\/archive.sana.sy\/tr\/index.php?rest_route=\/wp\/v2\/posts\/3372","targetHints":{"allow":["GET"]}}],"collection":[{"href":"https:\/\/archive.sana.sy\/tr\/index.php?rest_route=\/wp\/v2\/posts"}],"about":[{"href":"https:\/\/archive.sana.sy\/tr\/index.php?rest_route=\/wp\/v2\/types\/post"}],"author":[{"embeddable":true,"href":"https:\/\/archive.sana.sy\/tr\/index.php?rest_route=\/wp\/v2\/users\/1"}],"replies":[{"embeddable":true,"href":"https:\/\/archive.sana.sy\/tr\/index.php?rest_route=%2Fwp%2Fv2%2Fcomments&post=3372"}],"version-history":[{"count":0,"href":"https:\/\/archive.sana.sy\/tr\/index.php?rest_route=\/wp\/v2\/posts\/3372\/revisions"}],"wp:featuredmedia":[{"embeddable":true,"href":"https:\/\/archive.sana.sy\/tr\/index.php?rest_route=\/wp\/v2\/media\/3373"}],"wp:attachment":[{"href":"https:\/\/archive.sana.sy\/tr\/index.php?rest_route=%2Fwp%2Fv2%2Fmedia&parent=3372"}],"wp:term":[{"taxonomy":"category","embeddable":true,"href":"https:\/\/archive.sana.sy\/tr\/index.php?rest_route=%2Fwp%2Fv2%2Fcategories&post=3372"},{"taxonomy":"post_tag","embeddable":true,"href":"https:\/\/archive.sana.sy\/tr\/index.php?rest_route=%2Fwp%2Fv2%2Ftags&post=3372"}],"curies":[{"name":"wp","href":"https:\/\/api.w.org\/{rel}","templated":true}]}}