{"id":33737,"date":"2015-05-18T11:05:21","date_gmt":"2015-05-18T08:05:21","guid":{"rendered":"http:\/\/www.sana.sy\/tr\/?p=33737"},"modified":"2015-05-18T11:05:21","modified_gmt":"2015-05-18T08:05:21","slug":"al-suud-savas-ucaklari-insani-ateskesin-bitmesinden-1-saat-sonra-adeni-vurdu","status":"publish","type":"post","link":"https:\/\/archive.sana.sy\/tr\/?p=33737","title":{"rendered":"Al Suud Sava\u015f U\u00e7aklar\u0131 \u0130nsani Ate\u015fkesin Bitmesinden 1 Saat Sonra Aden\u2019i Vurdu"},"content":{"rendered":"<p>SANAA \u2013 Al Suud rejimine ba\u011fl\u0131 sava\u015f u\u00e7aklar\u0131 d\u00fcn gece Yemen\u2019e dayat\u0131lan insani ate\u015fkesin bitmesinden 1 saat sonra Aden Kentine 2 bombard\u0131man d\u00fczenledi.<\/p>\n<p>AFP Yemenli askeri kaynaklar ve g\u00f6rg\u00fc tan\u0131klar\u0131ndan naklen, bir bombard\u0131man\u0131n Aden\u2019deki Ba\u015fkanl\u0131k Saray\u0131n\u0131 ikincisinin ise Yemen Ordu kuvvetlerine ait bir \u00fcss\u00fc hedef ald\u0131\u011f\u0131n\u0131 belirtti.<\/p>\n<p>Yemenli askeri kaynaklar daha \u00f6nce de Suudi, Hadi milisleri ve Kaide ter\u00f6r \u00f6rg\u00fct\u00fc elemanlar\u0131 ihlallerinin, ge\u00e7en Sal\u0131 g\u00fcn\u00fcnden ilan edilen insani ate\u015fkes s\u00fcresince 269\u2019a vard\u0131\u011f\u0131n\u0131 s\u00f6ylemi\u015f, ihlallerin u\u00e7ak ve tanklar\u0131n \u00f6zellikle Saada, Aden, Hicce, \u015eubva, Lahc, Dali\u2019, Me\u2019reb, Te\u2019iz ve Covf olmak \u00fczere sivil yerle\u015fim alanlar\u0131n\u0131 bombard\u0131mana tuttuklar\u0131n\u0131 ifade etmi\u015fti.<\/p>\n<p>Suudi Arabistan\u2019\u0131n 26 Mart\u2019ta ba\u015flayan Yemen\u2019e y\u00f6nelik sald\u0131r\u0131lar\u0131 sonucunda muhtelif alt yap\u0131lar\u0131n y\u0131k\u0131m\u0131 yan\u0131 s\u0131ra binlerce ki\u015finin \u015fehit ve yaral\u0131 d\u00fc\u015fmesine yol a\u00e7t\u0131\u011f\u0131na i\u015faret ediliyor.<\/p>\n<p>S.\u015e. &#8211; R.H.<\/p>\n","protected":false},"excerpt":{"rendered":"<p>SANAA \u2013 Al Suud rejimine ba\u011fl\u0131 sava\u015f u\u00e7aklar\u0131 d\u00fcn gece Yemen\u2019e dayat\u0131lan insani ate\u015fkesin bitmesinden 1 saat sonra Aden Kentine 2 bombard\u0131man d\u00fczenledi. AFP Yemenli askeri kaynaklar ve g\u00f6rg\u00fc tan\u0131klar\u0131ndan naklen, bir bombard\u0131man\u0131n Aden\u2019deki Ba\u015fkanl\u0131k Saray\u0131n\u0131 ikincisinin ise Yemen Ordu kuvvetlerine ait bir \u00fcss\u00fc hedef ald\u0131\u011f\u0131n\u0131 belirtti. Yemenli askeri kaynaklar daha \u00f6nce de Suudi, Hadi &hellip;<\/p>\n","protected":false},"author":1,"featured_media":33738,"comment_status":"closed","ping_status":"closed","sticky":false,"template":"","format":"standard","meta":{"footnotes":""},"categories":[458,459,447],"tags":[],"class_list":["post-33737","post","type-post","status-publish","format-standard","has-post-thumbnail","","category-dunya1","category-haberler-arap-uluslararasi-politika","category-politika"],"_links":{"self":[{"href":"https:\/\/archive.sana.sy\/tr\/index.php?rest_route=\/wp\/v2\/posts\/33737","targetHints":{"allow":["GET"]}}],"collection":[{"href":"https:\/\/archive.sana.sy\/tr\/index.php?rest_route=\/wp\/v2\/posts"}],"about":[{"href":"https:\/\/archive.sana.sy\/tr\/index.php?rest_route=\/wp\/v2\/types\/post"}],"author":[{"embeddable":true,"href":"https:\/\/archive.sana.sy\/tr\/index.php?rest_route=\/wp\/v2\/users\/1"}],"replies":[{"embeddable":true,"href":"https:\/\/archive.sana.sy\/tr\/index.php?rest_route=%2Fwp%2Fv2%2Fcomments&post=33737"}],"version-history":[{"count":0,"href":"https:\/\/archive.sana.sy\/tr\/index.php?rest_route=\/wp\/v2\/posts\/33737\/revisions"}],"wp:featuredmedia":[{"embeddable":true,"href":"https:\/\/archive.sana.sy\/tr\/index.php?rest_route=\/wp\/v2\/media\/33738"}],"wp:attachment":[{"href":"https:\/\/archive.sana.sy\/tr\/index.php?rest_route=%2Fwp%2Fv2%2Fmedia&parent=33737"}],"wp:term":[{"taxonomy":"category","embeddable":true,"href":"https:\/\/archive.sana.sy\/tr\/index.php?rest_route=%2Fwp%2Fv2%2Fcategories&post=33737"},{"taxonomy":"post_tag","embeddable":true,"href":"https:\/\/archive.sana.sy\/tr\/index.php?rest_route=%2Fwp%2Fv2%2Ftags&post=33737"}],"curies":[{"name":"wp","href":"https:\/\/api.w.org\/{rel}","templated":true}]}}