{"id":33740,"date":"2015-05-18T11:19:34","date_gmt":"2015-05-18T08:19:34","guid":{"rendered":"http:\/\/www.sana.sy\/tr\/?p=33740"},"modified":"2015-05-18T11:19:34","modified_gmt":"2015-05-18T08:19:34","slug":"basil-terorist-cemaatler-israil-ile-baskalarini-kabul-etmeme-de-birlesiyor","status":"publish","type":"post","link":"https:\/\/archive.sana.sy\/tr\/?p=33740","title":{"rendered":"Basil: Ter\u00f6rist Cemaatler \u0130srail \u0130le Ba\u015fkalar\u0131n\u0131 Kabul Etmeme de Birle\u015fiyor"},"content":{"rendered":"<p>BEYRUT \u2013 L\u00fcbnan D\u0131\u015fi\u015fleri ve Gurbet\u00e7iler Bakan\u0131 Cubran Basil, tekfiri ter\u00f6rist \u00f6rg\u00fctlerin L\u00fcbnan\u2019a komploda \u201c\u0130srail\u201d ile g\u00f6r\u00fc\u015ft\u00fcklerini belirterek, ter\u00f6rist \u00f6rg\u00fctleri \u201c\u0130srail\u201d ile bir araya getirenin, ba\u015fkalar\u0131n\u0131 kabul etmeme, insan\u0131 ve varl\u0131\u011f\u0131n\u0131 tan\u0131mama, uygarl\u0131klar ve k\u00fclt\u00fcrleri silmekle temsil olundu\u011funa dikkat \u00e7ekti.<\/p>\n<p>Basil d\u00fcn Ra\u015feyya el Fahhar Beldesinde yapt\u0131\u011f\u0131 konu\u015fmada, b\u00f6lgenin tekfiri ter\u00f6rist \u00f6rg\u00fctlerle \u00e7at\u0131\u015fmalara tan\u0131k oldu\u011fu gibi, s\u00f6z konusu cemaatlerin \u0130srail ile de g\u00f6r\u00fc\u015fmelerine tan\u0131k oldu\u011funu, \u0130srail\u2019in i\u015fgal edilen topraklarla s\u0131n\u0131rdaki Nusra Cephesi ter\u00f6ristleriyle m\u00fccadelede hareketlenmemesinin bu yak\u0131nla\u015fman\u0131n delilini olu\u015fturdu\u011funu s\u00f6yledi.<\/p>\n<p>L\u00fcbnan devletini s\u00f6z konusu tekfiri \u00f6rg\u00fctlerle m\u00fccadelede yumu\u015fak davranmas\u0131n\u0131 ele\u015ftirerek, bu cemaatlerin Ersal\u2019deki Suriyeli g\u00f6\u00e7 ettirilmi\u015flerin kamplar\u0131n\u0131 istismar ettiklerini ve L\u00fcbnan\u2019\u0131n do\u011fusundaki Ersal\u2019de konu\u015flanmalar\u0131na sebebiyet verdi\u011fini ifade etti.<\/p>\n<p>S.\u015e. &#8211; R.H.<\/p>\n","protected":false},"excerpt":{"rendered":"<p>BEYRUT \u2013 L\u00fcbnan D\u0131\u015fi\u015fleri ve Gurbet\u00e7iler Bakan\u0131 Cubran Basil, tekfiri ter\u00f6rist \u00f6rg\u00fctlerin L\u00fcbnan\u2019a komploda \u201c\u0130srail\u201d ile g\u00f6r\u00fc\u015ft\u00fcklerini belirterek, ter\u00f6rist \u00f6rg\u00fctleri \u201c\u0130srail\u201d ile bir araya getirenin, ba\u015fkalar\u0131n\u0131 kabul etmeme, insan\u0131 ve varl\u0131\u011f\u0131n\u0131 tan\u0131mama, uygarl\u0131klar ve k\u00fclt\u00fcrleri silmekle temsil olundu\u011funa dikkat \u00e7ekti. Basil d\u00fcn Ra\u015feyya el Fahhar Beldesinde yapt\u0131\u011f\u0131 konu\u015fmada, b\u00f6lgenin tekfiri ter\u00f6rist \u00f6rg\u00fctlerle \u00e7at\u0131\u015fmalara tan\u0131k oldu\u011fu &hellip;<\/p>\n","protected":false},"author":1,"featured_media":33741,"comment_status":"closed","ping_status":"closed","sticky":false,"template":"","format":"standard","meta":{"footnotes":""},"categories":[458,459,447],"tags":[14628,14631,14632,14629,14630,14633],"class_list":["post-33740","post","type-post","status-publish","format-standard","has-post-thumbnail","","category-dunya1","category-haberler-arap-uluslararasi-politika","category-politika","tag-basil-terorist-cemaatler-israil-ile-baskalarini-kabul-etmeme-de-birlesiyor-beyrut-lubnan-disisleri-ve-gurbetciler-bakani-cubran-basil","tag-baskalarini-kabul-etmeme","tag-insani-ve-varligini-tanimama","tag-tekfiri-terorist-orgutlerin-lubnana-komploda-israil-ile-gorustuklerini-belirterek","tag-terorist-orgutleri-israil-ile-bir-araya-getirenin","tag-uygarliklar-ve-kulturleri-silmekle-temsil-olunduguna-dikkat-cekti"],"_links":{"self":[{"href":"https:\/\/archive.sana.sy\/tr\/index.php?rest_route=\/wp\/v2\/posts\/33740","targetHints":{"allow":["GET"]}}],"collection":[{"href":"https:\/\/archive.sana.sy\/tr\/index.php?rest_route=\/wp\/v2\/posts"}],"about":[{"href":"https:\/\/archive.sana.sy\/tr\/index.php?rest_route=\/wp\/v2\/types\/post"}],"author":[{"embeddable":true,"href":"https:\/\/archive.sana.sy\/tr\/index.php?rest_route=\/wp\/v2\/users\/1"}],"replies":[{"embeddable":true,"href":"https:\/\/archive.sana.sy\/tr\/index.php?rest_route=%2Fwp%2Fv2%2Fcomments&post=33740"}],"version-history":[{"count":0,"href":"https:\/\/archive.sana.sy\/tr\/index.php?rest_route=\/wp\/v2\/posts\/33740\/revisions"}],"wp:featuredmedia":[{"embeddable":true,"href":"https:\/\/archive.sana.sy\/tr\/index.php?rest_route=\/wp\/v2\/media\/33741"}],"wp:attachment":[{"href":"https:\/\/archive.sana.sy\/tr\/index.php?rest_route=%2Fwp%2Fv2%2Fmedia&parent=33740"}],"wp:term":[{"taxonomy":"category","embeddable":true,"href":"https:\/\/archive.sana.sy\/tr\/index.php?rest_route=%2Fwp%2Fv2%2Fcategories&post=33740"},{"taxonomy":"post_tag","embeddable":true,"href":"https:\/\/archive.sana.sy\/tr\/index.php?rest_route=%2Fwp%2Fv2%2Ftags&post=33740"}],"curies":[{"name":"wp","href":"https:\/\/api.w.org\/{rel}","templated":true}]}}