{"id":3376,"date":"2014-06-18T15:26:58","date_gmt":"2014-06-18T12:26:58","guid":{"rendered":"http:\/\/sanasyria.org\/tr\/?p=3376"},"modified":"2014-06-18T15:32:26","modified_gmt":"2014-06-18T12:32:26","slug":"halkin-yurtseverligi-ve-ordunun-kahramanligi-suriyeyi-korudu","status":"publish","type":"post","link":"https:\/\/archive.sana.sy\/tr\/?p=3376","title":{"rendered":"Halk\u0131n Yurtseverli\u011fi ve Ordunun Kahramanl\u0131\u011f\u0131 Suriye&#8217;yi Korudu"},"content":{"rendered":"<p><span style=\"color: #800000\">\u015eAM \u2013<\/span> Halk Meclisi Ba\u015fkan\u0131 Fehmi Hasan; d\u00fcnyan\u0131n muhtelif devletlerinde ya\u015fayan Suriyeli gurbet\u00e7ilerin anavatanlar\u0131n\u0131n gelece\u011fini yap\u0131land\u0131rma ve korunup kalk\u0131nmas\u0131na katk\u0131 sa\u011flama kararl\u0131l\u0131k ve azimetleriyle yurtseverliklerini kan\u0131tlad\u0131\u011f\u0131n\u0131 belirtti.<\/p>\n<p>Polonya, Macaristan ve \u00c7ek Cumhuriyetinden gurbet\u00e7iler heyeti ile bug\u00fcn bir araya gelen Hasan; Suriye&#8217;nin maruz kald\u0131\u011f\u0131 muhtelif y\u00f6nl\u00fc evrensel h\u0131r\u00e7\u0131n sald\u0131r\u0131 ve hamlelere kar\u015f\u0131 halk\u0131n\u0131n yurtseverli\u011fi ve ordusunun kahramanl\u0131\u011f\u0131 ile ba\u015far\u0131yla m\u00fccadele etmeyi ba\u015fard\u0131\u011f\u0131n\u0131 ifade etti.<\/p>\n<p>Gurbet\u00e7i heyet ba\u015fkan\u0131 Dr \u0130hsan Bereke Suriye&#8217;nin maruz kald\u0131\u011f\u0131 ko\u015fullar\u0131n bu ko\u015fullar ve yeni geli\u015fmelerle entegreli cesur kararlar gerektirdi\u011fine i\u015faret ederken, Halk Meclisinin son s\u00fcre\u00e7 i\u00e7inde bu y\u00f6nde bulundu\u011fu \u00f6nemli \u00e7al\u0131\u015fmalara dikkat \u00e7ekti.<\/p>\n<p>Bereke ulusal \u00e7\u0131karlara hizmet edecek t\u00fcm \u00e7aba ve olanaklardan faydalanman\u0131n \u00f6nemine vurgu yapt\u0131.<\/p>\n<p><a href=\"http:\/\/sanasyria.org\/tr\/wp-content\/uploads\/2014\/06\/gurbet\u00e7iler-21.jpg\"><img loading=\"lazy\" decoding=\"async\" class=\"aligncenter wp-image-3378 size-full\" src=\"http:\/\/sanasyria.org\/tr\/wp-content\/uploads\/2014\/06\/gurbet\u00e7iler-21.jpg\" alt=\"gurbet\u00e7iler 2\" width=\"620\" height=\"330\" srcset=\"https:\/\/archive.sana.sy\/tr\/wp-content\/uploads\/2014\/06\/gurbet\u00e7iler-21.jpg 620w, https:\/\/archive.sana.sy\/tr\/wp-content\/uploads\/2014\/06\/gurbet\u00e7iler-21-150x79.jpg 150w, https:\/\/archive.sana.sy\/tr\/wp-content\/uploads\/2014\/06\/gurbet\u00e7iler-21-300x160.jpg 300w\" sizes=\"auto, (max-width: 620px) 100vw, 620px\" \/><\/a><\/p>\n","protected":false},"excerpt":{"rendered":"<p>\u015eAM \u2013 Halk Meclisi Ba\u015fkan\u0131 Fehmi Hasan; d\u00fcnyan\u0131n muhtelif devletlerinde ya\u015fayan Suriyeli gurbet\u00e7ilerin anavatanlar\u0131n\u0131n gelece\u011fini yap\u0131land\u0131rma ve korunup kalk\u0131nmas\u0131na katk\u0131 sa\u011flama kararl\u0131l\u0131k ve azimetleriyle yurtseverliklerini kan\u0131tlad\u0131\u011f\u0131n\u0131 belirtti. Polonya, Macaristan ve \u00c7ek Cumhuriyetinden gurbet\u00e7iler heyeti ile bug\u00fcn bir araya gelen Hasan; Suriye&#8217;nin maruz kald\u0131\u011f\u0131 muhtelif y\u00f6nl\u00fc evrensel h\u0131r\u00e7\u0131n sald\u0131r\u0131 ve hamlelere kar\u015f\u0131 halk\u0131n\u0131n yurtseverli\u011fi ve ordusunun &hellip;<\/p>\n","protected":false},"author":1,"featured_media":3377,"comment_status":"closed","ping_status":"closed","sticky":false,"template":"","format":"standard","meta":{"footnotes":""},"categories":[479,478],"tags":[739],"class_list":["post-3376","post","type-post","status-publish","format-standard","has-post-thumbnail","","category-haberler-yerel","category-yerel","tag-halkin-yurtseverligi-ve-ordunun-kahramanligi-suriyeyi-korudu"],"_links":{"self":[{"href":"https:\/\/archive.sana.sy\/tr\/index.php?rest_route=\/wp\/v2\/posts\/3376","targetHints":{"allow":["GET"]}}],"collection":[{"href":"https:\/\/archive.sana.sy\/tr\/index.php?rest_route=\/wp\/v2\/posts"}],"about":[{"href":"https:\/\/archive.sana.sy\/tr\/index.php?rest_route=\/wp\/v2\/types\/post"}],"author":[{"embeddable":true,"href":"https:\/\/archive.sana.sy\/tr\/index.php?rest_route=\/wp\/v2\/users\/1"}],"replies":[{"embeddable":true,"href":"https:\/\/archive.sana.sy\/tr\/index.php?rest_route=%2Fwp%2Fv2%2Fcomments&post=3376"}],"version-history":[{"count":0,"href":"https:\/\/archive.sana.sy\/tr\/index.php?rest_route=\/wp\/v2\/posts\/3376\/revisions"}],"wp:featuredmedia":[{"embeddable":true,"href":"https:\/\/archive.sana.sy\/tr\/index.php?rest_route=\/wp\/v2\/media\/3377"}],"wp:attachment":[{"href":"https:\/\/archive.sana.sy\/tr\/index.php?rest_route=%2Fwp%2Fv2%2Fmedia&parent=3376"}],"wp:term":[{"taxonomy":"category","embeddable":true,"href":"https:\/\/archive.sana.sy\/tr\/index.php?rest_route=%2Fwp%2Fv2%2Fcategories&post=3376"},{"taxonomy":"post_tag","embeddable":true,"href":"https:\/\/archive.sana.sy\/tr\/index.php?rest_route=%2Fwp%2Fv2%2Ftags&post=3376"}],"curies":[{"name":"wp","href":"https:\/\/api.w.org\/{rel}","templated":true}]}}